{"id":453828,"date":"2025-10-11T00:56:16","date_gmt":"2025-10-11T00:56:16","guid":{"rendered":"https:\/\/www.europesays.com\/fr\/453828\/"},"modified":"2025-10-11T00:56:16","modified_gmt":"2025-10-11T00:56:16","slug":"a-aumale-les-habitants-doivent-trouver-un-nom-a-la-bibliotheque","status":"publish","type":"post","link":"https:\/\/www.europesays.com\/fr\/453828\/","title":{"rendered":"\u00e0 Aumale, les habitants doivent trouver un nom \u00e0 la biblioth\u00e8que"},"content":{"rendered":"<p>            Par<br \/>\n        <strong><br \/>\n            <a href=\"https:\/\/actu.fr\/auteur\/victorien-cosson-actu-fr\" title=\"Consulter tous les articles de Victorien Cosson\" rel=\"nofollow noopener\" target=\"_blank\">Victorien Cosson<\/a><br \/>\n        <\/strong><\/p>\n<p>        Publi\u00e9 le<\/p>\n<p>            10 oct. 2025 \u00e0 17h10        <\/p>\n<p>Elle va souffler ses bougies en <b>2026<\/b>. \u00c0 <a href=\"https:\/\/actu.fr\/normandie\/aumale_76035\" rel=\"nofollow noopener\" target=\"_blank\">Aumale<\/a> (<b>Seine-Maritime<\/b>), la <b>biblioth\u00e8que municipale<\/b> se pr\u00e9pare \u00e0 f\u00eater ses <b>25 ans<\/b>. Une date symbolique pour ce temple sacr\u00e9 des livres situ\u00e9 au 22 rue Claude Damois. \u00c0 cette occasion, elle se cherche un nom.<\/p>\n<p class=\" wall-content\">Une bo\u00eete a \u00e9t\u00e9 install\u00e9e dans la biblioth\u00e8que afin de recueillir les id\u00e9es des habitants. Les \u00e9lus \u00e9tudieront ensuite les propositions et celle retenue sera soumise \u00e0 la d\u00e9lib\u00e9ration du Conseil municipal. Alors, aux urnes !<\/p>\n<p>Le nom d\u2019un ancien maire ?<\/p>\n<p class=\" wall-content\">D\u2019apr\u00e8s la biblioth\u00e9caire Sylvie Belli\u00e8re, \u00ab quelques participations ont d\u00e9j\u00e0 \u00e9t\u00e9 comptabilis\u00e9es \u00bb. Dans les rues de la commune, les habitants rencontr\u00e9s se creusent la t\u00eate pour avoir une id\u00e9e. Pour certains, il faut rendre hommage \u00e0 des personnalit\u00e9s aumaloises. C\u2019est notamment le cas de Jacquie, habitant de la commune depuis 80 ans, qui pense \u00e0 Pierre-Marie Duhamel, maire de 1989 \u00e0 2008. \u00ab Pierre-Marie Duhamel, ce serait un bon nom pour un tel lieu. Sinon, je ne vois personne d\u2019autre \u00bb, affirme-t-il.<\/p>\n<p class=\" wall-content\">Dans une publication Facebook o\u00f9 nous vous avons demand\u00e9 votre avis, le nom de Pierre-Marie Duhamel est d\u2019ailleurs revenu avec insistance.<\/p>\n<p>    <a href=\"https:\/\/www.facebook.com\/plugins\/post.php?href=https%3A%2F%2Fwww.facebook.com%2FReveilNeufchatel%2Fposts%2Fpfbid05JeNEUGw86LjnNjBa26iCU3X3bthjCjP4JNU2XdYu2TyHJqo3zCUiTZR32RrjSHFl&amp;show_text=true&amp;width=350\" title=\"Ouvrie le lien\" rel=\"nofollow noopener\" target=\"_blank\">Cliquez ici pour visualiser le contenu<\/a><\/p>\n<p class=\" wall-content\">Un peu plus loin, Gis\u00e8le se rem\u00e9more le mandat d\u2019Edmond Guillemarre qui a dirig\u00e9 Aumale de la fin des ann\u00e9es 50 au d\u00e9but des ann\u00e9es 70. \u00ab Pourquoi pas lui ? Il a marqu\u00e9 la commune. La biblioth\u00e8que pourrait porter son nom \u00bb, r\u00e9fl\u00e9ch\u00eet-elle.<\/p>\n<p>Vid\u00e9os : en ce moment sur ActuShakespeare, Cervantes, Maupassant\u2026<\/p>\n<p class=\" wall-content\">D\u2019autres privil\u00e9gient des auteurs de renom de la litt\u00e9rature et pas uniquement la litt\u00e9rature fran\u00e7aise. Avec son accent sud-am\u00e9ricain, Lucia songe \u00e0 la <a href=\"https:\/\/actu.fr\/normandie\/aumale_76035\/bibliotheque-boudee-la-ville-daumale-veut-une-refonte-du-systeme_61041139.html\" rel=\"nofollow noopener\" target=\"_blank\">biblioth\u00e8que<\/a> Cervantes du nom du dramaturge espagnol \u00e0 qui l\u2019on doit notamment Don Quichotte. \u00c0 ses c\u00f4t\u00e9s, Olga, originaire d\u2019Angleterre, est d\u00e9j\u00e0 fix\u00e9e sur son id\u00e9e. \u00ab Pour moi, c\u2019est Shakespeare, \u00e7a am\u00e8nera un peu d\u2019Angleterre \u00e0 Aumale \u00bb, esp\u00e8re-t-elle.<\/p>\n<p>    <img   decoding=\"async\" loading=\"lazy\" class=\"size-large\" src=\"https:\/\/www.europesays.com\/fr\/wp-content\/uploads\/2025\/10\/962fdbf836e868a2fdbf836e86e2fdv-960x640.jpg\" alt=\"biblioth\u00e8que aumale\" width=\"960\" height=\"640\"\/><br \/>\n    Une bo\u00eete \u00e0 id\u00e9es a \u00e9t\u00e9 install\u00e9e \u00e0 la biblioth\u00e8que. \u00a9Le R\u00e9veil<\/p>\n<p>Votre r\u00e9gion, votre actu !<\/p>\n<p>Recevez chaque jour les infos qui comptent pour vous.<\/p>\n<p>\t<a href=\"https:\/\/actu.fr\/newsletter\" class=\"ac-btn ac-btn--corner ac-btn--medium ac-btn--blue800\" rel=\"nofollow noopener\" target=\"_blank\">S&rsquo;incrire<\/a><\/p>\n<p class=\" wall-content\">D\u2019apr\u00e8s Cl\u00e9mence, il ne peut y avoir qu\u2019un \u00e9crivain normand pour avoir l\u2019honneur de repr\u00e9senter la <a href=\"https:\/\/actu.fr\/normandie\/aumale_76035\/dans-cette-ville-de-seine-maritime-les-livres-sont-apportes-a-domicile_62501806.html\" rel=\"nofollow noopener\" target=\"_blank\">biblioth\u00e8que<\/a> de la commune. \u00ab Il y avait bien une <a href=\"https:\/\/actu.fr\/normandie\/aumale_76035\/nouveau-groupement-scolaire-aumale_17828330.html\" rel=\"nofollow noopener\" target=\"_blank\">\u00e9cole Maupassant<\/a> \u00e0 l\u2019\u00e9poque. Cela serait normal qu\u2019on ait une biblioth\u00e8que Guy de Maupassant \u00bb, indique-t-elle.<\/p>\n<p>Une r\u00e9f\u00e9rence au pass\u00e9 du b\u00e2timent<\/p>\n<p class=\" wall-content\">Il y a m\u00eame ceux qui ne veulent pas voir un nom propre mais plut\u00f4t quelques mots qui invitent \u00e0 la lecture. Jacquie, qui abonde d\u00e9cid\u00e9ment d\u2019id\u00e9es, se laisse tenter par \u00ab au bonheur de lire \u00bb.<\/p>\n<p class=\" wall-content\">Une id\u00e9e un peu similaire \u00e0 celle de Marie-Rose qui opte pour \u00ab le petit plaisir de lire \u00bb. Sur Facebook, un internaute a propos\u00e9 <b>\u00ab\u00a0\u2009La Malle \u00e0 Mots d\u2019Aumale\u2009\u00a0\u00bb<\/b>. D\u2019autres noms font r\u00e9f\u00e9rence au pass\u00e9 du b\u00e2timent qui abritait auparavant la Caisse d\u2019\u00c9pargne comme <b>\u00ab\u00a0\u2009L\u2019Arbre \u00e0 Livres des \u00c9cureuils\u2009\u00a0\u00bb<\/b> ou <b>\u00ab\u00a0\u2009La caisse \u00e0 livres des \u00e9cureuils\u2009\u00a0\u00bb<\/b>. Des suggestions qui sont pour le moins vari\u00e9es. Les participants ont jusqu\u2019au 30 novembre pour d\u00e9poser leurs id\u00e9es \u00e0 la biblioth\u00e8que.<\/p>\n<p class=\" wall-content\">Personnalisez votre actualit\u00e9 en ajoutant vos villes et m\u00e9dias en favori avec <a href=\"https:\/\/moncompte.actu.fr\" title=\"D\u00e9couvez Mon Actu\" rel=\"nofollow noopener\" data-trk=\"{&quot;cta&quot;:{&quot;action&quot;:&quot;https:\\\/\\\/moncompte.actu.fr&quot;,&quot;category&quot;:&quot;mon compte&quot;,&quot;from&quot;:&quot;article footer&quot;,&quot;name&quot;:&quot;Mon actu&quot;,&quot;type&quot;:&quot;cta&quot;}}\" target=\"_blank\">Mon Actu<\/a>.<\/p>\n","protected":false},"excerpt":{"rendered":"Par Victorien Cosson Publi\u00e9 le 10 oct. 2025 \u00e0 17h10 Elle va souffler ses bougies en 2026. \u00c0&hellip;\n","protected":false},"author":2,"featured_media":453829,"comment_status":"","ping_status":"","sticky":false,"template":"","format":"standard","meta":{"footnotes":""},"categories":[1357],"tags":[1379,58,59,1011,27,1380,104],"class_list":{"0":"post-453828","1":"post","2":"type-post","3":"status-publish","4":"format-standard","5":"has-post-thumbnail","7":"category-livres","8":"tag-books","9":"tag-divertissement","10":"tag-entertainment","11":"tag-fr","12":"tag-france","13":"tag-livres","14":"tag-societe"},"share_on_mastodon":{"url":"https:\/\/pubeurope.com\/@fr\/115352816443862495","error":""},"_links":{"self":[{"href":"https:\/\/www.europesays.com\/fr\/wp-json\/wp\/v2\/posts\/453828","targetHints":{"allow":["GET"]}}],"collection":[{"href":"https:\/\/www.europesays.com\/fr\/wp-json\/wp\/v2\/posts"}],"about":[{"href":"https:\/\/www.europesays.com\/fr\/wp-json\/wp\/v2\/types\/post"}],"author":[{"embeddable":true,"href":"https:\/\/www.europesays.com\/fr\/wp-json\/wp\/v2\/users\/2"}],"replies":[{"embeddable":true,"href":"https:\/\/www.europesays.com\/fr\/wp-json\/wp\/v2\/comments?post=453828"}],"version-history":[{"count":0,"href":"https:\/\/www.europesays.com\/fr\/wp-json\/wp\/v2\/posts\/453828\/revisions"}],"wp:featuredmedia":[{"embeddable":true,"href":"https:\/\/www.europesays.com\/fr\/wp-json\/wp\/v2\/media\/453829"}],"wp:attachment":[{"href":"https:\/\/www.europesays.com\/fr\/wp-json\/wp\/v2\/media?parent=453828"}],"wp:term":[{"taxonomy":"category","embeddable":true,"href":"https:\/\/www.europesays.com\/fr\/wp-json\/wp\/v2\/categories?post=453828"},{"taxonomy":"post_tag","embeddable":true,"href":"https:\/\/www.europesays.com\/fr\/wp-json\/wp\/v2\/tags?post=453828"}],"curies":[{"name":"wp","href":"https:\/\/api.w.org\/{rel}","templated":true}]}}