{"id":453830,"date":"2025-10-11T00:57:14","date_gmt":"2025-10-11T00:57:14","guid":{"rendered":"https:\/\/www.europesays.com\/fr\/453830\/"},"modified":"2025-10-11T00:57:14","modified_gmt":"2025-10-11T00:57:14","slug":"invites-antoine-de-caunes-estelle-denis-marguerite-en-replay-c-a-vous-la-suite-france-tv","status":"publish","type":"post","link":"https:\/\/www.europesays.com\/fr\/453830\/","title":{"rendered":"Invit\u00e9s : Antoine de Caunes, Estelle Denis, Marguerite en replay &#8211; C \u00e0 vous la suite &#8211; France TV"},"content":{"rendered":"<ol>\n<li><a href=\"https:\/\/news.google.com\/rss\/articles\/CBMirAFBVV95cUxOUGJ5ZDlFb08wdGZoZEtYd0dxNWp6cnlZZTdYVzlJbzFwTnZQS2NldVJKUzJvd2ZIdFcwU3cwZ3d5UHhhNF84Sk1SdFdrNHdJOGY0WW14enZMdnBSSmhrQzY3azQ5WTdyQlRIOUZqTFB4c2tleEprMkdGY0x2ak1BOGlSbE9HRThCODl5cENFTHFKQjR4WjVOb2JvZmpUUGRIRmxXRHd6MEhEdFJp?oc=5\" target=\"_blank\" rel=\"nofollow noopener\">Invit\u00e9s : Antoine de Caunes, Estelle Denis, Marguerite en replay &#8211; C \u00e0 vous la suite<\/a>&nbsp;&nbsp;France TV<\/li>\n<li><a href=\"https:\/\/news.google.com\/rss\/articles\/CBMioAFBVV95cUxQa0NxLTJMcUsxejM5Z1BJRDU3MXRQemlscFhlUTc2VFNoQlZHSmRqdlJtTExwWl9KVGZ0WEhGbEJ1QWo3elJ4N2ZSOTdiRUFiWENWWWx6OC1EY2djTjBpM3l0WDFDek5GQU1hQTJmNVkxSGh5ZVczdG5xQktfUVBvcTl1UkQzbDJsM3owN0hWWDNfRF9pZ2JMUzd6RHo5Q2Vr?oc=5\" target=\"_blank\" rel=\"nofollow noopener\">Invit\u00e9s : Sophie de Closets, Agn\u00e8s Chauveau, David Pujadas, Sonia Mabrouk, Alix Bouilhaguet en replay &#8211; C \u00e0 vous<\/a>&nbsp;&nbsp;France TV<\/li>\n<li><a href=\"https:\/\/news.google.com\/rss\/articles\/CBMimwFBVV95cUxQMlR2ZUJTTlJGcWZud19CNjlBT3NUT1d5Wk9KVVBjbmFyLWpraWJUQkFKNHBHV3RVem1wNDlmN2pvWGQ5Zi1qZ0tHblJnSXR3UWJkdkNJNVJaNVppcjBxUXFsMUtMYk1GeEtGNi03bmV6amZLVWxUX0FmS0NSMVM0SlFCdmJ2Ql9hQ0VJMGcyV3E3U05FekJNV0gxSQ?oc=5\" target=\"_blank\" rel=\"nofollow noopener\">Invit\u00e9s : Pierre Haski, Gallagher Fenwick, No\u00e9mie Schulz en replay &#8211; C \u00e0 vous<\/a>&nbsp;&nbsp;France TV<\/li>\n<li><a href=\"https:\/\/news.google.com\/rss\/articles\/CBMipwFBVV95cUxQTmsxQkZHQVFrRU9wSVdyMlZ6d1p1Z0VtMWZGcjFTdzVSOVY3UEpCRDhMcnhNdkU3Ny1rUEZSTnBVeE1Dd3lidnhfVVFITjRTbzdrcTdfdHVVNmRNQlRVWnNIUFlqeGNIa0MtQ2tieWt2QVlhNUdVQURrdlFVOVY5WEpOUDZDOFVqeWtSUmgwNlg1TGlxZTZPVDE2VGo5ZW5WQVJtVjdqOA?oc=5\" target=\"_blank\" rel=\"nofollow noopener\">Invit\u00e9es : Carole Bouquet, He\u00efdi Sevestre, Marine Leonardi en replay &#8211; C \u00e0 vous la suite<\/a>&nbsp;&nbsp;France TV<\/li>\n<li><a href=\"https:\/\/news.google.com\/rss\/articles\/CBMiqgFBVV95cUxPSWpzRXhLbWd1UFNYQXF2WE5VY3pRNEI5NjB4Rjd2WWNGZlI0cldpMzZNbFA1RU5qMTFEREdoRm5uYXBXQXdKMHVxVXNoVlNNUV9IU0wwRS1yTTgwSTRCaHVmZkkydndQc3dyTUMyT1BvaWpWYW9LY09KVzJVblF1Wk44Qm5OMEZmNWRqb0pLQ2VGQnc1YklpYWZPNkt2akFsUzhKNnpIVGxUUdIBrwFBVV95cUxPa2xRV3Z3a0RRcVJ4TkgtQjlhc0c2LTVlWm1vSkxCaHgxbUlOaTlHSlhnNzI4YmZmSzhVc1ZKaVJWZHRuSTdPSko2MmtzczY4Z2piMVR5Ukc1WGpkT3M4SFM3YnhsR3llVERiT1d4d3J4UTlpdVpWc0hxTVQxMzZsVm1ncXJrVzIybFpJM2FMa3lSY2ViQXRUM3Y2QkNjc2M3Sm9ETk5xMU40UXlhdmFV?oc=5\" target=\"_blank\" rel=\"nofollow noopener\">C \u00e0 vous du 10 octobre 2025 : quels invit\u00e9s ce soir sur France 5 ? (sommaire)<\/a>&nbsp;&nbsp;Stars Actu<\/li>\n<\/ol>\n","protected":false},"excerpt":{"rendered":"Invit\u00e9s : Antoine de Caunes, Estelle Denis, Marguerite en replay &#8211; C \u00e0 vous la suite&nbsp;&nbsp;France TV Invit\u00e9s&hellip;\n","protected":false},"author":2,"featured_media":80400,"comment_status":"","ping_status":"","sticky":false,"template":"","format":"standard","meta":{"footnotes":""},"categories":[1356],"tags":[58,59,1011,27,252,1364],"class_list":{"0":"post-453830","1":"post","2":"type-post","3":"status-publish","4":"format-standard","5":"has-post-thumbnail","7":"category-television","8":"tag-divertissement","9":"tag-entertainment","10":"tag-fr","11":"tag-france","12":"tag-television","13":"tag-tv"},"share_on_mastodon":{"url":"https:\/\/pubeurope.com\/@fr\/115352820049459470","error":""},"_links":{"self":[{"href":"https:\/\/www.europesays.com\/fr\/wp-json\/wp\/v2\/posts\/453830","targetHints":{"allow":["GET"]}}],"collection":[{"href":"https:\/\/www.europesays.com\/fr\/wp-json\/wp\/v2\/posts"}],"about":[{"href":"https:\/\/www.europesays.com\/fr\/wp-json\/wp\/v2\/types\/post"}],"author":[{"embeddable":true,"href":"https:\/\/www.europesays.com\/fr\/wp-json\/wp\/v2\/users\/2"}],"replies":[{"embeddable":true,"href":"https:\/\/www.europesays.com\/fr\/wp-json\/wp\/v2\/comments?post=453830"}],"version-history":[{"count":0,"href":"https:\/\/www.europesays.com\/fr\/wp-json\/wp\/v2\/posts\/453830\/revisions"}],"wp:featuredmedia":[{"embeddable":true,"href":"https:\/\/www.europesays.com\/fr\/wp-json\/wp\/v2\/media\/80400"}],"wp:attachment":[{"href":"https:\/\/www.europesays.com\/fr\/wp-json\/wp\/v2\/media?parent=453830"}],"wp:term":[{"taxonomy":"category","embeddable":true,"href":"https:\/\/www.europesays.com\/fr\/wp-json\/wp\/v2\/categories?post=453830"},{"taxonomy":"post_tag","embeddable":true,"href":"https:\/\/www.europesays.com\/fr\/wp-json\/wp\/v2\/tags?post=453830"}],"curies":[{"name":"wp","href":"https:\/\/api.w.org\/{rel}","templated":true}]}}