{"id":453835,"date":"2025-10-11T01:01:16","date_gmt":"2025-10-11T01:01:16","guid":{"rendered":"https:\/\/www.europesays.com\/fr\/453835\/"},"modified":"2025-10-11T01:01:16","modified_gmt":"2025-10-11T01:01:16","slug":"un-depistage-plus-rapproche-recommande-pour-certaines-femmes-immunodeprimees","status":"publish","type":"post","link":"https:\/\/www.europesays.com\/fr\/453835\/","title":{"rendered":"Un d\u00e9pistage plus rapproch\u00e9 recommand\u00e9 pour certaines femmes immunod\u00e9prim\u00e9es"},"content":{"rendered":"<p>C\u2019est un mal qui touche <a href=\"https:\/\/sante-pratique-paris.fr\/agenda\/depistage-cancer-col-uterus-juin-vert-paris\/\" rel=\"nofollow noopener\" target=\"_blank\" class=\"c-link c-link--is-underlined\">3.000 femmes par an en France<\/a>, mais dont 90\u00a0% des cas peuvent \u00eatre \u00e9vit\u00e9s gr\u00e2ce \u00e0 un d\u00e9pistage r\u00e9gulier. Ce jeudi, dans un communiqu\u00e9, la <a href=\"https:\/\/www.20minutes.fr\/sante\/3331259-20220728-sante-non-membres-haute-autorite-sante-tous-nommes-president\" class=\"c-link c-link--is-underlined\" target=\"_blank\" rel=\"noopener\">Haute Autorit\u00e9 de sant\u00e9<\/a> (HAS) recommande \u00e0 certaines femmes immunod\u00e9prim\u00e9es de se faire d\u00e9pister du <a href=\"https:\/\/www.20minutes.fr\/sante\/2690899-20200109-papillomavirus-pourquoi-depistage-organise-cancer-col-uterus-si-long-mettre-place\" class=\"c-link c-link--is-underlined\" target=\"_blank\" rel=\"noopener\">cancer du col de l\u2019ut\u00e9rus<\/a> plus souvent, car elles risquent davantage de d\u00e9velopper cette pathologie.<\/p>\n<p>Ce cancer, qui tue 800 femmes par an en France, est attribuable dans la quasi-totalit\u00e9 des cas \u00e0 une infection g\u00e9nitale durable par le <a href=\"https:\/\/www.20minutes.fr\/dossier\/papillomavirus\" class=\"c-link c-link--is-underlined\" target=\"_blank\" rel=\"noopener\">papillomavirus<\/a> (aussi d\u00e9sign\u00e9 par HPV, acronyme anglais de Human Papilloma virus).<\/p>\n<p>\u00ab\u00a0Un risque accru\u00a0\u00bb chez les personnes immunod\u00e9prim\u00e9es<\/p>\n<p>Un programme national de d\u00e9pistage cible les femmes de 25 \u00e0 65 ans ayant eu des rapports sexuels, vaccin\u00e9es ou non contre le papillomavirus. De 25 \u00e0 29 ans, il consiste en un frottis cervico-ut\u00e9rin (deux examens \u00e0 un an d\u2019intervalle, puis 3 ans plus tard si le r\u00e9sultat des deux premiers est normal). De 30 \u00e0 65 ans, un test HPV est \u00e0 r\u00e9aliser tous les 5 ans. S\u2019il est positif, il y aura un frottis.<\/p>\n<\/p>\n<p>Le d\u00e9pistage permet surtout de rep\u00e9rer d\u2019\u00e9ventuelles l\u00e9sions pr\u00e9canc\u00e9reuses pour les traiter avant qu\u2019elles n\u2019\u00e9voluent en cancer.<\/p>\n<p>Or chez les personnes immunod\u00e9prim\u00e9es, \u00ab\u00a0il existe un risque accru de d\u00e9velopper un cancer du col de l\u2019ut\u00e9rus\u00a0\u00bb, note la HAS. Elle a \u00e9t\u00e9 saisie par l\u2019<a href=\"https:\/\/www.20minutes.fr\/dossier\/assurance_maladie\" class=\"c-link c-link--is-underlined\" target=\"_blank\" rel=\"noopener\">Assurance maladie<\/a> au sujet du d\u00e9pistage des personnes immunod\u00e9prim\u00e9es mais qui ne vivent pas avec le VIH, il existe d\u00e9j\u00e0 des recommandations pour cette cat\u00e9gorie de la population.<\/p>\n<p>Un d\u00e9pistage plus rapproch\u00e9 recommand\u00e9<\/p>\n<p>Apr\u00e8s \u00e9valuation, cette autorit\u00e9 sanitaire, aux avis g\u00e9n\u00e9ralement suivis par le gouvernement, recommande un d\u00e9pistage plus rapproch\u00e9 du cancer du col de l\u2019ut\u00e9rus pour certaines femmes immunod\u00e9prim\u00e9es.<\/p>\n<p>Cela concerne notamment celles atteintes de d\u00e9ficit immunitaire primitif ou cong\u00e9nital, de lupus syst\u00e9mique, ou sous traitement immunosuppresseur depuis au moins un an (par exemple pour une greffe, une polyarthrite rhumato\u00efde, une <a href=\"https:\/\/www.20minutes.fr\/dossier\/sclerose_en_plaques\" class=\"c-link c-link--is-underlined\" target=\"_blank\" rel=\"noopener\">scl\u00e9rose en plaques<\/a>\u2026.).<\/p>\n<p>De 25 \u00e0 29 ans, la HAS leur recommande un frottis cervico-ut\u00e9rin annuel\u00a0; de 30 \u00e0 65 ans, un premier test HPV \u00e0 30 ans, puis tous les 3 ans si le r\u00e9sultat est n\u00e9gatif.<\/p>\n<p>Apr\u00e8s 65 ans, la poursuite ou l\u2019arr\u00eat du d\u00e9pistage devra \u00eatre d\u00e9cid\u00e9 selon le r\u00e9sultat du dernier test HPV et les ant\u00e9c\u00e9dents m\u00e9dicaux.<\/p>\n<p>Pr\u00e9vention =\u00a0vaccination<\/p>\n<p>La pr\u00e9vention des infections g\u00e9nitales \u00e0 HPV repose principalement sur la vaccination, recommand\u00e9e pour les filles et gar\u00e7ons d\u00e8s 11 ans, et en rattrapage jusqu\u2019\u00e0 26 ans r\u00e9volus.<\/p>\n<p><a href=\"https:\/\/www.20minutes.fr\/sante\/\" class=\"c-link c-btn c-btn--primary\" target=\"_blank\" rel=\"noopener\">Retrouvez ici notre dossier Sant\u00e9<\/a><\/p>\n<p>Comme la vaccination ne prot\u00e8ge pas contre tous les types de papillomavirus potentiellement canc\u00e9rig\u00e8nes et que la dur\u00e9e de protection des vaccins n\u2019est pas clairement \u00e9tablie, notamment chez les personnes immunod\u00e9prim\u00e9es, le d\u00e9pistage du cancer du col de l\u2019ut\u00e9rus et un suivi gyn\u00e9cologique r\u00e9gulier restent cruciaux, selon les sp\u00e9cialistes.<\/p>\n","protected":false},"excerpt":{"rendered":"C\u2019est un mal qui touche 3.000 femmes par an en France, mais dont 90\u00a0% des cas peuvent \u00eatre&hellip;\n","protected":false},"author":2,"featured_media":453836,"comment_status":"","ping_status":"","sticky":false,"template":"","format":"standard","meta":{"footnotes":""},"categories":[10],"tags":[47,732,101,1011,27,72,21065,6543,71,27665,4913,148],"class_list":{"0":"post-453835","1":"post","2":"type-post","3":"status-publish","4":"format-standard","5":"has-post-thumbnail","7":"category-sante","8":"tag-actualite","9":"tag-assurance-maladie","10":"tag-cancer","11":"tag-fr","12":"tag-france","13":"tag-health","14":"tag-papillomavirus","15":"tag-prevention","16":"tag-sante","17":"tag-sclerose-en-plaques","18":"tag-uterus","19":"tag-vaccination"},"share_on_mastodon":{"url":"https:\/\/pubeurope.com\/@fr\/115352835453032402","error":""},"_links":{"self":[{"href":"https:\/\/www.europesays.com\/fr\/wp-json\/wp\/v2\/posts\/453835","targetHints":{"allow":["GET"]}}],"collection":[{"href":"https:\/\/www.europesays.com\/fr\/wp-json\/wp\/v2\/posts"}],"about":[{"href":"https:\/\/www.europesays.com\/fr\/wp-json\/wp\/v2\/types\/post"}],"author":[{"embeddable":true,"href":"https:\/\/www.europesays.com\/fr\/wp-json\/wp\/v2\/users\/2"}],"replies":[{"embeddable":true,"href":"https:\/\/www.europesays.com\/fr\/wp-json\/wp\/v2\/comments?post=453835"}],"version-history":[{"count":0,"href":"https:\/\/www.europesays.com\/fr\/wp-json\/wp\/v2\/posts\/453835\/revisions"}],"wp:featuredmedia":[{"embeddable":true,"href":"https:\/\/www.europesays.com\/fr\/wp-json\/wp\/v2\/media\/453836"}],"wp:attachment":[{"href":"https:\/\/www.europesays.com\/fr\/wp-json\/wp\/v2\/media?parent=453835"}],"wp:term":[{"taxonomy":"category","embeddable":true,"href":"https:\/\/www.europesays.com\/fr\/wp-json\/wp\/v2\/categories?post=453835"},{"taxonomy":"post_tag","embeddable":true,"href":"https:\/\/www.europesays.com\/fr\/wp-json\/wp\/v2\/tags?post=453835"}],"curies":[{"name":"wp","href":"https:\/\/api.w.org\/{rel}","templated":true}]}}