{"id":453839,"date":"2025-10-11T01:03:12","date_gmt":"2025-10-11T01:03:12","guid":{"rendered":"https:\/\/www.europesays.com\/fr\/453839\/"},"modified":"2025-10-11T01:03:12","modified_gmt":"2025-10-11T01:03:12","slug":"antoine-de-caunes-adresse-avec-emotion-un-message-au-regrette-philippe-gildas","status":"publish","type":"post","link":"https:\/\/www.europesays.com\/fr\/453839\/","title":{"rendered":"Antoine de\u00a0Caunes adresse avec \u00e9motion un message au regrett\u00e9 Philippe Gildas"},"content":{"rendered":"<p>    Antoine de Caunes dans \u00abC \u00e0 vous\u00bb<br \/>\n                Capture \u00e9cran.<\/p>\n<p>\n    L\u2019animateur \u00e9voque son ami disparu sur le plateau de \u00abC \u00e0 vous\u00bb, anim\u00e9 par Mohamed Bouhafsi sur France 5.<\/p>\n<p class=\"fig-paragraph\">Une parenth\u00e8se intimiste offerte ce vendredi 10 octobre par le talk-show \u00abC \u00e0 vous\u00bb. Dans la s\u00e9quence du \u00abr\u00e9pondeur\u00bb,\u00a0<a href=\"http:\/\/tvmag.lefigaro.fr\/programme-tv\/ce-soir-tele\/il-faut-faire-un-peu-gaffe-antoine-de-caunes-71-ans-revele-son-hygiene-de-vie-20250929\" target=\"_blank\" data-fig-type=\"Article\" rel=\"noopener\" data-gtm-custom-categorie=\"navigation\" data-gtm-custom-action=\"crossclick\" data-gtm-custom-label=\"Contextuel\" data-gtm-event=\"customEventSPE\" data-fig-domain=\"TVMAG\">Antoine de Caunes<\/a>\u00a0a l\u2019occasion d\u2019adresser un message \u00e0 \u00abune personne qui compte beaucoup\u00bb. Et c\u2019est \u00e0\u00a0<a href=\"https:\/\/tvmag.lefigaro.fr\/programme-tv\/jose-garcia-piege-par-antoine-de-caunes-lors-des-obseques-de-philippe-gildas_42d362da-e1d1-11e8-83d1-fc7ebc69ae48\" target=\"_blank\" data-fig-type=\"Article\" rel=\"noopener\" data-gtm-custom-categorie=\"navigation\" data-gtm-custom-action=\"crossclick\" data-gtm-custom-label=\"Contextuel\" data-gtm-event=\"customEventSPE\" data-fig-domain=\"TVMAG\">Philippe Gildas<\/a>\u00a0que l\u2019animateur a tout de suite pens\u00e9.<\/p>\n<p class=\"fig-paragraph\">Pendant presque dix ans, Antoine de\u00a0Caunes et Philippe Gildas ont ensemble v\u00e9cu l\u2019aventure \u00abNulle Part Ailleurs\u00bb sur Canal+, \u00e9galement en compagnie de\u00a0<a href=\"http:\/\/tvmag.lefigaro.fr\/programme-tv\/people\/on-a-une-premiere-idee-de-pitch-antoine-de-caunes-et-jose-garcia-bientot-reunis-20250412\" target=\"_blank\" data-fig-type=\"Article\" rel=\"noopener\" data-gtm-custom-categorie=\"navigation\" data-gtm-custom-action=\"crossclick\" data-gtm-custom-label=\"Contextuel\" data-gtm-event=\"customEventSPE\" data-fig-domain=\"TVMAG\">Jos\u00e9 Garcia<\/a>. Philippe Gildas \u00e0 la pr\u00e9sentation et le duo de comiques grim\u00e9s chaque jour pour un cours sketch impertinent, mais toujours hilarant. Une autre \u00e9poque diront certains. Mais le 28 octobre 2018, Philippe Gildas d\u00e9c\u00e8de, \u00e0 82 ans, des suites d\u2019un cancer.<\/p>\n<p>                                    <a class=\"fig-a11y-skip a11y-hidden\" href=\"#fig-a11y-skip-main-inarticle\"><br \/>\n        Passer la publicit\u00e9<br \/>\n    <\/a><\/p>\n<p>\u00abRappelle-moi s\u2019il te pla\u00eet\u00bb<\/p>\n<p class=\"fig-paragraph\">\u00abMon petit Philou, tu me manques \u00e9norm\u00e9ment. Je pense \u00e0 toi \u00e0 peu pr\u00e8s tous les jours que Dieu fait. Il y a l\u2019anniversaire de ta mort qui approche donc \u00e7a va encore se mettre \u00e0 chauffer et tu me manques infiniment\u00bb, d\u00e9clare Antoine de\u00a0Caunes face cam\u00e9ra.<\/p>\n<p class=\"fig-paragraph\">\u00abEn plus, je regrette car si tu avais toujours \u00e9t\u00e9 vivant, on aurait fait une super interview pour Vieux\u00bb, ajoute-t-il en r\u00e9f\u00e9rence au magazine trimestriel destin\u00e9 aux plus de 50 ans qu\u2019il dirige depuis 2024. \u00abRappelle-moi s\u2019il te pla\u00eet\u00bb, conclut-il sobrement.<\/p>\n<p class=\"fig-paragraph\">Aujourd\u2019hui \u00e2g\u00e9 de 71 ans, l\u2019amuseur explique sur le plateau de \u00abC \u00e0 vous\u00bb que c\u2019est \u00e0 la mort de son ami qu\u2019il \u00abs\u2019est senti vieux pour la premi\u00e8re fois\u00bb. \u00abC\u2019est la mort de vos proches qui vous donne des marqueurs dans l\u2019existence et qui vous font prendre conscience de votre propre finitude. \u00c9videmment, je suis le prochain sur la liste\u00bb, explique Antoine de\u00a0Caunes face \u00e0 la table de Mohamed Bouhafsi.<\/p>\n","protected":false},"excerpt":{"rendered":"Antoine de Caunes dans \u00abC \u00e0 vous\u00bb Capture \u00e9cran. L\u2019animateur \u00e9voque son ami disparu sur le plateau de&hellip;\n","protected":false},"author":2,"featured_media":453840,"comment_status":"","ping_status":"","sticky":false,"template":"","format":"standard","meta":{"footnotes":""},"categories":[8],"tags":[22724,58,59,1011,27,4467],"class_list":{"0":"post-453839","1":"post","2":"type-post","3":"status-publish","4":"format-standard","5":"has-post-thumbnail","7":"category-divertissement","8":"tag-antoine-de-caunes","9":"tag-divertissement","10":"tag-entertainment","11":"tag-fr","12":"tag-france","13":"tag-france-5"},"share_on_mastodon":{"url":"https:\/\/pubeurope.com\/@fr\/115352843478931528","error":""},"_links":{"self":[{"href":"https:\/\/www.europesays.com\/fr\/wp-json\/wp\/v2\/posts\/453839","targetHints":{"allow":["GET"]}}],"collection":[{"href":"https:\/\/www.europesays.com\/fr\/wp-json\/wp\/v2\/posts"}],"about":[{"href":"https:\/\/www.europesays.com\/fr\/wp-json\/wp\/v2\/types\/post"}],"author":[{"embeddable":true,"href":"https:\/\/www.europesays.com\/fr\/wp-json\/wp\/v2\/users\/2"}],"replies":[{"embeddable":true,"href":"https:\/\/www.europesays.com\/fr\/wp-json\/wp\/v2\/comments?post=453839"}],"version-history":[{"count":0,"href":"https:\/\/www.europesays.com\/fr\/wp-json\/wp\/v2\/posts\/453839\/revisions"}],"wp:featuredmedia":[{"embeddable":true,"href":"https:\/\/www.europesays.com\/fr\/wp-json\/wp\/v2\/media\/453840"}],"wp:attachment":[{"href":"https:\/\/www.europesays.com\/fr\/wp-json\/wp\/v2\/media?parent=453839"}],"wp:term":[{"taxonomy":"category","embeddable":true,"href":"https:\/\/www.europesays.com\/fr\/wp-json\/wp\/v2\/categories?post=453839"},{"taxonomy":"post_tag","embeddable":true,"href":"https:\/\/www.europesays.com\/fr\/wp-json\/wp\/v2\/tags?post=453839"}],"curies":[{"name":"wp","href":"https:\/\/api.w.org\/{rel}","templated":true}]}}