{"id":453857,"date":"2025-10-11T01:12:27","date_gmt":"2025-10-11T01:12:27","guid":{"rendered":"https:\/\/www.europesays.com\/fr\/453857\/"},"modified":"2025-10-11T01:12:27","modified_gmt":"2025-10-11T01:12:27","slug":"une-aberration-pour-le-maire-de-nancy-qui-souhaite-la-deplacer-voici-ou","status":"publish","type":"post","link":"https:\/\/www.europesays.com\/fr\/453857\/","title":{"rendered":"une \u00ab\u00a0aberration\u00a0\u00bb pour le maire de Nancy qui souhaite la d\u00e9placer,\u00a0voici\u00a0o\u00f9"},"content":{"rendered":"<p>            Par<br \/>\n        <strong><br \/>\n            <a href=\"https:\/\/actu.fr\/auteur\/pierre-emile-bouchy-actu-fr\" title=\"Consulter tous les articles de Paul-Emile Bouchy\" rel=\"nofollow noopener\" target=\"_blank\">Paul-Emile Bouchy<\/a><br \/>\n        <\/strong><\/p>\n<p>        Publi\u00e9 le<\/p>\n<p>            10 oct. 2025 \u00e0 13h00        <\/p>\n<p>Apr\u00e8s la <a href=\"https:\/\/actu.fr\/grand-est\/nancy_54395\/sncf-c-est-officiel-la-ligne-ferroviaire-entre-nancy-et-lyon-va-rouvrir_60265774.html\" rel=\"nofollow noopener\" target=\"_blank\">r\u00e9ouverture de la ligne Nancy-Lyon<\/a> et l\u2019annonce d\u2019un <a href=\"https:\/\/actu.fr\/grand-est\/nancy_54395\/sncf-bientot-un-second-aller-retour-quotidien-entre-nancy-et-lyon-voici-a-partir-de-quand_63212486.html\" rel=\"nofollow noopener\" target=\"_blank\">second aller-retour quotidien<\/a> \u00e0 partir du 15\u00a0d\u00e9cembre 2025,<strong> le maire de Nancy Mathieu Klein veut continuer \u00e0 d\u00e9velopper les liaisons ferroviaires<\/strong> depuis la cit\u00e9 ducale.<\/p>\n<p class=\" wall-content\">Lors d\u2019une rencontre avec la presse le mercredi 8 octobre, il a \u00e9chang\u00e9 sur diff\u00e9rents projets dont notamment l\u2019\u00e9pineux sujet de la <a href=\"https:\/\/actu.fr\/tag\/lorraine-tgv\" rel=\"nofollow noopener\" target=\"_blank\">gare Lorraine TGV<\/a>, situ\u00e9e \u00e0 Louvigny (Moselle) et <strong>uniquement accessible par la route depuis Nancy et Metz<\/strong>.<\/p>\n<p>Le maire de Nancy pr\u00f4ne le d\u00e9placement de la gare Lorraine TGV \u00e0 Vandi\u00e8res<\/p>\n<p class=\" wall-content\">Questionn\u00e9 sur les sujets ferroviaires, Mathieu Klein \u00e9voque de lui-m\u00eame la probl\u00e9matique de la gare Lorraine TGV\u2009: \u00ab<strong>\u2009Je ne perds pas non plus de vue la gare de Vandi\u00e8res.<\/strong> C\u2019est un sujet qui ne fait plus beaucoup parler mais il faut en reparler. J\u2019en reparle souvent avec le pr\u00e9sident de la <a href=\"https:\/\/actu.fr\/grand-est\/\" rel=\"nofollow noopener\" target=\"_blank\">R\u00e9gion Grand Est<\/a> parce que<strong> je trouve que c\u2019est une aberration d\u2019avoir cette gare TGV inaccessible par le train.<\/strong>\u2009\u00bb<\/p>\n<p class=\" wall-content\">D\u00e9placer la gare Lorraine TGV \u00e0 Vandi\u00e8res permettrait de se connecter avec la ligne TER Nancy-Metz. \u00ab<strong>\u2009\u00c7a nous mettrait en interconnexion directe ferroviaire depuis la gare de Nancy avec toutes les liaisons sud-ouest et nord<\/strong>. On gagnerait beaucoup\u2009\u00bb, ajoute-t-il.<\/p>\n<p>Le retour du TGV Ouigo Nancy-Paris en bonne voie<\/p>\n<p class=\" wall-content\">Militant pour <a href=\"https:\/\/actu.fr\/grand-est\/nancy_54395\/tgv-ouigo-le-maire-de-nancy-milite-pour-le-retour-d-une-liaison-a-bas-prix-vers-paris_62897186.html\" rel=\"nofollow noopener\" target=\"_blank\">le retour d\u2019une liaison TGV \u00e0 bas prix vers Paris<\/a>, Mathieu Klein indique que <strong>les discussions pour le retour du TGV Ouigo \u00ab\u2009avancent bien\u2009\u00bb<\/strong>\u2009: \u00ab\u2009J\u2019ai revu la SNCF ces jours-ci. Ma pression est constante sur le sujet depuis trois ans et <a href=\"https:\/\/actu.fr\/grand-est\/nancy_54395\/la-liaison-en-tgv-ouigo-entre-nancy-et-paris-officiellement-arretee-voici-ce-qui-la-remplace_47161555.html\" rel=\"nofollow noopener\" target=\"_blank\">son arr\u00eat<\/a>. Des perspectives seront pr\u00e9cis\u00e9es d\u2019ici la fin 2025 par la SNCF.\u2009\u00bb<\/p>\n<p class=\" wall-content\">Cette liaison pourrait \u00eatre d\u2019<strong>au moins un aller-retour quotidien<\/strong>.<\/p>\n<p>Votre r\u00e9gion, votre actu !<\/p>\n<p>Recevez chaque jour les infos qui comptent pour vous.<\/p>\n<p>\t<a href=\"https:\/\/actu.fr\/newsletter\" class=\"ac-btn ac-btn--corner ac-btn--medium ac-btn--blue800\" rel=\"nofollow noopener\" target=\"_blank\">S&rsquo;incrire<\/a><br \/>\nUne volont\u00e9 d\u2019\u00e9tendre les liaisons vers le sud de la France<\/p>\n<p class=\" wall-content\">Depuis son lancement en d\u00e9cembre\u00a02024, la r\u00e9ouverture de la ligne vers Lyon rencontre un vrai succ\u00e8s avec \u00ab\u2009<strong>plus de 80\u2009%<\/strong> de taux de remplissage\u2009\u00bb, selon le maire de Nancy.<\/p>\n<p class=\" wall-content\">D\u00e9sormais, il plaide pour <strong>\u00e9tendre cette ligne vers le sud avec, par exemple, des trains de nuit<\/strong>\u2009: \u00ab\u2009Ici, c\u2019est davantage une discussion avec le minist\u00e8re des Transports. Ces trains, comme auparavant <a href=\"https:\/\/actu.fr\/grand-est\/metz_57463\/sncf-ligne-tgv-directe-metz-nice-supprimee-partir-mois-decembre_18765666.html\" rel=\"nofollow noopener\" target=\"_blank\">le Metz-Nice<\/a>, ont toute leur validit\u00e9 en termes d\u2019am\u00e9nagement du territoire et sur le plan \u00e9conomique.\u2009\u00bb<\/p>\n<p class=\" wall-content\">Personnalisez votre actualit\u00e9 en ajoutant vos villes et m\u00e9dias en favori avec <a href=\"https:\/\/moncompte.actu.fr\" title=\"D\u00e9couvez Mon Actu\" rel=\"nofollow noopener\" data-trk=\"{&quot;cta&quot;:{&quot;action&quot;:&quot;https:\\\/\\\/moncompte.actu.fr&quot;,&quot;category&quot;:&quot;mon compte&quot;,&quot;from&quot;:&quot;article footer&quot;,&quot;name&quot;:&quot;Mon actu&quot;,&quot;type&quot;:&quot;cta&quot;}}\" target=\"_blank\">Mon Actu<\/a>.<\/p>\n","protected":false},"excerpt":{"rendered":"Par Paul-Emile Bouchy Publi\u00e9 le 10 oct. 2025 \u00e0 13h00 Apr\u00e8s la r\u00e9ouverture de la ligne Nancy-Lyon et&hellip;\n","protected":false},"author":2,"featured_media":453858,"comment_status":"","ping_status":"","sticky":false,"template":"","format":"standard","meta":{"footnotes":""},"categories":[9635],"tags":[1111,11,1777,674,1011,27,775,28942,14606,1702,12,25,2215,104],"class_list":{"0":"post-453857","1":"post","2":"type-post","3":"status-publish","4":"format-standard","5":"has-post-thumbnail","7":"category-nancy","8":"tag-actu","9":"tag-actualites","10":"tag-eu","11":"tag-europe","12":"tag-fr","13":"tag-france","14":"tag-grand-est","15":"tag-lorraine-tgv","16":"tag-mathieu-klein","17":"tag-nancy","18":"tag-news","19":"tag-republique-francaise","20":"tag-sncf","21":"tag-societe"},"share_on_mastodon":{"url":"https:\/\/pubeurope.com\/@fr\/115352878662954139","error":""},"_links":{"self":[{"href":"https:\/\/www.europesays.com\/fr\/wp-json\/wp\/v2\/posts\/453857","targetHints":{"allow":["GET"]}}],"collection":[{"href":"https:\/\/www.europesays.com\/fr\/wp-json\/wp\/v2\/posts"}],"about":[{"href":"https:\/\/www.europesays.com\/fr\/wp-json\/wp\/v2\/types\/post"}],"author":[{"embeddable":true,"href":"https:\/\/www.europesays.com\/fr\/wp-json\/wp\/v2\/users\/2"}],"replies":[{"embeddable":true,"href":"https:\/\/www.europesays.com\/fr\/wp-json\/wp\/v2\/comments?post=453857"}],"version-history":[{"count":0,"href":"https:\/\/www.europesays.com\/fr\/wp-json\/wp\/v2\/posts\/453857\/revisions"}],"wp:featuredmedia":[{"embeddable":true,"href":"https:\/\/www.europesays.com\/fr\/wp-json\/wp\/v2\/media\/453858"}],"wp:attachment":[{"href":"https:\/\/www.europesays.com\/fr\/wp-json\/wp\/v2\/media?parent=453857"}],"wp:term":[{"taxonomy":"category","embeddable":true,"href":"https:\/\/www.europesays.com\/fr\/wp-json\/wp\/v2\/categories?post=453857"},{"taxonomy":"post_tag","embeddable":true,"href":"https:\/\/www.europesays.com\/fr\/wp-json\/wp\/v2\/tags?post=453857"}],"curies":[{"name":"wp","href":"https:\/\/api.w.org\/{rel}","templated":true}]}}