{"id":453867,"date":"2025-10-11T01:21:21","date_gmt":"2025-10-11T01:21:21","guid":{"rendered":"https:\/\/www.europesays.com\/fr\/453867\/"},"modified":"2025-10-11T01:21:21","modified_gmt":"2025-10-11T01:21:21","slug":"rencontres-cine-montagne-a-grenoble-28-films-a-decouvrir","status":"publish","type":"post","link":"https:\/\/www.europesays.com\/fr\/453867\/","title":{"rendered":"Rencontres Cin\u00e9 montagne \u00e0 Grenoble : 28 films \u00e0 d\u00e9couvrir"},"content":{"rendered":"<p>Les amoureux de cin\u00e9ma et de la montagne ne manqueront pas la 27e \u00e9dition des <strong>Rencontres Cin\u00e9 montagne <\/strong>qui se d\u00e9rouleront au <strong>Palais des Sports<\/strong> de <strong>Grenoble <\/strong>du <strong>mardi 4 au samedi 8 novembre 2025<\/strong>. <\/p>\n<p>A noter au passage que, <strong>d\u00e8s 2026<\/strong>, l&rsquo;\u00e9v\u00e9nement, organis\u00e9 par la <strong>Ville de Grenoble <\/strong>avec de nombreux partenaires, aura lieu non plus en novembre mais <strong>en octobre<\/strong>, afin de limiter le besoin de chauffer le Palais des Sports et ainsi r\u00e9duire les <strong>co\u00fbts \u00e9nerg\u00e9tiques<\/strong>. L&rsquo;organisation de cet \u00e9v\u00e9nement annuel repr\u00e9sente un investissement d&rsquo;environ <strong>230 000 euros<\/strong>, hors masse salariale et co\u00fbt de fonctionnement du Palais des Sports. <\/p>\n<p>Rencontres Cin\u00e9 montagne \u00e0 Grenoble : 28 films \u00e0 voir au Palais des Sports du 4 au 8 novembre 2025 <img decoding=\"async\" alt=\"\" class=\"img-align-center img-size-full\" data-zoomable=\"\" height=\"1125\" loading=\"lazy\" src=\"https:\/\/www.europesays.com\/fr\/wp-content\/uploads\/2025\/10\/k2-mon-amour-photo-19ok.jpg\" title=\"\u00a9 Mathieu Rivoire - K2 mon amour, de Mathieu Rivoire sera projet\u00e9 jeudi 6 novembre au Palais des Sports de Grenoble.\" width=\"2000\"\/> \u00a9 Mathieu Rivoire &#8211; Le film K2 mon amour, de Mathieu Rivoire sera projet\u00e9 jeudi 6 novembre au Palais des Sports de Grenoble. <\/p>\n<p>La programmation s&rsquo;annonce une nouvelle fois riche, avec l&rsquo;objectif d&rsquo;attirer plus de <strong>20 000 spectateurs<\/strong> comme l&rsquo;an dernier. La capacit\u00e9 d&rsquo;accueil par soir est de 3 800 places. Le grand public pourra d\u00e9couvrir <strong>28 films <\/strong>fran\u00e7ais ou internationaux sp\u00e9cialement s\u00e9lectionn\u00e9s parmi plus de 260 candidats. Tous promettent des images \u00e0 couper le souffle et des histoires riches en \u00e9motions. Comme chaque ann\u00e9e, le <strong>public votera<\/strong> pour son pr\u00e9f\u00e9r\u00e9 et le <strong>laur\u00e9at <\/strong>se verra d\u00e9cerner un prix dot\u00e9 de <strong>2 000 euros<\/strong>. <\/p>\n<p>La <strong>marraine <\/strong>de l&rsquo;\u00e9dition sera <strong>Hillary Gerardi<\/strong>, une athl\u00e8te d&rsquo;origine am\u00e9ricaine, naturalis\u00e9e fran\u00e7aise devenue une sp\u00e9cialiste de <strong>skyrunning<\/strong> et d&rsquo;<strong>ultra-trail<\/strong>. Bas\u00e9e \u00e0 Chamonix, elle est \u00e9galement une chercheuse engag\u00e9e sur les enjeux du changement climatique en montagne. Le grand public aura l&rsquo;occasion d&rsquo;\u00e9changer avec elle mardi 4 novembre \u00e0 17h et m\u00eame de participer \u00e0 une sortie en sa compagnie jusqu&rsquo;au sommet de la <strong>Bastille<\/strong>, le 8 novembre \u00e0 14h30.<\/p>\n<p> Des animations gratuites pour le public familial <\/p>\n<p>Parmi les autres invit\u00e9s de marque que le public aura le plaisir de rencontrer, on citera <strong>Marion Poitevin<\/strong>, premi\u00e8re femme CRS de montagne qui a sign\u00e9 l&rsquo;ouvrage Toujours plus haute (\u00e9d. Sens dessus dessous) le 5 novembre \u00e0 17h, <strong>Nadir Dendoune,<\/strong> journaliste et premier Franco-alg\u00e9rien \u00e0 avoir gravi l&rsquo;Everest, le 6 novembre \u00e0 partir de 18h30 ou encore <strong>Vivian Bruchez<\/strong>, guide de haute montagne et sp\u00e9cialiste du ski pente raide, le 8 novembre \u00e0 15h. <\/p>\n<p>Pour le <strong>public familial<\/strong>, des<strong> animations gratuites<\/strong> seront propos\u00e9es (projection de films, ateliers, animations, etc.) le 5 novembre \u00e0 partir de 14 h au Palais des sports. Les jeunes profiteront du <strong>parc Sp\u00e9l\u00e9o-grimpe<\/strong> install\u00e9 devant le Palais des Sports pour s&rsquo;initier \u00e0 la sp\u00e9l\u00e9ologie et \u00e0 l&rsquo;escalade en toute s\u00e9curit\u00e9 (le 5 novembre de 13h \u00e0 18h et le 8 novembre de 10h \u00e0 16h30). Sans oublier un atelier de d\u00e9couverte du plancton des lacs de montagne anim\u00e9 par l&rsquo;association Nemeton, le 8 novembre \u00e0 la Maison de la montagne (sur inscription).<\/p>\n<p><strong>Pratique<\/strong> <\/p>\n<p>Rencontres Cin\u00e9 montagne du 4 au 8 novembre 2025 au Palais des Sports de Grenoble. Tarifs : 4 \u00e0 9 euros. Renseignements et programme complet <a href=\"https:\/\/www.grenoble.fr\/384-rencontres-cine-montagne.htm\" rel=\"noopener\" target=\"_blank\">ici<\/a>.<\/p>\n<p> La 11e \u00e9dition des Rencontres Montagnes et sciences les 7 et 8 novembre \u00e0 Grenoble  <\/p>\n<p>En parall\u00e8le des Rencontres Cin\u00e9 Montagne se d\u00e9roulera la 11e \u00e9dition des <strong>Rencontres Montagnes et sciences <\/strong>organis\u00e9es par l&rsquo;association Montagnes et sciences avec plusieurs partenaires dont l&rsquo;Universit\u00e9 de Grenoble et le CNRS. Si la journ\u00e9e du 7 novembre est d\u00e9di\u00e9e au public scolaire (3 700 \u00e9l\u00e8ves attendus), la journ\u00e9e du 8 novembre sera ouverte au grand public. <strong>Quatre films<\/strong> seront projet\u00e9s au Palais des Sports d\u00e8s 14h, dont un documentaire sur le scientifique <strong>Joseph Vallot.<\/strong>\u00a0Les lumi\u00e8res de Vallot, de Bertrand Lapierre sera ainsi pr\u00e9sent\u00e9 pour la premi\u00e8re fois en festival. Chaque film sera suivi d&rsquo;une intervention ou d&rsquo;animations. <\/p>\n<p>Renseignements et programmation compl\u00e8te <a href=\"https:\/\/montagnes-sciences.fr\/festival\/grenoble\/\" rel=\"noopener\" target=\"_blank\">ici<\/a>.<\/p>\n","protected":false},"excerpt":{"rendered":"Les amoureux de cin\u00e9ma et de la montagne ne manqueront pas la 27e \u00e9dition des Rencontres Cin\u00e9 montagne&hellip;\n","protected":false},"author":2,"featured_media":453868,"comment_status":"","ping_status":"","sticky":false,"template":"","format":"standard","meta":{"footnotes":""},"categories":[9566],"tags":[1111,11,2430,650,1777,674,1011,27,2731,5324,12,15240,57943,25],"class_list":{"0":"post-453867","1":"post","2":"type-post","3":"status-publish","4":"format-standard","5":"has-post-thumbnail","7":"category-grenoble","8":"tag-actu","9":"tag-actualites","10":"tag-auvergne-rhone-alpes","11":"tag-cinema","12":"tag-eu","13":"tag-europe","14":"tag-fr","15":"tag-france","16":"tag-grenoble","17":"tag-montagne","18":"tag-news","19":"tag-palais-des-sports-de-grenoble","20":"tag-rencontres-cinu00e9-montagne","21":"tag-republique-francaise"},"share_on_mastodon":{"url":"https:\/\/pubeurope.com\/@fr\/115352914651706836","error":""},"_links":{"self":[{"href":"https:\/\/www.europesays.com\/fr\/wp-json\/wp\/v2\/posts\/453867","targetHints":{"allow":["GET"]}}],"collection":[{"href":"https:\/\/www.europesays.com\/fr\/wp-json\/wp\/v2\/posts"}],"about":[{"href":"https:\/\/www.europesays.com\/fr\/wp-json\/wp\/v2\/types\/post"}],"author":[{"embeddable":true,"href":"https:\/\/www.europesays.com\/fr\/wp-json\/wp\/v2\/users\/2"}],"replies":[{"embeddable":true,"href":"https:\/\/www.europesays.com\/fr\/wp-json\/wp\/v2\/comments?post=453867"}],"version-history":[{"count":0,"href":"https:\/\/www.europesays.com\/fr\/wp-json\/wp\/v2\/posts\/453867\/revisions"}],"wp:featuredmedia":[{"embeddable":true,"href":"https:\/\/www.europesays.com\/fr\/wp-json\/wp\/v2\/media\/453868"}],"wp:attachment":[{"href":"https:\/\/www.europesays.com\/fr\/wp-json\/wp\/v2\/media?parent=453867"}],"wp:term":[{"taxonomy":"category","embeddable":true,"href":"https:\/\/www.europesays.com\/fr\/wp-json\/wp\/v2\/categories?post=453867"},{"taxonomy":"post_tag","embeddable":true,"href":"https:\/\/www.europesays.com\/fr\/wp-json\/wp\/v2\/tags?post=453867"}],"curies":[{"name":"wp","href":"https:\/\/api.w.org\/{rel}","templated":true}]}}