{"id":453869,"date":"2025-10-11T01:22:23","date_gmt":"2025-10-11T01:22:23","guid":{"rendered":"https:\/\/www.europesays.com\/fr\/453869\/"},"modified":"2025-10-11T01:22:23","modified_gmt":"2025-10-11T01:22:23","slug":"unite-de-production-pour-chauffer-des-serres-de-tomates-en-finistere-des-suspicions","status":"publish","type":"post","link":"https:\/\/www.europesays.com\/fr\/453869\/","title":{"rendered":"Unit\u00e9 de production pour chauffer des serres de tomates en Finist\u00e8re\u00a0: des suspicions"},"content":{"rendered":"<tr wp_automatic_readability=\"5.8934911242604\">\n<td valign=\"middle\" align=\"center\" class=\"col-logo\" wp_automatic_readability=\"5\">\n    <img decoding=\"async\" src=\"https:\/\/maville.com\/design\/images\/logo-of-monetise.svg?version=20130627\" alt=\"logo Ouest-France\" height=\"66\"\/><\/p>\n<p>Contenu r\u00e9serv\u00e9 aux abonn\u00e9s<\/p>\n<\/td>\n<td class=\"col-titre\">\n\t\t\tVendredi 10 octobre 2025 19:00<br \/>\n\t\t\t<a class=\"icon-bulle sizeL count\" href=\"#ancreAvis\"><br \/>\n\t&#8230;<br \/>\n<\/a><\/td>\n<\/tr>\n<p>\t\t<a class=\"mavillebox2 elmt-photo\" href=\"https:\/\/maville.com\/photosmvi\/2025\/10\/10\/P35514632D7014767G.jpg\" title=\" Le d\u00e9bat pr\u00e9vu sur le projet d\u2019unit\u00e9 de production \u00e9lectrique CSR a \u00e9t\u00e9 ajourn\u00e9 dans l\u2019attente d\u2019informations compl\u00e9mentaires.  \u00a9  Ouest-France  &lt;!--TAG-BLC credit--&gt;\" rel=\"galerie_actu noopener\" target=\"_blank\"><br \/>\n\t<img decoding=\"async\" src=\"https:\/\/www.europesays.com\/fr\/wp-content\/uploads\/2025\/10\/P35514632D7014767G_crop_640-330_.jpg\" alt=\"photo  le d\u00e9bat pr\u00e9vu sur le projet d\u2019unit\u00e9 de production \u00e9lectrique csr a \u00e9t\u00e9 ajourn\u00e9 dans l\u2019attente d\u2019informations compl\u00e9mentaires.  \u00a9  ouest-france \"\/><br \/>\n\t1<br \/>\n<\/a><\/p>\n<p class=\"elmt-legende\"> Le d\u00e9bat pr\u00e9vu sur le projet d\u2019unit\u00e9 de production \u00e9lectrique CSR a \u00e9t\u00e9 ajourn\u00e9 dans l\u2019attente d\u2019informations compl\u00e9mentaires.  \u00a9  Ouest-France  <\/p>\n<p>\t\tCons\u00e9quence directe de la col\u00e8re exprim\u00e9e lors de la r\u00e9union publique de la veille, le maire de Plougastel-Daoulas (Finist\u00e8re), Dominique Cap, a annonc\u00e9 en ouverture du conseil municipal, jeudi 9\u00a0octobre 2025, l\u2019ajournement de la d\u00e9lib\u00e9ration sur le projet d\u2019unit\u00e9 de production \u00e9lectrique CSR, port\u00e9 par un serriste local.<\/p>\n<p><b>Cet article est r\u00e9serv\u00e9 aux abonn\u00e9s<\/b><\/p>\n<p>Pour un acc\u00e8s imm\u00e9diat, abonnez-vous<\/p>\n<p><b>1\u00e8re semaine offerte<\/b><\/p>\n<p>\t\tOuest-France<\/p>\n<p>Retrouvez d&rsquo;autres actus sur les communes de :<\/p>\n<p>\t\t&#13;<\/p>\n","protected":false},"excerpt":{"rendered":"Contenu r\u00e9serv\u00e9 aux abonn\u00e9s Vendredi 10 octobre 2025 19:00 &#8230; 1 Le d\u00e9bat pr\u00e9vu sur le projet d\u2019unit\u00e9&hellip;\n","protected":false},"author":2,"featured_media":453870,"comment_status":"","ping_status":"","sticky":false,"template":"","format":"standard","meta":{"footnotes":""},"categories":[2821],"tags":[1111,11,829,57944,1777,674,3321,1011,27,29222,12,8131,584,25,37009,57945,27716,13107],"class_list":{"0":"post-453869","1":"post","2":"type-post","3":"status-publish","4":"format-standard","5":"has-post-thumbnail","7":"category-rennes","8":"tag-actu","9":"tag-actualites","10":"tag-bretagne","11":"tag-chauffer","12":"tag-eu","13":"tag-europe","14":"tag-finistere","15":"tag-fr","16":"tag-france","17":"tag-installent","18":"tag-news","19":"tag-production","20":"tag-rennes","21":"tag-republique-francaise","22":"tag-serres","23":"tag-suspicions","24":"tag-tomates","25":"tag-unite"},"share_on_mastodon":{"url":"https:\/\/pubeurope.com\/@fr\/115352918545193157","error":""},"_links":{"self":[{"href":"https:\/\/www.europesays.com\/fr\/wp-json\/wp\/v2\/posts\/453869","targetHints":{"allow":["GET"]}}],"collection":[{"href":"https:\/\/www.europesays.com\/fr\/wp-json\/wp\/v2\/posts"}],"about":[{"href":"https:\/\/www.europesays.com\/fr\/wp-json\/wp\/v2\/types\/post"}],"author":[{"embeddable":true,"href":"https:\/\/www.europesays.com\/fr\/wp-json\/wp\/v2\/users\/2"}],"replies":[{"embeddable":true,"href":"https:\/\/www.europesays.com\/fr\/wp-json\/wp\/v2\/comments?post=453869"}],"version-history":[{"count":0,"href":"https:\/\/www.europesays.com\/fr\/wp-json\/wp\/v2\/posts\/453869\/revisions"}],"wp:featuredmedia":[{"embeddable":true,"href":"https:\/\/www.europesays.com\/fr\/wp-json\/wp\/v2\/media\/453870"}],"wp:attachment":[{"href":"https:\/\/www.europesays.com\/fr\/wp-json\/wp\/v2\/media?parent=453869"}],"wp:term":[{"taxonomy":"category","embeddable":true,"href":"https:\/\/www.europesays.com\/fr\/wp-json\/wp\/v2\/categories?post=453869"},{"taxonomy":"post_tag","embeddable":true,"href":"https:\/\/www.europesays.com\/fr\/wp-json\/wp\/v2\/tags?post=453869"}],"curies":[{"name":"wp","href":"https:\/\/api.w.org\/{rel}","templated":true}]}}