{"id":453881,"date":"2025-10-11T01:28:35","date_gmt":"2025-10-11T01:28:35","guid":{"rendered":"https:\/\/www.europesays.com\/fr\/453881\/"},"modified":"2025-10-11T01:28:35","modified_gmt":"2025-10-11T01:28:35","slug":"airbnb-ils-sont-tellement-leaders-sur-le-marche-pour-eux-pas-de-retour-en-arriere-2","status":"publish","type":"post","link":"https:\/\/www.europesays.com\/fr\/453881\/","title":{"rendered":"Airbnb. \u00ab\u00a0Ils sont tellement leaders sur le march\u00e9\u00a0\u00bb\u00a0: pour eux, pas de retour en arri\u00e8re"},"content":{"rendered":"<p>\u00a0Ils sont tellement leaders sur le march\u00e9, tellement ancr\u00e9s, vous ne les ferez pas partir comme \u00e7a\u00a0!\u00a0 Isabelle Luzeau, responsable de la conciergerie Lulu \u00e0 Nantes, conna\u00eet la plateforme Airbnb mieux que quiconque. Sur son site, elle propose aux propri\u00e9taires, contre 24\u00a0% de leur revenu locatif, de les aider \u00e0 tirer un maximum de profit &#8230;<\/p>\n<p>\u00a0<\/p>\n","protected":false},"excerpt":{"rendered":"\u00a0Ils sont tellement leaders sur le march\u00e9, tellement ancr\u00e9s, vous ne les ferez pas partir comme \u00e7a\u00a0!\u00a0 Isabelle&hellip;\n","protected":false},"author":2,"featured_media":453509,"comment_status":"","ping_status":"","sticky":false,"template":"","format":"standard","meta":{"footnotes":""},"categories":[2818],"tags":[1111,11,7345,1777,674,1011,27,37601,2089,766,12,2636,2037,25,8133,42775],"class_list":{"0":"post-453881","1":"post","2":"type-post","3":"status-publish","4":"format-standard","5":"has-post-thumbnail","7":"category-nantes","8":"tag-actu","9":"tag-actualites","10":"tag-airbnb","11":"tag-eu","12":"tag-europe","13":"tag-fr","14":"tag-france","15":"tag-leaders","16":"tag-marche","17":"tag-nantes","18":"tag-news","19":"tag-pays-de-la-loire","20":"tag-possible","21":"tag-republique-francaise","22":"tag-retour","23":"tag-tellement"},"share_on_mastodon":{"url":"https:\/\/pubeurope.com\/@fr\/115352941638359353","error":""},"_links":{"self":[{"href":"https:\/\/www.europesays.com\/fr\/wp-json\/wp\/v2\/posts\/453881","targetHints":{"allow":["GET"]}}],"collection":[{"href":"https:\/\/www.europesays.com\/fr\/wp-json\/wp\/v2\/posts"}],"about":[{"href":"https:\/\/www.europesays.com\/fr\/wp-json\/wp\/v2\/types\/post"}],"author":[{"embeddable":true,"href":"https:\/\/www.europesays.com\/fr\/wp-json\/wp\/v2\/users\/2"}],"replies":[{"embeddable":true,"href":"https:\/\/www.europesays.com\/fr\/wp-json\/wp\/v2\/comments?post=453881"}],"version-history":[{"count":0,"href":"https:\/\/www.europesays.com\/fr\/wp-json\/wp\/v2\/posts\/453881\/revisions"}],"wp:featuredmedia":[{"embeddable":true,"href":"https:\/\/www.europesays.com\/fr\/wp-json\/wp\/v2\/media\/453509"}],"wp:attachment":[{"href":"https:\/\/www.europesays.com\/fr\/wp-json\/wp\/v2\/media?parent=453881"}],"wp:term":[{"taxonomy":"category","embeddable":true,"href":"https:\/\/www.europesays.com\/fr\/wp-json\/wp\/v2\/categories?post=453881"},{"taxonomy":"post_tag","embeddable":true,"href":"https:\/\/www.europesays.com\/fr\/wp-json\/wp\/v2\/tags?post=453881"}],"curies":[{"name":"wp","href":"https:\/\/api.w.org\/{rel}","templated":true}]}}