{"id":453887,"date":"2025-10-11T01:32:15","date_gmt":"2025-10-11T01:32:15","guid":{"rendered":"https:\/\/www.europesays.com\/fr\/453887\/"},"modified":"2025-10-11T01:32:15","modified_gmt":"2025-10-11T01:32:15","slug":"un-nouveau-cinema-debarque-a-toulouse","status":"publish","type":"post","link":"https:\/\/www.europesays.com\/fr\/453887\/","title":{"rendered":"un nouveau cin\u00e9ma d\u00e9barque \u00e0 Toulouse"},"content":{"rendered":"<p>            Par<br \/>\n        <strong><br \/>\n            <a href=\"https:\/\/actu.fr\/auteur\/lucie-2\" title=\"Consulter tous les articles de Lucie Fraisse\" rel=\"nofollow noopener\" target=\"_blank\">Lucie Fraisse<\/a><br \/>\n        <\/strong><\/p>\n<p>        Publi\u00e9 le<\/p>\n<p>            10 oct. 2025 \u00e0 16h28        <\/p>\n<p>Moteur, action\u2009! Le cin\u00e9ma V\u00e9o Cartoucherie ouvre ses portes ce samedi 11\u00a0octobre 2025, \u00e0 <strong>Toulouse<\/strong>. Un cin\u00e9ma de quatre salles, bien \u00e9loign\u00e9 des multiplexes qui existent d\u00e9j\u00e0 dans l\u2019agglom\u00e9ration et qui diffusera les sorties nationales, -mais pas seulement- \u00e0 des <strong>prix attractifs<\/strong>. Un nouvel \u00e9quipement install\u00e9 \u00e0 proximit\u00e9 imm\u00e9diate <a href=\"https:\/\/actu.fr\/occitanie\/toulouse_31555\/toulouse-on-est-dans-un-modele-anticapitaliste-les-halles-de-la-cartoucherie-gagnent-elles-de-l-argent_63116386.html\" rel=\"nofollow noopener\" target=\"_blank\">des Halles de la Cartoucherie<\/a>, dans une ancienne halle r\u00e9nov\u00e9e apr\u00e8s quatorze mois de travaux. On vous fait d\u00e9couvrir les lieux.<\/p>\n<p>\u00ab\u2009Un cin\u00e9ma de quartier\u2009\u00bb<\/p>\n<p class=\" wall-content\">\u00ab\u2009Un cin\u00e9ma V\u00e9o dans une grande ville centre, c\u2019est une premi\u00e8re\u2009!\u2009\u00bb explique Jean Villa directeur g\u00e9n\u00e9ral des cin\u00e9mas V\u00e9o. L\u2019enseigne, n\u00e9e en Corr\u00e8ze, est en effet plus habitu\u00e9e aux communes moyennes de p\u00e9riph\u00e9rie, en c\u0153ur de ville, comme \u00e0<strong> Colomiers, Castelginest, Muret, Fronton ou encore Revel.<\/strong><\/p>\n<p class=\" wall-content\">Pour autant, ce nouveau cin\u00e9ma V\u00e9o Cartoucherie est bien \u00e9loign\u00e9 des grands multiplexes de l\u2019agglom\u00e9ration. \u00ab\u2009On se d\u00e9finit comme un cin\u00e9ma de quartier, analyse Jean Villa. Avec des prix plus bas que dans les grandes structures, mais avec un niveau de confort \u00e9quivalent. Avec cet outil, on veut se donner les moyens de faire revenir les spectateurs en salle.\u2009\u00bb<\/p>\n<p>    <img   decoding=\"async\" loading=\"lazy\" src=\"https:\/\/www.europesays.com\/fr\/wp-content\/uploads\/2025\/10\/salles-cinema-cartoucherie-veo-toulouse-lf-960x640.jpg\" alt=\"Le cin\u00e9ma compte quatre salles.\" width=\"960\" height=\"640\"\/><br \/>\n    Le cin\u00e9ma compte quatre salles. (\u00a9L.F.\/ actu Toulouse)<\/p>\n<p class=\" wall-content\">Dans <strong>cette grande halle de 1200 m\u00b2<\/strong> qui \u00e9tait destin\u00e9e \u00e0 fabriquer des cartouches et obus -un boulet de canon de la p\u00e9riode napol\u00e9onienne a d\u2019ailleurs \u00e9t\u00e9 retrouv\u00e9 pendant le chantier\u2009!-, quatre salles ont \u00e9t\u00e9 install\u00e9es pour un<strong> investissement total de 4,350\u00a0millions d\u2019euros<\/strong> port\u00e9 par la soci\u00e9t\u00e9 V\u00e9o, avec le soutien de la Banque des territoires, du CNC et des subventions du D\u00e9partement et de la R\u00e9gion. Un b\u00e2timent totalement r\u00e9nov\u00e9 par <strong>la soci\u00e9t\u00e9 toulousaine ID Cin\u00e9<\/strong>, qui constuit et r\u00e9nove des cin\u00e9mas similaires partout en France.<\/p>\n<p>Une salle\u2026 de 19 places\u2009!<\/p>\n<p class=\" wall-content\">\u00ab\u2009Les couleurs de chacune des salles ont \u00e9t\u00e9 inspir\u00e9es par des sc\u00e8nes de film\u2009\u00bb, d\u00e9taille Jean Villa. Blue Velvet de David Lynch ou Le Voyage de Chihiro de Myasaki par exemple.\u00a0C\u00f4t\u00e9 jauge, le cin\u00e9ma V\u00e9o Cartoucherie propose une salle de 144 places, une autre de 138 places, une de 75 et une de\u2026 19 places\u2009!<\/p>\n<p>Votre r\u00e9gion, votre actu !<\/p>\n<p>Recevez chaque jour les infos qui comptent pour vous.<\/p>\n<p>\t<a href=\"https:\/\/actu.fr\/newsletter\" class=\"ac-btn ac-btn--corner ac-btn--medium ac-btn--blue800\" rel=\"nofollow noopener\" target=\"_blank\">S&rsquo;incrire<\/a><\/p>\n<p class=\" wall-content\">\u00ab\u20091200 m\u00b2, ce n\u2019est pas \u00e9norme pour un cin\u00e9ma, explique Jean Villa. Il a fallu optimiser\u2009!\u2009\u00bb<\/p>\n<p>    <img   decoding=\"async\" loading=\"lazy\" src=\"https:\/\/www.europesays.com\/fr\/wp-content\/uploads\/2025\/10\/fauteuil-sofas-cinema-veo-cartoucherie-toulouse-lf-960x640.jpg\" alt=\"Des fauteuils hyper confortables ont \u00e9t\u00e9 install\u00e9s dans la plus petite salle du cin\u00e9ma.\" width=\"960\" height=\"640\"\/><br \/>\n    Des fauteuils hyper confortables ont \u00e9t\u00e9 install\u00e9s dans la plus petite salle du cin\u00e9ma. (\u00a9L.F.\/Actu Toulouse)Fauteuils ultra-confortables<\/p>\n<p class=\" wall-content\">Bien que de taille r\u00e9duite, la salle de 19 places a l\u2019immense avantage de proposer des fauteuils anglais ultra-confortables, en mode sofa. <strong>Un petit luxe<\/strong> dont on peut profiter pour le m\u00eame prix que n\u2019importe quelle s\u00e9ance de cin\u00e9ma dans le cin\u00e9ma V\u00e9o cartoucherie.<\/p>\n<p class=\" wall-content\">\u00ab\u2009Il y a un sens politique \u00e0 exploiter un cin\u00e9ma, estime Jean Villa. Je ne veux pas faire de discrimination par le prix.\u2009\u00bb<\/p>\n<p>Prix attractifs<br \/>\n    <img   decoding=\"async\" loading=\"lazy\" src=\"https:\/\/www.europesays.com\/fr\/wp-content\/uploads\/2025\/10\/hall-cinema-cartoucherie-veo-toulouse-lf-960x640.jpg\" alt=\"Le cin\u00e9ma a \u00e9t\u00e9 construit dans une halle de 1200 m\u00b2.\" width=\"960\" height=\"640\"\/><br \/>\n    Le cin\u00e9ma a \u00e9t\u00e9 construit dans une halle de 1200 m\u00b2. (\u00a9L.F.\/Actu Toulouse)<\/p>\n<p class=\" wall-content\">Les prix des s\u00e9ances seront sans doute l\u2019un des grands atouts de ce nouveau cin\u00e9ma. La s\u00e9ance \u00e0 tarif plein est \u00e0 9,90\u00a0euros, les enfants de moins de quatorze ans payent 5\u00a0euros.<\/p>\n<p class=\" wall-content\">\u00ab\u2009On a surtout une carte d\u2019abonnement rechargeable \u00e0 39\u00a0euros les six places, explique Virginie Sansot, directrice du cin\u00e9ma V\u00e9o Cartoucherie. Elle est valable un an. Sur le m\u00eame principe, la carte dix places est \u00e0 65\u00a0euros et dure deux ans. Et ces cartes ne sont pas nominatives.\u2009\u00bb<\/p>\n<p>140\u2009000\u00a0spectateurs attendus la premi\u00e8re ann\u00e9e<\/p>\n<p class=\" wall-content\">La programmation du cin\u00e9ma sera pour moiti\u00e9 g\u00e9n\u00e9raliste et pour moiti\u00e9 art et essai, m\u00eame si le cin\u00e9ma n\u2019est pas labellis\u00e9 en la mati\u00e8re.<\/p>\n<p class=\" wall-content\">\u00ab\u2009On n\u2019a que quatre salles, donc par la force des choses, on ne pourra pas proposer toutes les sorties nationales, explique Jean Villa. Et en m\u00eame temps, les distributeurs demandent beaucoup de s\u00e9ances quand on prend une sortie nationale. Pour nous, \u00e7a peut \u00eatre un bon calcul de diffuser les films quelques semaines apr\u00e8s leurs sorties.\u2009\u00bb<\/p>\n<p class=\" wall-content\">Avec une telle offre, le cin\u00e9ma V\u00e9o cartoucherie entend s\u00e9duire 140\u2009000\u00a0spectateurs sur sa premi\u00e8re ann\u00e9e d\u2019exploitation.<\/p>\n<p class=\" wall-content\"><strong>En vid\u00e9o, le nouveau cin\u00e9ma de la Cartoucherie\u2009:<\/strong><\/p>\n<p class=\" wall-content\"><a href=\"https:\/\/www.instagram.com\/p\/DPoR7A9DDgT\/embed\" title=\"Ouvrir le lien sur Instagram\" rel=\"nofollow noopener\" target=\"_blank\">Visualiser le contenu sur Instagram<\/a><\/p>\n<p>    <a href=\"https:\/\/www.google.com\/maps\/embed?pb=!1m18!1m12!1m3!1d2889.214043832481!2d1.404500874660829!3d43.602084755737685!2m3!1f0!2f0!3f0!3m2!1i1024!2i768!4f13.1!3m3!1m2!1s0x12aebb00328446d5%3A0xccbbc9fb583fee57!2sCin%C3%A9ma%20V%C3%A9o%20Cartoucherie!5e0!3m2!1sfr!2sfr!4v1760098193485!5m2!1sfr!2sfr\" title=\"Ouvrie le lien\" rel=\"nofollow noopener\" target=\"_blank\">Cliquez ici pour visualiser le contenu<\/a><\/p>\n<p><strong>Infos pratiques\u2009:<\/strong><br \/>Cin\u00e9ma V\u00e9o Cartoucherie, 6 place de la Charte des libert\u00e9s communales.<\/p>\n<p class=\" wall-content\">Personnalisez votre actualit\u00e9 en ajoutant vos villes et m\u00e9dias en favori avec <a href=\"https:\/\/moncompte.actu.fr\" title=\"D\u00e9couvez Mon Actu\" rel=\"nofollow noopener\" data-trk=\"{&quot;cta&quot;:{&quot;action&quot;:&quot;https:\\\/\\\/moncompte.actu.fr&quot;,&quot;category&quot;:&quot;mon compte&quot;,&quot;from&quot;:&quot;article footer&quot;,&quot;name&quot;:&quot;Mon actu&quot;,&quot;type&quot;:&quot;cta&quot;}}\" target=\"_blank\">Mon Actu<\/a>.<\/p>\n<p>                    <script async src=\"\/\/www.instagram.com\/embed.js\"><\/script><\/p>\n","protected":false},"excerpt":{"rendered":"Par Lucie Fraisse Publi\u00e9 le 10 oct. 2025 \u00e0 16h28 Moteur, action\u2009! Le cin\u00e9ma V\u00e9o Cartoucherie ouvre ses&hellip;\n","protected":false},"author":2,"featured_media":453888,"comment_status":"","ping_status":"","sticky":false,"template":"","format":"standard","meta":{"footnotes":""},"categories":[2816],"tags":[1111,11,650,1777,674,1011,27,12,2680,25,104,1341,2312],"class_list":{"0":"post-453887","1":"post","2":"type-post","3":"status-publish","4":"format-standard","5":"has-post-thumbnail","7":"category-toulouse","8":"tag-actu","9":"tag-actualites","10":"tag-cinema","11":"tag-eu","12":"tag-europe","13":"tag-fr","14":"tag-france","15":"tag-news","16":"tag-occitanie","17":"tag-republique-francaise","18":"tag-societe","19":"tag-sortir-a-toulouse","20":"tag-toulouse"},"share_on_mastodon":{"url":"https:\/\/pubeurope.com\/@fr\/115352957453757155","error":""},"_links":{"self":[{"href":"https:\/\/www.europesays.com\/fr\/wp-json\/wp\/v2\/posts\/453887","targetHints":{"allow":["GET"]}}],"collection":[{"href":"https:\/\/www.europesays.com\/fr\/wp-json\/wp\/v2\/posts"}],"about":[{"href":"https:\/\/www.europesays.com\/fr\/wp-json\/wp\/v2\/types\/post"}],"author":[{"embeddable":true,"href":"https:\/\/www.europesays.com\/fr\/wp-json\/wp\/v2\/users\/2"}],"replies":[{"embeddable":true,"href":"https:\/\/www.europesays.com\/fr\/wp-json\/wp\/v2\/comments?post=453887"}],"version-history":[{"count":0,"href":"https:\/\/www.europesays.com\/fr\/wp-json\/wp\/v2\/posts\/453887\/revisions"}],"wp:featuredmedia":[{"embeddable":true,"href":"https:\/\/www.europesays.com\/fr\/wp-json\/wp\/v2\/media\/453888"}],"wp:attachment":[{"href":"https:\/\/www.europesays.com\/fr\/wp-json\/wp\/v2\/media?parent=453887"}],"wp:term":[{"taxonomy":"category","embeddable":true,"href":"https:\/\/www.europesays.com\/fr\/wp-json\/wp\/v2\/categories?post=453887"},{"taxonomy":"post_tag","embeddable":true,"href":"https:\/\/www.europesays.com\/fr\/wp-json\/wp\/v2\/tags?post=453887"}],"curies":[{"name":"wp","href":"https:\/\/api.w.org\/{rel}","templated":true}]}}