{"id":453898,"date":"2025-10-11T01:39:11","date_gmt":"2025-10-11T01:39:11","guid":{"rendered":"https:\/\/www.europesays.com\/fr\/453898\/"},"modified":"2025-10-11T01:39:11","modified_gmt":"2025-10-11T01:39:11","slug":"previsions-du-samedi-11-octobre-2025-13","status":"publish","type":"post","link":"https:\/\/www.europesays.com\/fr\/453898\/","title":{"rendered":"pr\u00e9visions du samedi 11 octobre 2025"},"content":{"rendered":"<p class=\"mb-4 text-lg md:leading-8 break-words\"><strong>M\u00e9t\u00e9o &#8211; La journ\u00e9e qui s&rsquo;annonce, promet d&rsquo;\u00eatre belle et ensoleill\u00e9e ! Les temp\u00e9ratures seront de 13\u00b0C la matin\u00e9e et de 19\u00b0C l&rsquo;apr\u00e8s-midi&#8230;<\/strong><\/p>\n<p class=\"mb-4 text-lg md:leading-8 break-words\">Il va faire 15\u00b0C en moyenne \u00e0 Lyon aujourd&rsquo;hui. Petits et grands pourront appr\u00e9cier leur matin\u00e9e sous un ciel l\u00e9g\u00e8rement nuageux. Il fera en moyenne 13\u00b0C. Une brise de nord-est soufflera doucement. Le soleil sera au rendez-vous : un magnifique apr\u00e8s-midi se profile ! Les temp\u00e9ratures vont conna\u00eetre une hausse de plusieurs degr\u00e9s. Les valeurs s&rsquo;\u00e9chelonneront entre 16 et 20\u00b0C. Le soir, apr\u00e8s un bref passage nuageux, le vent va peu \u00e0 peu chasser la grisaille. Le passage de samedi \u00e0 dimanche se fera sous un ciel clair.<\/p>\n<p class=\"mb-4 text-lg md:leading-8 break-words\">Demain, les valeurs seront comprises entre 10 et 20\u00b0C \u00e0 Lyon. On pr\u00e9voit des \u00e9claircies pour cette matin\u00e9e. Un petit vent de nord-est soufflera. Cet apr\u00e8s-midi rimera avec grand soleil. La m\u00e9t\u00e9o va se r\u00e9chauffer avec une augmentation de plusieurs degr\u00e9s. Les temp\u00e9ratures seront de 16\u00b0C au plus bas et de 20\u00b0C au maximum. Des \u00e9claircies feront leur apparition dans la soir\u00e9e. Les valeurs tourneront autour des 14\u00b0C. Une l\u00e9g\u00e8re brise de nord-ouest sera ressentie par les habitants.<\/p>\n<p class=\"mb-4 text-lg md:leading-8 break-words\">Peu d&rsquo;\u00e9volutions au fil des jours. Il fera 14\u00b0C en moyenne pour des journ\u00e9es avec un temps ensoleill\u00e9.<\/p>\n<p class=\"mb-4 text-lg md:leading-8 break-words\"><a href=\"https:\/\/www.20minutes.fr\/planete\/previsions-meteo\/4178634-20251011-meteo-lyon-previsions-samedi-11-octobre-2025?at_medium=RSS%20feed&amp;at_campaign=ynews&amp;utm_source=yahoo&amp;utm_medium=rss&amp;utm_campaign=news_feed&amp;utm_content=read_more_link&quot;\" rel=\"nofollow noopener\" target=\"_blank\" data-ylk=\"slk:Lire la suite sur 20minutes;elm:context_link;itc:0;sec:content-canvas\" class=\"link \">Lire la suite sur 20minutes<\/a><\/p>\n","protected":false},"excerpt":{"rendered":"M\u00e9t\u00e9o &#8211; La journ\u00e9e qui s&rsquo;annonce, promet d&rsquo;\u00eatre belle et ensoleill\u00e9e ! Les temp\u00e9ratures seront de 13\u00b0C la&hellip;\n","protected":false},"author":2,"featured_media":453899,"comment_status":"","ping_status":"","sticky":false,"template":"","format":"standard","meta":{"footnotes":""},"categories":[1889],"tags":[1111,11,2430,1777,674,1011,27,51394,2428,2487,12,25],"class_list":{"0":"post-453898","1":"post","2":"type-post","3":"status-publish","4":"format-standard","5":"has-post-thumbnail","7":"category-lyon","8":"tag-actu","9":"tag-actualites","10":"tag-auvergne-rhone-alpes","11":"tag-eu","12":"tag-europe","13":"tag-fr","14":"tag-france","15":"tag-la-matinee","16":"tag-lyon","17":"tag-meteo","18":"tag-news","19":"tag-republique-francaise"},"share_on_mastodon":{"url":"https:\/\/pubeurope.com\/@fr\/115352984801780706","error":""},"_links":{"self":[{"href":"https:\/\/www.europesays.com\/fr\/wp-json\/wp\/v2\/posts\/453898","targetHints":{"allow":["GET"]}}],"collection":[{"href":"https:\/\/www.europesays.com\/fr\/wp-json\/wp\/v2\/posts"}],"about":[{"href":"https:\/\/www.europesays.com\/fr\/wp-json\/wp\/v2\/types\/post"}],"author":[{"embeddable":true,"href":"https:\/\/www.europesays.com\/fr\/wp-json\/wp\/v2\/users\/2"}],"replies":[{"embeddable":true,"href":"https:\/\/www.europesays.com\/fr\/wp-json\/wp\/v2\/comments?post=453898"}],"version-history":[{"count":0,"href":"https:\/\/www.europesays.com\/fr\/wp-json\/wp\/v2\/posts\/453898\/revisions"}],"wp:featuredmedia":[{"embeddable":true,"href":"https:\/\/www.europesays.com\/fr\/wp-json\/wp\/v2\/media\/453899"}],"wp:attachment":[{"href":"https:\/\/www.europesays.com\/fr\/wp-json\/wp\/v2\/media?parent=453898"}],"wp:term":[{"taxonomy":"category","embeddable":true,"href":"https:\/\/www.europesays.com\/fr\/wp-json\/wp\/v2\/categories?post=453898"},{"taxonomy":"post_tag","embeddable":true,"href":"https:\/\/www.europesays.com\/fr\/wp-json\/wp\/v2\/tags?post=453898"}],"curies":[{"name":"wp","href":"https:\/\/api.w.org\/{rel}","templated":true}]}}