{"id":453900,"date":"2025-10-11T01:41:19","date_gmt":"2025-10-11T01:41:19","guid":{"rendered":"https:\/\/www.europesays.com\/fr\/453900\/"},"modified":"2025-10-11T01:41:19","modified_gmt":"2025-10-11T01:41:19","slug":"les-jeunes-sont-de-plus-en-plus-acteurs-et-actrices-de-leur-sante-mentale-affirme-le-pedopsychiatre-stephane-clerget","status":"publish","type":"post","link":"https:\/\/www.europesays.com\/fr\/453900\/","title":{"rendered":"\u00ab\u00a0Les jeunes sont de plus en plus acteurs et actrices de leur sant\u00e9 mentale\u00a0\u00bb affirme le p\u00e9dopsychiatre St\u00e9phane Clerget"},"content":{"rendered":"<p class=\"PopSlotParagraph qg-tx2 qg-xtra-lh svelte-1r0pyek\">Selon le barom\u00e8tre annuel de Sant\u00e9\u00a0publique France r\u00e9v\u00e9l\u00e9 ce vendredi \u00e0 l\u2019occasion de la Journ\u00e9e mondiale de la sant\u00e9 mentale, 1 adulte sur 20 en France a eu des pens\u00e9es suicidaires en 2024. le nombre de d\u00e9c\u00e8s par suicide s\u2019est stabilis\u00e9 avec environ 9 000 morts enregistr\u00e9es en 2023, principalement des hommes de plus de 45 ans.\u00a0 En ce qui concerne les jeunes, une inqui\u00e9tude particuli\u00e8re concerne les jeunes filles\u00a0: sur 1 000 adolescentes \u00e2g\u00e9es de 11 \u00e0 17 ans, 7 ont \u00e9t\u00e9 hospitalis\u00e9es l\u2019an dernier pour tentative de suicide ou automutilation, contre 4 pour 1 000 chez les jeunes femmes de 18 \u00e0 24 ans.<\/p>\n<p> La psychiatrie, parent pauvre de la m\u00e9decine<\/p>\n<p class=\"PopSlotParagraph qg-tx2 qg-xtra-lh svelte-1r0pyek\">\u00ab\u00a0La sant\u00e9 mentale des jeunes est pr\u00e9occupante, mais il y a de plus en plus de professionnels form\u00e9s \u00e0 la prise en charge des probl\u00e8mes chez les jeunes. Ils en sont eux-m\u00eames de plus en plus acteurs ou actrices, ils se pr\u00e9occupent et n&rsquo;ont plus honte d&rsquo;aller consulter. Ils en parlent entre eux et connaissent les diff\u00e9rents type de souffrance\u00a0\u00bb rassure le p\u00e9dopsychiatre St\u00e9phane Clerget. L\u00e0 o\u00f9 le bas blesse, c&rsquo;est d&rsquo;avantage du c\u00f4t\u00e9 du budget allou\u00e9 \u00e0 la psychiatrie, \u00ab\u00a0la p\u00e9dopsychiatrie et la psychiatrie en g\u00e9n\u00e9ral reste le parent pauvre de la m\u00e9decine et il va falloir y r\u00e9pondre, car la demande cro\u00eet et\u00a0 l&rsquo;opinion publique se pr\u00e9occupe de ses enfants. La sant\u00e9 mentale comme grande cause nationale est une cause perdue il ne s&rsquo;est rien pass\u00e9, nous n&rsquo;avons pas vu un centime\u00a0cette ann\u00e9e\u00a0\u00ab\u00a0.<\/p>\n<p> Moins de tabous, plus de s\u00e9ries<\/p>\n<p class=\"PopSlotParagraph qg-tx2 qg-xtra-lh svelte-1r0pyek\">Une parole qui se lib\u00e8re, une litt\u00e9rature prolixe et des ouvrages de vulgarisation qui se d\u00e9veloppent tous azimut. \u00a0\u00bb Des s\u00e9ries\u00a0 \u00e9galement qui abordent le sujet avec des h\u00e9ros qui ont des probl\u00e9matiques de bipolarit\u00e9 ou autres, des personnalit\u00e9s qui t\u00e9moignent\u00a0\u00bb ajoute le sp\u00e9cialiste en alertant sur l&rsquo;\u00e9mergence des ph\u00e9nom\u00e8nes de \u00ab\u00a0cybercondrie\u00a0\u00bb li\u00e9s \u00e0 la consultation excessive des r\u00e9seaux sociaux. Manque d&rsquo;espace de parole et d&rsquo;\u00e9coute, difficult\u00e9s intrins\u00e8ques \u00e0 cette p\u00e9riode de la vie, \u00ab\u00a0il faut rester vigilent, augmenter les moyens et continuer la recherche\u00a0\u00bb.<\/p>\n<p class=\"PopSlotParagraph qg-tx2 qg-xtra-lh svelte-1r0pyek\"><strong>*Sant\u00e9 publique France rappelle que le num\u00e9ro de t\u00e9l\u00e9phone 31 14 est gratuit et ouvert 24h\/24 en cas de pens\u00e9e suicidaire.<\/strong><\/p>\n","protected":false},"excerpt":{"rendered":"Selon le barom\u00e8tre annuel de Sant\u00e9\u00a0publique France r\u00e9v\u00e9l\u00e9 ce vendredi \u00e0 l\u2019occasion de la Journ\u00e9e mondiale de la&hellip;\n","protected":false},"author":2,"featured_media":453901,"comment_status":"","ping_status":"","sticky":false,"template":"","format":"standard","meta":{"footnotes":""},"categories":[1592],"tags":[1111,11,1777,674,1011,27,662,12,626,25],"class_list":{"0":"post-453900","1":"post","2":"type-post","3":"status-publish","4":"format-standard","5":"has-post-thumbnail","7":"category-ile-de-france","8":"tag-actu","9":"tag-actualites","10":"tag-eu","11":"tag-europe","12":"tag-fr","13":"tag-france","14":"tag-ile-de-france","15":"tag-news","16":"tag-paris","17":"tag-republique-francaise"},"share_on_mastodon":{"url":"https:\/\/pubeurope.com\/@fr\/115352992691493670","error":""},"_links":{"self":[{"href":"https:\/\/www.europesays.com\/fr\/wp-json\/wp\/v2\/posts\/453900","targetHints":{"allow":["GET"]}}],"collection":[{"href":"https:\/\/www.europesays.com\/fr\/wp-json\/wp\/v2\/posts"}],"about":[{"href":"https:\/\/www.europesays.com\/fr\/wp-json\/wp\/v2\/types\/post"}],"author":[{"embeddable":true,"href":"https:\/\/www.europesays.com\/fr\/wp-json\/wp\/v2\/users\/2"}],"replies":[{"embeddable":true,"href":"https:\/\/www.europesays.com\/fr\/wp-json\/wp\/v2\/comments?post=453900"}],"version-history":[{"count":0,"href":"https:\/\/www.europesays.com\/fr\/wp-json\/wp\/v2\/posts\/453900\/revisions"}],"wp:featuredmedia":[{"embeddable":true,"href":"https:\/\/www.europesays.com\/fr\/wp-json\/wp\/v2\/media\/453901"}],"wp:attachment":[{"href":"https:\/\/www.europesays.com\/fr\/wp-json\/wp\/v2\/media?parent=453900"}],"wp:term":[{"taxonomy":"category","embeddable":true,"href":"https:\/\/www.europesays.com\/fr\/wp-json\/wp\/v2\/categories?post=453900"},{"taxonomy":"post_tag","embeddable":true,"href":"https:\/\/www.europesays.com\/fr\/wp-json\/wp\/v2\/tags?post=453900"}],"curies":[{"name":"wp","href":"https:\/\/api.w.org\/{rel}","templated":true}]}}