{"id":453904,"date":"2025-10-11T01:43:23","date_gmt":"2025-10-11T01:43:23","guid":{"rendered":"https:\/\/www.europesays.com\/fr\/453904\/"},"modified":"2025-10-11T01:43:23","modified_gmt":"2025-10-11T01:43:23","slug":"une-avocate-interpellee-apres-avoir-profane-la-tombe-du-soldat-inconnu-2","status":"publish","type":"post","link":"https:\/\/www.europesays.com\/fr\/453904\/","title":{"rendered":"Une avocate interpell\u00e9e apr\u00e8s avoir profan\u00e9 la tombe du Soldat inconnu"},"content":{"rendered":"<p class=\"mb-4 text-lg md:leading-8 break-words\"><strong>enquete &#8211; Ag\u00e9e de 51 ans, la suspecte a \u00e9t\u00e9 transf\u00e9r\u00e9e \u00e0 l\u2019infirmerie psychiatrique de la pr\u00e9fecture de police<\/strong><\/p>\n<p class=\"mb-4 text-lg md:leading-8 break-words\">La suspecte est une avocate inscrite au barreau de Meaux, en <a href=\"https:\/\/www.20minutes.fr\/societe\/seine-et-marne\/?at_medium=RSS%20feed&amp;at_campaign=ynews&amp;utm_source=yahoo&amp;utm_medium=rss&amp;utm_campaign=news_feed&amp;utm_content=in_article_link\" rel=\"nofollow noopener\" target=\"_blank\" data-ylk=\"slk:Seine-et-Marne;elm:context_link;itc:0;sec:content-canvas\" class=\"link \">Seine-et-Marne<\/a>. Comme l\u2019a r\u00e9v\u00e9l\u00e9 <a href=\"https:\/\/www.parismatch.com\/actu\/faits-divers\/info-match-paris-une-avocate-interpellee-apres-avoir-profane-la-tombe-du-soldat-inconnu-258394?at_medium=RSS%20feed&amp;at_campaign=ynews&amp;utm_source=yahoo&amp;utm_medium=rss&amp;utm_campaign=news_feed&amp;utm_content=in_article_link\" rel=\"nofollow noopener\" target=\"_blank\" data-ylk=\"slk:Paris Match;elm:context_link;itc:0;sec:content-canvas\" class=\"link \">Paris Match<\/a>, cette femme de 51 ans a \u00e9t\u00e9 interpell\u00e9e, jeudi apr\u00e8s-midi \u00e0 <a href=\"https:\/\/www.20minutes.fr\/paris\/?at_medium=RSS%20feed&amp;at_campaign=ynews&amp;utm_source=yahoo&amp;utm_medium=rss&amp;utm_campaign=news_feed&amp;utm_content=in_article_link\" rel=\"nofollow noopener\" target=\"_blank\" data-ylk=\"slk:Paris;elm:context_link;itc:0;sec:content-canvas\" class=\"link \">Paris<\/a>, apr\u00e8s avoir d\u00e9grad\u00e9 la flamme du Soldat inconnu, place de l\u2019Etoile, sous l\u2019Arc de triomphe. La quinquag\u00e9naire s\u2019en est ensuite prise \u00e0 l\u2019un des policiers qui sont intervenus.<\/p>\n<p class=\"mb-4 text-lg md:leading-8 break-words\">Les faits ont lieu vers 15h30. Selon nos informations, la suspecte a franchi les barri\u00e8res de protection de la <a href=\"https:\/\/www.20minutes.fr\/justice\/4167319-20250809-paris-homme-allume-cigarette-flamme-soldat-inconnu-condamne?at_medium=RSS%20feed&amp;at_campaign=ynews&amp;utm_source=yahoo&amp;utm_medium=rss&amp;utm_campaign=news_feed&amp;utm_content=in_article_link\" rel=\"nofollow noopener\" target=\"_blank\" data-ylk=\"slk:flamme du Soldat inconnu;elm:context_link;itc:0;sec:content-canvas\" class=\"link \">flamme du Soldat inconnu<\/a>. Puis elle a arrach\u00e9 les fleurs d\u00e9pos\u00e9es sur la tombe. Elle s\u2019est ensuite dirig\u00e9e vers son v\u00e9hicule, une Mini Cooper noire. Le personnel du monument a alert\u00e9 les forces de l\u2019ordre, qui ont tent\u00e9 de l\u2019arr\u00eater en flagrant d\u00e9lit.<\/p>\n<p>\u00ab\u00a0Encul\u00e9s, b\u00e2tards\u00a0\u00bb<\/p>\n<p class=\"mb-4 text-lg md:leading-8 break-words\">La suspecte a refus\u00e9 d\u2019obtemp\u00e9rer et a red\u00e9marr\u00e9 sa voiture. Elle a percut\u00e9 plusieurs policiers, par chance \u00e0 faible allure, et les a copieusement insult\u00e9s en les traitant d&rsquo;\u00ab\u00a0encul\u00e9s\u00a0\u00bb et de \u00ab\u00a0b\u00e2tards\u00a0\u00bb. L\u2019un des fonctionnaires a re\u00e7u\u2026 des p\u00e9tales de fleurs sur la t\u00eate. Alors que cet agent essayait de r\u00e9cup\u00e9rer les cl\u00e9s de la voiture, la conductrice l\u2019a mordu au poignet gauche. Il a bri\u00e8vement d\u00e9gain\u00e9 son arme, puis l\u2019a rang\u00e9e.<\/p>\n<p class=\"mb-4 text-lg md:leading-8 break-words\">Des renforts ont bloqu\u00e9 le v\u00e9hicule de l\u2019avocate, qui a ensuite \u00e9t\u00e9 arr\u00eat\u00e9e. Au regard de son \u00e9tat d\u2019agitation, sa garde \u00e0 vue a \u00e9t\u00e9 suspendue et elle a \u00e9t\u00e9 admise \u00e0 l\u2019infirmerie psychiatrique de la pr\u00e9fecture de police (I3P) afin d\u2019\u00eatre examin\u00e9e par un m\u00e9decin. Contact\u00e9, le parquet de Paris n\u2019a pas encore r\u00e9pondu aux sollicitatio(&#8230;)<\/p>\n<p class=\"mb-4 text-lg md:leading-8 break-words\"><a href=\"https:\/\/www.20minutes.fr\/faits_divers\/faits-divers-paris\/4178533-20251010-paris-avocate-interpellee-apres-avoir-profane-tombe-soldat-inconnu?at_medium=RSS%20feed&amp;at_campaign=ynews&amp;utm_source=yahoo&amp;utm_medium=rss&amp;utm_campaign=news_feed&amp;utm_content=read_more_link&quot;\" rel=\"nofollow noopener\" target=\"_blank\" data-ylk=\"slk:Lire la suite sur 20minutes;elm:context_link;itc:0;sec:content-canvas\" class=\"link \">Lire la suite sur 20minutes<\/a><\/p>\n<p>\u00c0 lire aussi :<br \/><a href=\"https:\/\/www.20minutes.fr\/justice\/4167319-20250809-paris-homme-allume-cigarette-flamme-soldat-inconnu-condamne?at_medium=RSS%20feed&amp;at_campaign=ynews&amp;utm_source=yahoo&amp;utm_medium=rss&amp;utm_campaign=news_feed&amp;utm_content=related_content_link\" rel=\"nofollow noopener\" target=\"_blank\" data-ylk=\"slk:Paris\u00a0: L\u2019homme qui a allum\u00e9 sa cigarette avec la flamme du Soldat inconnu condamn\u00e9;elm:context_link;itc:0;sec:content-canvas\" class=\"link \">Paris\u00a0: L\u2019homme qui a allum\u00e9 sa cigarette avec la flamme du Soldat inconnu condamn\u00e9<\/a><br \/><a href=\"https:\/\/www.20minutes.fr\/justice\/4167129-20250807-paris-homme-allume-cigarette-flamme-soldat-inconnu-juge-vendredi?at_medium=RSS%20feed&amp;at_campaign=ynews&amp;utm_source=yahoo&amp;utm_medium=rss&amp;utm_campaign=news_feed&amp;utm_content=related_content_link\" rel=\"nofollow noopener\" target=\"_blank\" data-ylk=\"slk:Paris\u00a0: L\u2019homme qui a allum\u00e9 sa cigarette avec la flamme du Soldat inconnu sera jug\u00e9 vendredi;elm:context_link;itc:0;sec:content-canvas\" class=\"link \">Paris\u00a0: L\u2019homme qui a allum\u00e9 sa cigarette avec la flamme du Soldat inconnu sera jug\u00e9 vendredi<\/a><\/p>\n","protected":false},"excerpt":{"rendered":"enquete &#8211; Ag\u00e9e de 51 ans, la suspecte a \u00e9t\u00e9 transf\u00e9r\u00e9e \u00e0 l\u2019infirmerie psychiatrique de la pr\u00e9fecture de&hellip;\n","protected":false},"author":2,"featured_media":303690,"comment_status":"","ping_status":"","sticky":false,"template":"","format":"standard","meta":{"footnotes":""},"categories":[1888],"tags":[1111,1928,11,1927,57949,1777,674,1011,27,38986,44254,12,1926,626,1925,4524,25,44064],"class_list":{"0":"post-453904","1":"post","2":"type-post","3":"status-publish","4":"format-standard","5":"has-post-thumbnail","7":"category-paris","8":"tag-actu","9":"tag-actu-paris","10":"tag-actualites","11":"tag-actualites-paris","12":"tag-barrieres-de-protection","13":"tag-eu","14":"tag-europe","15":"tag-fr","16":"tag-france","17":"tag-larc-de-triomphe","18":"tag-la-flamme","19":"tag-news","20":"tag-news-paris","21":"tag-paris","22":"tag-paris-news","23":"tag-prefecture-de-police","24":"tag-republique-francaise","25":"tag-soldat-inconnu"},"share_on_mastodon":{"url":"https:\/\/pubeurope.com\/@fr\/115353000670054199","error":""},"_links":{"self":[{"href":"https:\/\/www.europesays.com\/fr\/wp-json\/wp\/v2\/posts\/453904","targetHints":{"allow":["GET"]}}],"collection":[{"href":"https:\/\/www.europesays.com\/fr\/wp-json\/wp\/v2\/posts"}],"about":[{"href":"https:\/\/www.europesays.com\/fr\/wp-json\/wp\/v2\/types\/post"}],"author":[{"embeddable":true,"href":"https:\/\/www.europesays.com\/fr\/wp-json\/wp\/v2\/users\/2"}],"replies":[{"embeddable":true,"href":"https:\/\/www.europesays.com\/fr\/wp-json\/wp\/v2\/comments?post=453904"}],"version-history":[{"count":0,"href":"https:\/\/www.europesays.com\/fr\/wp-json\/wp\/v2\/posts\/453904\/revisions"}],"wp:featuredmedia":[{"embeddable":true,"href":"https:\/\/www.europesays.com\/fr\/wp-json\/wp\/v2\/media\/303690"}],"wp:attachment":[{"href":"https:\/\/www.europesays.com\/fr\/wp-json\/wp\/v2\/media?parent=453904"}],"wp:term":[{"taxonomy":"category","embeddable":true,"href":"https:\/\/www.europesays.com\/fr\/wp-json\/wp\/v2\/categories?post=453904"},{"taxonomy":"post_tag","embeddable":true,"href":"https:\/\/www.europesays.com\/fr\/wp-json\/wp\/v2\/tags?post=453904"}],"curies":[{"name":"wp","href":"https:\/\/api.w.org\/{rel}","templated":true}]}}