{"id":453905,"date":"2025-10-11T01:44:20","date_gmt":"2025-10-11T01:44:20","guid":{"rendered":"https:\/\/www.europesays.com\/fr\/453905\/"},"modified":"2025-10-11T01:44:20","modified_gmt":"2025-10-11T01:44:20","slug":"belle-brasserie-parisienne-champs-elysee-a-fort-potentielle-de-4","status":"publish","type":"post","link":"https:\/\/www.europesays.com\/fr\/453905\/","title":{"rendered":"Belle brasserie Parisienne (Champs Elys\u00e9e) \u00e0 fort potentielle de"},"content":{"rendered":"<p id=\"offerText\" class=\" keep-format p-0\">Belle brasserie Parisienne (Champs Elys\u00e9e) \u00e0 fort potentielle de restauration et limonade, recherche son responsable salle du soir.&#13;<br \/>\nExp\u00e9rience en management de caf\u00e9\/brasserie obligatoire &#13;<br \/>\nAnglais indispensable. &#13;<br \/>\nPlanning Fixe: 3j de repos cons\u00e9cutifs (mardi\/mercredi\/jeudi)&#13;<br \/>\nSalaire 3200 EUROS NET&#13;<br \/>\nLe service est continu tout au long de la journ\u00e9e. En sa qualit\u00e9 de &lsquo;\u00a0Responsable\u00a0&lsquo; le collaborateur a la responsabilit\u00e9 de l&rsquo;\u00e9tablissement et de son fonctionnement pendant sa pr\u00e9sence (management d&rsquo;une dizaine de collaborateurs). &#8211; Il encadre, organise et coordonne le travail de production et de distribution. &#8211; Il participe \u00e0 la satisfaction des clients dans le respect des r\u00e8gles d&rsquo;hygi\u00e8ne, de qualit\u00e9 et de s\u00e9curit\u00e9.&#13;<br \/>\nBelle client\u00e8le&#13;<br \/>\nTel: 0783186418&#13;<br \/>\nEnvoy\u00e9 CV par mail                                   <\/p>\n","protected":false},"excerpt":{"rendered":"Belle brasserie Parisienne (Champs Elys\u00e9e) \u00e0 fort potentielle de restauration et limonade, recherche son responsable salle du soir.&#13;&hellip;\n","protected":false},"author":2,"featured_media":3470,"comment_status":"","ping_status":"","sticky":false,"template":"","format":"standard","meta":{"footnotes":""},"categories":[1888],"tags":[11,1777,674,1011,27,12,626,25],"class_list":{"0":"post-453905","1":"post","2":"type-post","3":"status-publish","4":"format-standard","5":"has-post-thumbnail","7":"category-paris","8":"tag-actualites","9":"tag-eu","10":"tag-europe","11":"tag-fr","12":"tag-france","13":"tag-news","14":"tag-paris","15":"tag-republique-francaise"},"share_on_mastodon":{"url":"https:\/\/pubeurope.com\/@fr\/115353004529445964","error":""},"_links":{"self":[{"href":"https:\/\/www.europesays.com\/fr\/wp-json\/wp\/v2\/posts\/453905","targetHints":{"allow":["GET"]}}],"collection":[{"href":"https:\/\/www.europesays.com\/fr\/wp-json\/wp\/v2\/posts"}],"about":[{"href":"https:\/\/www.europesays.com\/fr\/wp-json\/wp\/v2\/types\/post"}],"author":[{"embeddable":true,"href":"https:\/\/www.europesays.com\/fr\/wp-json\/wp\/v2\/users\/2"}],"replies":[{"embeddable":true,"href":"https:\/\/www.europesays.com\/fr\/wp-json\/wp\/v2\/comments?post=453905"}],"version-history":[{"count":0,"href":"https:\/\/www.europesays.com\/fr\/wp-json\/wp\/v2\/posts\/453905\/revisions"}],"wp:featuredmedia":[{"embeddable":true,"href":"https:\/\/www.europesays.com\/fr\/wp-json\/wp\/v2\/media\/3470"}],"wp:attachment":[{"href":"https:\/\/www.europesays.com\/fr\/wp-json\/wp\/v2\/media?parent=453905"}],"wp:term":[{"taxonomy":"category","embeddable":true,"href":"https:\/\/www.europesays.com\/fr\/wp-json\/wp\/v2\/categories?post=453905"},{"taxonomy":"post_tag","embeddable":true,"href":"https:\/\/www.europesays.com\/fr\/wp-json\/wp\/v2\/tags?post=453905"}],"curies":[{"name":"wp","href":"https:\/\/api.w.org\/{rel}","templated":true}]}}