{"id":453922,"date":"2025-10-11T01:53:13","date_gmt":"2025-10-11T01:53:13","guid":{"rendered":"https:\/\/www.europesays.com\/fr\/453922\/"},"modified":"2025-10-11T01:53:13","modified_gmt":"2025-10-11T01:53:13","slug":"lecornu-la-resurrection-de-saint-sebastien-liberation","status":"publish","type":"post","link":"https:\/\/www.europesays.com\/fr\/453922\/","title":{"rendered":"Lecornu, la r\u00e9surrection de Saint S\u00e9bastien \u2013 Lib\u00e9ration"},"content":{"rendered":"<p class=\"sc-cPiKLX AiZTS text-element\">M\u00eame joueur joue encore. S\u00e9bastien Lecornu, renomm\u00e9 Premier ministre vendredi \u00e0 22 heures pass\u00e9es, \u00e0 l\u2019issue d\u2019<a href=\"https:\/\/www.liberation.fr\/politique\/demission-de-sebastien-lecornu-le-chaos-en-bande-organisee-20251006_ZEHWY5SKD5D2RNIXXAKIHI4QGA\/\" target=\"_blank\" rel=\"nofollow noopener\">une semaine qui a envoy\u00e9 dans le d\u00e9cor son socle commun<\/a>, repart pour un tour gratuit \u00e0 Matignon. Carbonis\u00e9, mais peut-\u00eatre un peu mieux connu des Fran\u00e7ais qui l\u2019ont vu successivement <a href=\"https:\/\/www.liberation.fr\/politique\/gouvernement-lecornu-accule-et-sous-le-feu-des-critiques-les-raisons-dune-demission-20251006_LD2WBBK7OVBIJIUP6RTVIRF2FI\/\" target=\"_blank\" rel=\"nofollow noopener\">annoncer sa d\u00e9mission lundi<\/a>, puis, charg\u00e9 malgr\u00e9 tout de d\u00e9gager un accord de gouvernement avec les forces parlementaires, faire miroiter mercredi soir de \u00abbonnes nouvelles\u00bb et la perspective d\u2019une hypoth\u00e9tique entente. <\/p>\n<p class=\"sc-cPiKLX AiZTS text-element\">Les conditions de son retour ne pr\u00eatent gu\u00e8re \u00e0 l\u2019optimisme. Soutenu par une base politique toujours plus fragile \u2013 ni LR ni le parti philippiste Horizons ne garantissent \u00e0 cette heure de participer au gouvernement \u2013, l\u2019int\u00e9ress\u00e9 n\u2019a sembl\u00e9 accept\u00e9 sa nomination, dont l\u2019heure tardive laisse deviner de difficiles tractations, que du bout des l\u00e8vres, \u00abpar devoir\u00bb. La situation de ce Premier ministre d\u00e9missionnaire, puis renomm\u00e9, n\u2019a gu\u00e8re d\u2019\u00e9quivalent sous la Ve\u00a0R\u00e9publique\u00a0; elle peut \u00e0 peine se comparer \u00e0 celle de Georges Pompidou en\u00a01962, renvers\u00e9 par l\u2019Assembl\u00e9e mais dont la nomination  <\/p>\n","protected":false},"excerpt":{"rendered":"M\u00eame joueur joue encore. S\u00e9bastien Lecornu, renomm\u00e9 Premier ministre vendredi \u00e0 22 heures pass\u00e9es, \u00e0 l\u2019issue d\u2019une semaine&hellip;\n","protected":false},"author":2,"featured_media":453923,"comment_status":"","ping_status":"","sticky":false,"template":"","format":"standard","meta":{"footnotes":""},"categories":[2],"tags":[11,1073,1011,27,3228,12,429,25,11067],"class_list":{"0":"post-453922","1":"post","2":"type-post","3":"status-publish","4":"format-standard","5":"has-post-thumbnail","7":"category-actualites","8":"tag-actualites","9":"tag-emmanuel-macron","10":"tag-fr","11":"tag-france","12":"tag-lr","13":"tag-news","14":"tag-ps","15":"tag-republique-francaise","16":"tag-sebastien-lecornu"},"share_on_mastodon":{"url":"https:\/\/pubeurope.com\/@fr\/115353039910893820","error":""},"_links":{"self":[{"href":"https:\/\/www.europesays.com\/fr\/wp-json\/wp\/v2\/posts\/453922","targetHints":{"allow":["GET"]}}],"collection":[{"href":"https:\/\/www.europesays.com\/fr\/wp-json\/wp\/v2\/posts"}],"about":[{"href":"https:\/\/www.europesays.com\/fr\/wp-json\/wp\/v2\/types\/post"}],"author":[{"embeddable":true,"href":"https:\/\/www.europesays.com\/fr\/wp-json\/wp\/v2\/users\/2"}],"replies":[{"embeddable":true,"href":"https:\/\/www.europesays.com\/fr\/wp-json\/wp\/v2\/comments?post=453922"}],"version-history":[{"count":0,"href":"https:\/\/www.europesays.com\/fr\/wp-json\/wp\/v2\/posts\/453922\/revisions"}],"wp:featuredmedia":[{"embeddable":true,"href":"https:\/\/www.europesays.com\/fr\/wp-json\/wp\/v2\/media\/453923"}],"wp:attachment":[{"href":"https:\/\/www.europesays.com\/fr\/wp-json\/wp\/v2\/media?parent=453922"}],"wp:term":[{"taxonomy":"category","embeddable":true,"href":"https:\/\/www.europesays.com\/fr\/wp-json\/wp\/v2\/categories?post=453922"},{"taxonomy":"post_tag","embeddable":true,"href":"https:\/\/www.europesays.com\/fr\/wp-json\/wp\/v2\/tags?post=453922"}],"curies":[{"name":"wp","href":"https:\/\/api.w.org\/{rel}","templated":true}]}}