{"id":453927,"date":"2025-10-11T01:58:20","date_gmt":"2025-10-11T01:58:20","guid":{"rendered":"https:\/\/www.europesays.com\/fr\/453927\/"},"modified":"2025-10-11T01:58:20","modified_gmt":"2025-10-11T01:58:20","slug":"coupe-du-monde-de-rugby-2027-coupe-des-nations-test-matches-tf1-accelere-sur-le-rugby-lequipe","status":"publish","type":"post","link":"https:\/\/www.europesays.com\/fr\/453927\/","title":{"rendered":"Coupe du monde de rugby 2027, Coupe des nations, test-matches&#8230; TF1 acc\u00e9l\u00e8re sur le rugby &#8211; L&#039;\u00c9quipe"},"content":{"rendered":"<ol>\n<li><a href=\"https:\/\/news.google.com\/rss\/articles\/CBMizwFBVV95cUxNTEtFOW94VFo0UC14VjV4eHIxVjZwV0YtOHRqTXVNRkg3WDlBWlRVWDhhQ3N5YzQycWF3VEdsa2dCaU96N2RIOUZNWEQ2Ykctd1Z2WjRHcEtZS09FYjcwbVRXNWprbUgyQURJSDFBbVczcExZSEpKZWZINFlHczkzX1pWeHdfRDhYQlBObHM5QzBLZEI1cnNHUDNqWUpMMzZwcU90ZTVhd25mTndEUlVXVjRCbzRYemt4b1RuLU9MYnFpNjZPeFRJcWc3ZGQ5T2c?oc=5\" target=\"_blank\" rel=\"nofollow noopener\">Coupe du monde de rugby 2027, Coupe des nations, test-matches&#8230; TF1 acc\u00e9l\u00e8re sur le rugby<\/a>&nbsp;&nbsp;L&rsquo;\u00c9quipe<\/li>\n<li><a href=\"https:\/\/news.google.com\/rss\/articles\/CBMi3wFBVV95cUxQUDBIV0c1NUVOTkpmSmp1QlFWSEljOFFlalI5T0g3Um9pek1kNlVVbWx6NDFWZndSWFZ4a2xpVFl0anktcHRzRHpmdW90LXlGUVdXRHdlWmFUU3V4S1hGeW5NSUVRdzhVZTEzSkdZSzlhamhZTWFveW1JaXlIQkpaaGFVb0RZZmsyV2VzeVB1LWpmMTdWUUdqVEk3d2syUlJxNXhObXVTWkFNcTJTc0tadUZjRWRzZ1R0SWdLbmx6Wk1KWV81WXdoMnN2VEZKclFBWUxiV3lVazVSczRMZ0xJ?oc=5\" target=\"_blank\" rel=\"nofollow noopener\">Le groupe TF1 obtient les droits exclusifs de diffusion du Mondial australien et du Nations Championship<\/a>&nbsp;&nbsp;Rugbyrama<\/li>\n<li><a href=\"https:\/\/news.google.com\/rss\/articles\/CBMilAJBVV95cUxQeEFsdGpfc3ZsNC1iR2ZpT3lYUWR6eHVla3VRbGFiYWFpbk8tejN3MlZpUktQY1AtZ0xFOU9QVm5mbFo5V2VmVzJxQmtLSUVCQmczZGJNRk5vWWxXazNGS3o4YTlDa3lQVFVESXJBUktrNEVCdEJRZGVhRi0tSHhfa2dCcVFiTDhFRUs4X0FBb2VXNExNbDJLYU0zbF9Td0pYQmUtVDVBYmM4Nm9ZMEpJQ3dYTmE5Zk52ek14T1BrQkVzMFdJNWVKekxwdWVhUHhLT1JiUXNmRTFuSGRzd0dJWTU4WVh5LTJPLWdINkpLX3lNeVRDZ2hfaVhNSlJLRTRNQklwX2pVbGdOVmZqSmNjQ2lBUmk?oc=5\" target=\"_blank\" rel=\"nofollow noopener\">Rodolphe Belmer, PDG de TF1, sur l&rsquo;acquisition de la Coupe du monde 2027 en Australie : \u00ab Nous assurons 17 prime-time par an avec les Bleus du foot et du rugby \u00bb<\/a>&nbsp;&nbsp;L&rsquo;\u00c9quipe<\/li>\n<li><a href=\"https:\/\/news.google.com\/rss\/articles\/CBMiwgFBVV95cUxOSVhfRGczOG1Ia281MlpzOUx3OUo0RU5UQWpUVzJmdS1uRUx3M3dOYzFJbmtadVp1a3B3cWtvVXh3SFUzZXhKMGMwZlpBalUyNk9hS3dTUXAtYjNENkREZjdXMHItaDR3UThJUi1CZS1IeFdOQmJqclhOYnFQM3R6OS1EUlN3LVlHX3BNamdGZ202UlhjZm9ITlJnTXYzeG94eDVzVDB0Y0Q1bUN3U19OWkg0YkZkWFFHTS03cy1yYTJPZw?oc=5\" target=\"_blank\" rel=\"nofollow noopener\">Rugby : le groupe TF1 r\u00e9cup\u00e8re les droits de la Coupe du monde 2027 et la majorit\u00e9 des matchs des Bleus jusqu\u2019en 2029<\/a>&nbsp;&nbsp;Le Figaro<\/li>\n<li><a href=\"https:\/\/news.google.com\/rss\/articles\/CBMi3AFBVV95cUxON2tLcHJCQlNnTnhWZFBHdXhSNmE5WEF0dUJfMThmcXFyX2c0WmxueVhEdms5NV9ZNlUyV00tdFNYSUNvb3BJUmNCU09qX0JiUWZTbHhpYWF2Z2hRM0JzeDJnQmlOT0VSTFBXbVZ4QmZyT0c3WTdLRFJVd2ZRaWpINEI3MW5yaUNLQnVsZGxNTWk4cG1lYU5PRlBQZUZoYUhOc1Q2bDJBNVFjdGFWcnVoaDJiRUZyNjkwZm9HV1MxWTVOaTQ1cEpiZ0t5cmE1R1dNVjFsWkdGeDJGeTVD?oc=5\" target=\"_blank\" rel=\"nofollow noopener\">TF1 diffusera le Mondial du rugby en 2027 ainsi que les futures Coupes des Nations 2026 et 2028<\/a>&nbsp;&nbsp;Midi Libre<\/li>\n<\/ol>\n","protected":false},"excerpt":{"rendered":"Coupe du monde de rugby 2027, Coupe des nations, test-matches&#8230; TF1 acc\u00e9l\u00e8re sur le rugby&nbsp;&nbsp;L&rsquo;\u00c9quipe Le groupe TF1&hellip;\n","protected":false},"author":2,"featured_media":453928,"comment_status":"","ping_status":"","sticky":false,"template":"","format":"standard","meta":{"footnotes":""},"categories":[1416],"tags":[1011,27,479,1468,60],"class_list":{"0":"post-453927","1":"post","2":"type-post","3":"status-publish","4":"format-standard","5":"has-post-thumbnail","7":"category-rugby","8":"tag-fr","9":"tag-france","10":"tag-rugby","11":"tag-rugby-football","12":"tag-sports"},"share_on_mastodon":{"url":"https:\/\/pubeurope.com\/@fr\/115353059725901087","error":""},"_links":{"self":[{"href":"https:\/\/www.europesays.com\/fr\/wp-json\/wp\/v2\/posts\/453927","targetHints":{"allow":["GET"]}}],"collection":[{"href":"https:\/\/www.europesays.com\/fr\/wp-json\/wp\/v2\/posts"}],"about":[{"href":"https:\/\/www.europesays.com\/fr\/wp-json\/wp\/v2\/types\/post"}],"author":[{"embeddable":true,"href":"https:\/\/www.europesays.com\/fr\/wp-json\/wp\/v2\/users\/2"}],"replies":[{"embeddable":true,"href":"https:\/\/www.europesays.com\/fr\/wp-json\/wp\/v2\/comments?post=453927"}],"version-history":[{"count":0,"href":"https:\/\/www.europesays.com\/fr\/wp-json\/wp\/v2\/posts\/453927\/revisions"}],"wp:featuredmedia":[{"embeddable":true,"href":"https:\/\/www.europesays.com\/fr\/wp-json\/wp\/v2\/media\/453928"}],"wp:attachment":[{"href":"https:\/\/www.europesays.com\/fr\/wp-json\/wp\/v2\/media?parent=453927"}],"wp:term":[{"taxonomy":"category","embeddable":true,"href":"https:\/\/www.europesays.com\/fr\/wp-json\/wp\/v2\/categories?post=453927"},{"taxonomy":"post_tag","embeddable":true,"href":"https:\/\/www.europesays.com\/fr\/wp-json\/wp\/v2\/tags?post=453927"}],"curies":[{"name":"wp","href":"https:\/\/api.w.org\/{rel}","templated":true}]}}