{"id":453930,"date":"2025-10-11T02:01:19","date_gmt":"2025-10-11T02:01:19","guid":{"rendered":"https:\/\/www.europesays.com\/fr\/453930\/"},"modified":"2025-10-11T02:01:19","modified_gmt":"2025-10-11T02:01:19","slug":"le-motogp-devoile-le-programme-complet-des-essais-hivernaux-de-la-saison-2026-lequipe","status":"publish","type":"post","link":"https:\/\/www.europesays.com\/fr\/453930\/","title":{"rendered":"Le MotoGP d\u00e9voile le programme complet des essais hivernaux de la saison 2026 &#8211; L&#039;\u00c9quipe"},"content":{"rendered":"<ol>\n<li><a href=\"https:\/\/news.google.com\/rss\/articles\/CBMiwgFBVV95cUxQbHJuMlowR2cwR21WMjV1UHF4UjlPVUtNSE5LOFdUalJFa3F5R3NuaGtGZ0dxeGNacGVxem1feUsxSldHU0J3UUlHLVYyVk9KWjlaY0JiZmZFaVYtdDI4cWhTMzFPeElNRlRDZHNVT0k5dkJ4aTJudlgzT2VwZDV0SmJTalVhSW5FUnNDVzcwVUFVbFdMRHBvVFNnLWdfUnVTT3NlNDQyZWNXTGh6TkN2c1pZS1FDTkg2Qk1jUjFkYXQ4Zw?oc=5\" target=\"_blank\" rel=\"nofollow noopener\">Le MotoGP d\u00e9voile le programme complet des essais hivernaux de la saison 2026<\/a>&nbsp;&nbsp;L&rsquo;\u00c9quipe<\/li>\n<li><a href=\"https:\/\/news.google.com\/rss\/articles\/CBMimAFBVV95cUxNUFo4U24wOGpSTjBkbWtZLVotUzVvWGVhUWRlbTVTMWN3cS1OaW8wOERJT0o0YU9nTWh5SEZyM3hnSXlpaWZOVjNCU0dCUEtKRWwzVFZsSHhYNVo1aEV3MXZTTEx4dl94Yng4TTJSbUZPbDE2NG9QNWJ6M1h2SnRtSE9JaWJTWVV4XzVhZ280cFBsc1AwX3NSNQ?oc=5\" target=\"_blank\" rel=\"nofollow noopener\">Les dates de la pr\u00e9-saison 2026 sont connues !<\/a>&nbsp;&nbsp;motogp.com<\/li>\n<li><a href=\"https:\/\/news.google.com\/rss\/articles\/CBMiugFBVV95cUxNYkEyNzV2V0R6X2prUkdtZUdwWFFyTVRwS1JIZ2RYc3ZFZDI5dmhtX09ibXFnLWlPRzlROWo1V3ZpVUJqMFZtWEkwaVVUMHkwOXlHZW8ydVl4UDlhaTlsRk1zV2pORWlXWVpBT0VvMDQyOWtlc05HaThIbW80c2o4WFFyR1JJcGZjOGU2NEYxMjN2cWVTNmxuRkdzT0pJVFk0WGZzTTZLSUFHTVAtSjdqUGhYZjBCelF2dWc?oc=5\" target=\"_blank\" rel=\"nofollow noopener\">MotoGP L\u2019excellente nouvelle d\u00e9gringole : dates et horaires des tests 2026 !<\/a>&nbsp;&nbsp;Le Mag Sport Auto<\/li>\n<li><a href=\"https:\/\/news.google.com\/rss\/articles\/CBMimgFBVV95cUxQODhJOThsNjJrMnUzZXdpWFJITUJNYi04TEt5T1Zjay11ZW0tUjExMk1jRDcyYURlNUtsZWtvUkl6b3VaTUR1M0dGZF84eUJ6R3ZQUlVFcmthZE5mUF9OMnA2R3E2OUlZUmp0QjAxeTZqVjhqVDBxZnQ3bmJYa0dJOS1hOVN5bDZsRkUwN1k0ZWJ2Zl9QSlRFZEFn?oc=5\" target=\"_blank\" rel=\"nofollow noopener\">Le MotoGP officialise les dates des essais hivernaux<\/a>&nbsp;&nbsp;Motorsport.com<\/li>\n<li><a href=\"https:\/\/news.google.com\/rss\/articles\/CBMilAFBVV95cUxNYlNXbllCTTdmUVF3cGVIcUhmX2VYcm5tckotRFVEX29ST3BTMDd2Rm0xTjRBV0pOd3dOU3k2NTBoSklnMDVRLWx4b3FYMzJ1ZkZkRUFQMFpRRFhtRmFHU3lNRnNrS1NlSG50YXVCWmprMnBXUTdMWUFzZHl2NndNbkRuZzljSmtqNjlmZTJLWlViWlBk?oc=5\" target=\"_blank\" rel=\"nofollow noopener\">MotoGP 2026 : Avec les dates des tests, on sait d\u00e9j\u00e0 presque tout !<\/a>&nbsp;&nbsp;Paddock GP<\/li>\n<\/ol>\n","protected":false},"excerpt":{"rendered":"Le MotoGP d\u00e9voile le programme complet des essais hivernaux de la saison 2026&nbsp;&nbsp;L&rsquo;\u00c9quipe Les dates de la pr\u00e9-saison&hellip;\n","protected":false},"author":2,"featured_media":453931,"comment_status":"","ping_status":"","sticky":false,"template":"","format":"standard","meta":{"footnotes":""},"categories":[1413],"tags":[1011,27,1457,1456,60],"class_list":{"0":"post-453930","1":"post","2":"type-post","3":"status-publish","4":"format-standard","5":"has-post-thumbnail","7":"category-moto","8":"tag-fr","9":"tag-france","10":"tag-moto","11":"tag-motocycle","12":"tag-sports"},"share_on_mastodon":{"url":"https:\/\/pubeurope.com\/@fr\/115353071931902841","error":""},"_links":{"self":[{"href":"https:\/\/www.europesays.com\/fr\/wp-json\/wp\/v2\/posts\/453930","targetHints":{"allow":["GET"]}}],"collection":[{"href":"https:\/\/www.europesays.com\/fr\/wp-json\/wp\/v2\/posts"}],"about":[{"href":"https:\/\/www.europesays.com\/fr\/wp-json\/wp\/v2\/types\/post"}],"author":[{"embeddable":true,"href":"https:\/\/www.europesays.com\/fr\/wp-json\/wp\/v2\/users\/2"}],"replies":[{"embeddable":true,"href":"https:\/\/www.europesays.com\/fr\/wp-json\/wp\/v2\/comments?post=453930"}],"version-history":[{"count":0,"href":"https:\/\/www.europesays.com\/fr\/wp-json\/wp\/v2\/posts\/453930\/revisions"}],"wp:featuredmedia":[{"embeddable":true,"href":"https:\/\/www.europesays.com\/fr\/wp-json\/wp\/v2\/media\/453931"}],"wp:attachment":[{"href":"https:\/\/www.europesays.com\/fr\/wp-json\/wp\/v2\/media?parent=453930"}],"wp:term":[{"taxonomy":"category","embeddable":true,"href":"https:\/\/www.europesays.com\/fr\/wp-json\/wp\/v2\/categories?post=453930"},{"taxonomy":"post_tag","embeddable":true,"href":"https:\/\/www.europesays.com\/fr\/wp-json\/wp\/v2\/tags?post=453930"}],"curies":[{"name":"wp","href":"https:\/\/api.w.org\/{rel}","templated":true}]}}