{"id":453932,"date":"2025-10-11T02:02:12","date_gmt":"2025-10-11T02:02:12","guid":{"rendered":"https:\/\/www.europesays.com\/fr\/453932\/"},"modified":"2025-10-11T02:02:12","modified_gmt":"2025-10-11T02:02:12","slug":"un-ancien-pilote-de-f1-interdit-de-conduire-pendant-six-mois-pour-exces-de-vitesse","status":"publish","type":"post","link":"https:\/\/www.europesays.com\/fr\/453932\/","title":{"rendered":"Un ancien pilote de F1 interdit de conduire pendant six mois pour exc\u00e8s de vitesse"},"content":{"rendered":"<p itemprop=\"description\">Un ex-pilote britannique, connu pour ses<br \/>\npassages chez McLaren et Ligier, a \u00e9t\u00e9 sanctionn\u00e9 apr\u00e8s avoir \u00e9t\u00e9<br \/>\npris en flagrant d\u00e9lit de grande vitesse sur une route du<br \/>\nNorthamptonshire.<\/p>\n<p data-start=\"359\" data-end=\"736\">Mark Blundell, ancien pilote de<br \/>\nFormule 1 et vainqueur des 24 Heures du Mans, vient d\u2019\u00e9coper d\u2019une<br \/>\nsuspension de permis de six mois pour exc\u00e8s de vitesse. L\u2019homme de<br \/>\n59 ans a \u00e9t\u00e9 flash\u00e9 le 30 novembre dernier au volant de son Land<br \/>\nRover \u00e0 96 mph (environ 155 km\/h) sur une portion limit\u00e9e \u00e0 70 mph<br \/>\n(113 km\/h) dans le comt\u00e9 de Northamptonshire, au Royaume-Uni.<\/p>\n<p data-start=\"738\" data-end=\"1050\">Bien qu\u2019il n\u2019ait pas assist\u00e9<br \/>\npersonnellement \u00e0 l\u2019audience, Blundell \u00e9tait repr\u00e9sent\u00e9 par son<br \/>\navocat, qui a plaid\u00e9 coupable en son nom devant le tribunal de<br \/>\nNorthamptonshire. La d\u00e9cision est tomb\u00e9e : une interdiction de<br \/>\nconduire pour six mois, assortie de cinq points suppl\u00e9mentaires sur<br \/>\nson permis.<\/p>\n<p data-start=\"1052\" data-end=\"1262\">L\u2019ancien pilote devra<br \/>\n\u00e9galement s\u2019acquitter d\u2019une amende totale de 1 042 livres sterling,<br \/>\ncomprenant la sanction principale, les frais de justice et une<br \/>\ncontribution au fonds d\u2019indemnisation des victimes.<\/p>\n<p>Une carri\u00e8re marqu\u00e9e par la<br \/>\npolyvalence et la long\u00e9vit\u00e9<\/p>\n<p data-start=\"1332\" data-end=\"1627\">Avant cet \u00e9pisode judiciaire,<br \/>\nMark Blundell \u00e9tait surtout reconnu pour sa longue carri\u00e8re en<br \/>\nsport automobile, qui s\u2019est \u00e9tendue de 1984 \u00e0 2003. Il a couru pour<br \/>\nBrabham, Tyrrell, Ligier et <a href=\"https:\/\/f1i.autojournal.fr\/dossiers\/ecuries-de-f1\/mclaren-f1-team-357173.html\" target=\"_blank\" rel=\"noopener\"><br \/>\nMcLaren<\/a> en Formule 1, prenant part \u00e0 61 Grands Prix et montant<br \/>\ntrois fois sur le podium.<\/p>\n<p data-start=\"1629\" data-end=\"1929\">Mais c\u2019est surtout en<br \/>\nendurance que le Britannique s\u2019est illustr\u00e9, remportant les 24<br \/>\nHeures du Mans 1992 avec Peugeot, en compagnie de Derek Warwick et<br \/>\nYannick Dalmas. Par la suite, Blundell a poursuivi sa carri\u00e8re<br \/>\noutre-Atlantique en participant au championnat CART (anc\u00eatre de<br \/>\nl\u2019IndyCar).<\/p>\n<p>Une reconversion r\u00e9ussie dans<br \/>\nle management sportif<\/p>\n<p data-start=\"1995\" data-end=\"2312\">Apr\u00e8s avoir raccroch\u00e9 le<br \/>\ncasque en 2003, Mark Blundell s\u2019est reconverti avec succ\u00e8s dans le<br \/>\nmanagement de sportifs professionnels. En 2004, il a fond\u00e9 l\u2019agence<br \/>\n2MB Sports Management, aux c\u00f4t\u00e9s de son ami et ancien co\u00e9quipier<br \/>\nMartin Brundle, aujourd\u2019hui consultant vedette de la Formule 1 sur<br \/>\nSky Sports F1.<\/p>\n<p data-start=\"2314\" data-end=\"2441\">L\u2019entreprise g\u00e8re les<br \/>\ncarri\u00e8res de plusieurs pilotes, dont certains \u00e9voluent dans les<br \/>\ncat\u00e9gories de monoplace ou d\u2019endurance.<\/p>\n<p data-start=\"2503\" data-end=\"2711\">Si cette affaire d\u2019exc\u00e8s de<br \/>\nvitesse reste sans gravit\u00e9, elle entache quelque peu la r\u00e9putation<br \/>\nde l\u2019ancien pilote, connu pour son professionnalisme et son r\u00f4le<br \/>\nd\u2019ambassadeur du sport automobile britannique.<\/p>\n<p data-start=\"2503\" data-end=\"2711\">Blundell n\u2019a pas encore r\u00e9agi<br \/>\npubliquement \u00e0 cette d\u00e9cision, mais il devra patienter plusieurs<br \/>\nmois avant de reprendre le volant \u2014 cette fois, sur route ouverte<br \/>\nplut\u00f4t que sur circuit.<\/p>\n","protected":false},"excerpt":{"rendered":"Un ex-pilote britannique, connu pour ses passages chez McLaren et Ligier, a \u00e9t\u00e9 sanctionn\u00e9 apr\u00e8s avoir \u00e9t\u00e9 pris&hellip;\n","protected":false},"author":2,"featured_media":453933,"comment_status":"","ping_status":"","sticky":false,"template":"","format":"standard","meta":{"footnotes":""},"categories":[1412],"tags":[1451,1452,1453,1454,1455,1011,27,57956,60],"class_list":{"0":"post-453932","1":"post","2":"type-post","3":"status-publish","4":"format-standard","5":"has-post-thumbnail","7":"category-f1","8":"tag-f1","9":"tag-formula-1","10":"tag-formula1","11":"tag-formule-1","12":"tag-formule1","13":"tag-fr","14":"tag-france","15":"tag-mark-blundell","16":"tag-sports"},"share_on_mastodon":{"url":"https:\/\/pubeurope.com\/@fr\/115353075323018940","error":""},"_links":{"self":[{"href":"https:\/\/www.europesays.com\/fr\/wp-json\/wp\/v2\/posts\/453932","targetHints":{"allow":["GET"]}}],"collection":[{"href":"https:\/\/www.europesays.com\/fr\/wp-json\/wp\/v2\/posts"}],"about":[{"href":"https:\/\/www.europesays.com\/fr\/wp-json\/wp\/v2\/types\/post"}],"author":[{"embeddable":true,"href":"https:\/\/www.europesays.com\/fr\/wp-json\/wp\/v2\/users\/2"}],"replies":[{"embeddable":true,"href":"https:\/\/www.europesays.com\/fr\/wp-json\/wp\/v2\/comments?post=453932"}],"version-history":[{"count":0,"href":"https:\/\/www.europesays.com\/fr\/wp-json\/wp\/v2\/posts\/453932\/revisions"}],"wp:featuredmedia":[{"embeddable":true,"href":"https:\/\/www.europesays.com\/fr\/wp-json\/wp\/v2\/media\/453933"}],"wp:attachment":[{"href":"https:\/\/www.europesays.com\/fr\/wp-json\/wp\/v2\/media?parent=453932"}],"wp:term":[{"taxonomy":"category","embeddable":true,"href":"https:\/\/www.europesays.com\/fr\/wp-json\/wp\/v2\/categories?post=453932"},{"taxonomy":"post_tag","embeddable":true,"href":"https:\/\/www.europesays.com\/fr\/wp-json\/wp\/v2\/tags?post=453932"}],"curies":[{"name":"wp","href":"https:\/\/api.w.org\/{rel}","templated":true}]}}