{"id":453936,"date":"2025-10-11T02:04:11","date_gmt":"2025-10-11T02:04:11","guid":{"rendered":"https:\/\/www.europesays.com\/fr\/453936\/"},"modified":"2025-10-11T02:04:11","modified_gmt":"2025-10-11T02:04:11","slug":"la-reserve-olympienne-sincline-face-au-red-star-en-amical","status":"publish","type":"post","link":"https:\/\/www.europesays.com\/fr\/453936\/","title":{"rendered":"la r\u00e9serve olympienne s&rsquo;incline face au Red Star en amical"},"content":{"rendered":"<p>Afin de ne pas perdre le rythme en cette tr\u00eave internationale, <a href=\"https:\/\/www.laprovence.com\/article\/om\/4823146097713114\/om-national-3-les-olympiens-se-sont-fait-punir-en-fin-de-match-par-bourgoin-jallieu\" target=\"_blank\" rel=\"noopener\">la r\u00e9serve de l&rsquo;OM<\/a> a affront\u00e9 le Red Star (Ligue 2) hier lors d&rsquo;un <a href=\"https:\/\/www.laprovence.com\/article\/om\/47792497035075\/om-national-3-youth-league-challenge-espoirs-la-saison-sannonce-chargee-pour-les-jeunes-olympiens\" target=\"_blank\" rel=\"noopener\">\u00ab\u00a0match de d\u00e9veloppement\u00a0\u00bb<\/a> disput\u00e9 en banlieue parisienne (d\u00e9faite 1-0). \u00ab\u00a0C&rsquo;est dommage, mais dans l&rsquo;intensit\u00e9, l&rsquo;engagement et les duels on a su r\u00e9pondre pr\u00e9sent. C&rsquo;est vraiment encourageant, et \u00e7a permet aux joueurs de voir ce que peut \u00eatre l&rsquo;intensit\u00e9 de la Ligue 2\u00a0\u00bb, soulignait <a href=\"https:\/\/www.laprovence.com\/article\/om\/11910879859653\/om-nouveau-role-preparation-lofteurs-lentraineur-de-la-reserve-romain-ferrier-se-livre\" target=\"_blank\" rel=\"noopener\">Romain Ferrier<\/a>.<\/p>\n<p>L&rsquo;entra\u00eeneur de la Pro 2 avait s\u00e9lectionn\u00e9 une majeure partie de son groupe habituel, ainsi que quelques U19 (voir ci-dessous). De son c\u00f4t\u00e9, le Red Star avait align\u00e9 une majorit\u00e9 de joueurs professionnels, dont certains en reprise.<\/p>\n<p><strong>Le groupe olympien\u00a0: Van Neck, Diarra (g), Hamzaoui, Cl\u00e9ment, Bezahaf, Daubenfeld, Ouro, Pambani, Camara, Agbeveh (essai), Moreira, Issanga, Kamissoko, Tunkadi, Abdallah, Mabomba, Le Pironnec, Sidi Ali, Lago, Mughe, Magaud.<\/strong><\/p>\n","protected":false},"excerpt":{"rendered":"Afin de ne pas perdre le rythme en cette tr\u00eave internationale, la r\u00e9serve de l&rsquo;OM a affront\u00e9 le&hellip;\n","protected":false},"author":2,"featured_media":453937,"comment_status":"","ping_status":"","sticky":false,"template":"","format":"standard","meta":{"footnotes":""},"categories":[1410],"tags":[17,2823,63,1011,27,57957,149,19582,18357,39220,60,974],"class_list":{"0":"post-453936","1":"post","2":"type-post","3":"status-publish","4":"format-standard","5":"has-post-thumbnail","7":"category-football","8":"tag-17","9":"tag-face","10":"tag-football","11":"tag-fr","12":"tag-france","13":"tag-olympienne","14":"tag-om","15":"tag-red","16":"tag-reserve","17":"tag-sincline","18":"tag-sports","19":"tag-star"},"share_on_mastodon":{"url":"https:\/\/pubeurope.com\/@fr\/115353083151857525","error":""},"_links":{"self":[{"href":"https:\/\/www.europesays.com\/fr\/wp-json\/wp\/v2\/posts\/453936","targetHints":{"allow":["GET"]}}],"collection":[{"href":"https:\/\/www.europesays.com\/fr\/wp-json\/wp\/v2\/posts"}],"about":[{"href":"https:\/\/www.europesays.com\/fr\/wp-json\/wp\/v2\/types\/post"}],"author":[{"embeddable":true,"href":"https:\/\/www.europesays.com\/fr\/wp-json\/wp\/v2\/users\/2"}],"replies":[{"embeddable":true,"href":"https:\/\/www.europesays.com\/fr\/wp-json\/wp\/v2\/comments?post=453936"}],"version-history":[{"count":0,"href":"https:\/\/www.europesays.com\/fr\/wp-json\/wp\/v2\/posts\/453936\/revisions"}],"wp:featuredmedia":[{"embeddable":true,"href":"https:\/\/www.europesays.com\/fr\/wp-json\/wp\/v2\/media\/453937"}],"wp:attachment":[{"href":"https:\/\/www.europesays.com\/fr\/wp-json\/wp\/v2\/media?parent=453936"}],"wp:term":[{"taxonomy":"category","embeddable":true,"href":"https:\/\/www.europesays.com\/fr\/wp-json\/wp\/v2\/categories?post=453936"},{"taxonomy":"post_tag","embeddable":true,"href":"https:\/\/www.europesays.com\/fr\/wp-json\/wp\/v2\/tags?post=453936"}],"curies":[{"name":"wp","href":"https:\/\/api.w.org\/{rel}","templated":true}]}}