{"id":453938,"date":"2025-10-11T02:05:17","date_gmt":"2025-10-11T02:05:17","guid":{"rendered":"https:\/\/www.europesays.com\/fr\/453938\/"},"modified":"2025-10-11T02:05:17","modified_gmt":"2025-10-11T02:05:17","slug":"estelle-denis-visee-par-un-colis-piege-elle-reagit-pour-la-premiere-fois-face-a-mohamed-bouhafsi-video","status":"publish","type":"post","link":"https:\/\/www.europesays.com\/fr\/453938\/","title":{"rendered":"Estelle Denis vis\u00e9e par un colis pi\u00e9g\u00e9, elle r\u00e9agit pour la premi\u00e8re fois face \u00e0 Mohamed Bouhafsi (VIDEO)"},"content":{"rendered":"<p>Estelle Denis a profit\u00e9 de sa pr\u00e9sence sur le plateau de C \u00e0 vous pour r\u00e9agir pour la premi\u00e8re fois \u00e0 l&rsquo;affaire des colis pi\u00e9g\u00e9s qui lui ont \u00e9t\u00e9 adress\u00e9s \u00e0 elle, ainsi qu&rsquo;\u00e0 Manuel Bompard et Elodie Poux. Un homme d&rsquo;une cinquantaine d&rsquo;ann\u00e9es a \u00e9t\u00e9 jug\u00e9, ce vendredi 10 octobre, pour ces faits.<\/p>\n<p>Samedi dernier, un colis pi\u00e9g\u00e9 destin\u00e9 au d\u00e9put\u00e9 La France Insoumise Manuel Bompard a explos\u00e9 dans un v\u00e9hicule de La Poste en Dordogne. L&rsquo;enqu\u00eate a d\u00e9montr\u00e9 que deux autres paquets similaires avaient \u00e9t\u00e9 adress\u00e9s \u00e0 l&rsquo;humoriste Elodie Poux et \u00e0 l&rsquo;animatrice Estelle Denis. Si ces engins explosifs n&rsquo;\u00e9taient pas l\u00e9taux, comme le rappelle le journal 20 minutes, ils auraient cependant pu blesser leurs destinataires. L&rsquo;enqu\u00eate men\u00e9e par la section de recherches de Bordeaux et la brigade de recherches de Nontron ont permis d&rsquo;identifier un suspect, un quinquag\u00e9naire r\u00e9sidant \u00e0 Clermont-Ferrand. Ce dernier aurait vis\u00e9 les deux femmes en raison des propos contre les opposants \u00e0 la vaccination pendant la crise du Covid-19.<\/p>\n<p>\u00ab\u00a0La gendarmerie vous montre les explosifs. C&rsquo;est lunaire\u00a0\u00bb : Estelle Denis destinataire d&rsquo;un colis pi\u00e9g\u00e9, elle r\u00e9agit dans C \u00e0 vous<\/p>\n<p>Ce vendredi 10 octobre, <a href=\"https:\/\/www.programme-tv.net\/biographie\/818873-bouhafsi-mohamed\/\" data-link-people=\"3784caba-ec30-42af-b89b-f137a9514618\" target=\"_blank\" rel=\"noopener\">Mohamed Bouhafsi<\/a> accueillait<a href=\"https:\/\/www.programme-tv.net\/news\/tv\/388735-jai-recupere-la-tablette-de-jean-luc-delarue-estelle-denis-raconte-les-coulisses-du-retour-de-ca-se-discute\/\" data-api-deeplink=\"teleloisirs:\/\/news\/388735\" target=\"_blank\" rel=\"noopener\"> Estelle Denis dans C \u00e0 vous pour le retour \u00e0 l&rsquo;antenne de \u00c7a se discute ce mercredi 15 octobre sur RMC Life (le canal 25 de la TNT)<\/a>. Il a profit\u00e9 de sa pr\u00e9sence en plateau pour lui demander comment elle avait v\u00e9cu ces r\u00e9cents \u00e9v\u00e9nements. <b>\u00ab\u00a0Au d\u00e9but, j&rsquo;ai cru que c&rsquo;\u00e9tait un canular quand la police m&rsquo;a appel\u00e9e. Donc je leur ai \u00e0 moiti\u00e9 raccroch\u00e9 au nez. Et puis apr\u00e8s, j&rsquo;ai compris que c&rsquo;\u00e9tait s\u00e9rieux et j&rsquo;avoue que j&rsquo;ai eu assez peur pendant quelques jours\u00a0\u00bb<\/b>, a-t-elle t\u00e9moign\u00e9. L&rsquo;animatrice de RMC a soulign\u00e9 que la gendarmerie avait \u00ab\u00a0vraiment mis les moyens\u00a0\u00bb pour arr\u00eater cet homme. Elle en a profit\u00e9 pour rappeler qu&rsquo;il \u00e9tait pass\u00e9 \u00ab\u00a0en comparution imm\u00e9diate aujourd&rsquo;hui\u00a0\u00bb. Il a \u00e9t\u00e9 condamn\u00e9 \u00e0 \u00e0 trois ans de prison, dont deux ferme. \u00ab\u00a0On se demande &lsquo;mais qu&rsquo;est-ce que j&rsquo;ai fait pour m\u00e9riter qu&rsquo;on m&rsquo;envoie un colis pi\u00e9g\u00e9 ?&rsquo; Et puis apr\u00e8s, la gendarmerie vous montre les explosifs. C&rsquo;est lunaire\u00a0\u00bb, a confi\u00e9 Estelle Denis. Mais elle pr\u00e9f\u00e8re ne pas s&rsquo;appesantir sur cette affaire et a confi\u00e9 qu&rsquo;elle n&rsquo;avait plus peur. \u00ab\u00a0\u00c7a y est, il a \u00e9t\u00e9 arr\u00eat\u00e9. Que voulez-vous que je vous dise ? J&rsquo;ai tenu des propos pas tr\u00e8s sympas sur les antivax ! Pendant le covid en plus, donc \u00e7a a m\u00fbri chez lui ! Je n&rsquo;y suis rien pour rien. Je ne comprenais pas. Maintenant au moins j&rsquo;ai l&rsquo;explication\u00a0\u00bb, a-t-elle constat\u00e9.<\/p>\n<p>                        Autre cible des colis pi\u00e9g\u00e9s, Elodie Poux a pr\u00e9f\u00e9r\u00e9 en rire<\/p>\n<p>Elodie Poux a choisi de r\u00e9agir avec humour sur son compte Instagram \u00e0 cette affaire. \u00ab\u00a0Je n&rsquo;ai rien contre recevoir des cadeaux, mais je pr\u00e9f\u00e8rerais des chocolats. Je pr\u00e9f\u00e8re m&rsquo;exploser le bide que d&rsquo;exploser tout court. (&#8230;) Pourquoi moi, un d\u00e9put\u00e9 et une journaliste, on dirait le d\u00e9but d&rsquo;une blague\u00a0\u00bb, a-t-elle lanc\u00e9 pour d\u00e9dramatiser.<\/p>\n","protected":false},"excerpt":{"rendered":"Estelle Denis a profit\u00e9 de sa pr\u00e9sence sur le plateau de C \u00e0 vous pour r\u00e9agir pour la&hellip;\n","protected":false},"author":2,"featured_media":453939,"comment_status":"","ping_status":"","sticky":false,"template":"","format":"standard","meta":{"footnotes":""},"categories":[1359],"tags":[4470,244,58,59,17945,1011,27,973,57958,1630],"class_list":{"0":"post-453938","1":"post","2":"type-post","3":"status-publish","4":"format-standard","5":"has-post-thumbnail","7":"category-people","8":"tag-c-u00e0-vous","9":"tag-commentaire","10":"tag-divertissement","11":"tag-entertainment","12":"tag-estelle-denis","13":"tag-fr","14":"tag-france","15":"tag-people","16":"tag-u00c7a-se-discute","17":"tag-zapping"},"share_on_mastodon":{"url":"https:\/\/pubeurope.com\/@fr\/115353087150837049","error":""},"_links":{"self":[{"href":"https:\/\/www.europesays.com\/fr\/wp-json\/wp\/v2\/posts\/453938","targetHints":{"allow":["GET"]}}],"collection":[{"href":"https:\/\/www.europesays.com\/fr\/wp-json\/wp\/v2\/posts"}],"about":[{"href":"https:\/\/www.europesays.com\/fr\/wp-json\/wp\/v2\/types\/post"}],"author":[{"embeddable":true,"href":"https:\/\/www.europesays.com\/fr\/wp-json\/wp\/v2\/users\/2"}],"replies":[{"embeddable":true,"href":"https:\/\/www.europesays.com\/fr\/wp-json\/wp\/v2\/comments?post=453938"}],"version-history":[{"count":0,"href":"https:\/\/www.europesays.com\/fr\/wp-json\/wp\/v2\/posts\/453938\/revisions"}],"wp:featuredmedia":[{"embeddable":true,"href":"https:\/\/www.europesays.com\/fr\/wp-json\/wp\/v2\/media\/453939"}],"wp:attachment":[{"href":"https:\/\/www.europesays.com\/fr\/wp-json\/wp\/v2\/media?parent=453938"}],"wp:term":[{"taxonomy":"category","embeddable":true,"href":"https:\/\/www.europesays.com\/fr\/wp-json\/wp\/v2\/categories?post=453938"},{"taxonomy":"post_tag","embeddable":true,"href":"https:\/\/www.europesays.com\/fr\/wp-json\/wp\/v2\/tags?post=453938"}],"curies":[{"name":"wp","href":"https:\/\/api.w.org\/{rel}","templated":true}]}}