{"id":453940,"date":"2025-10-11T02:06:14","date_gmt":"2025-10-11T02:06:14","guid":{"rendered":"https:\/\/www.europesays.com\/fr\/453940\/"},"modified":"2025-10-11T02:06:14","modified_gmt":"2025-10-11T02:06:14","slug":"gabriel-loppe-peintre-voyageur-en-quete-de-modernite","status":"publish","type":"post","link":"https:\/\/www.europesays.com\/fr\/453940\/","title":{"rendered":"Gabriel Lopp\u00e9. Peintre voyageur en qu\u00eate de modernit\u00e9"},"content":{"rendered":"<p>Contemporain d\u2019Eug\u00e8ne Boudin, Gabriel Lopp\u00e9 est n\u00e9 une quinzaine d\u2019ann\u00e9es avant les principaux peintres impressionnistes. Se sp\u00e9cialisant tr\u00e8s t\u00f4t dans la peinture de montagnes, il d\u00e9veloppa une esth\u00e9tique assez diff\u00e9rente de ses contemporains, certainement en raison des sujets repr\u00e9sent\u00e9s, qui n\u2019\u00e9taient pas encore tr\u00e8s fr\u00e9quents au XIXe. Ce n\u2019est en effet que dans la seconde moiti\u00e9 de ce si\u00e8cle que se d\u00e9veloppa le tourisme alpin, un ph\u00e9nom\u00e8ne d\u2019ailleurs contemporain de l\u2019apparition des s\u00e9jours \u00e0 la plage et des bains de mer qui, eux aussi, int\u00e9ress\u00e8rent les peintres (voir par exemple <a href=\"https:\/\/www.latribunedelart.com\/l-invention-d-etretat-eugene-le-poittevin-un-peintre-et-ses-amis-a-l-aube-de-l-impressionnisme\" class=\"spip_in\" rel=\"nofollow noopener\" target=\"_blank\">cet article<\/a>).<\/p>\n<p>L\u2019alpinisme, en revanche, n\u2019a jamais \u00e9t\u00e9 une activit\u00e9 de masse, pour des raisons \u00e9videntes, et cela \u00e9tait encore plus vrai \u00e0 l\u2019\u00e9poque. Lopp\u00e9 fut un des rares peintres \u00e0 se rendre pour la premi\u00e8re fois sur les cr\u00eates et les glaciers afin de peindre directement ce qu\u2019il y voyait. Alors que beaucoup de paysagistes travaillaient en r\u00e9alit\u00e9 en atelier, lui allait r\u00e9ellement sur place avec son mat\u00e9riel afin de peindre, parfois dans des conditions m\u00e9t\u00e9orologiques compliqu\u00e9es. Quand il d\u00e9veloppa \u00e9galement une activit\u00e9 de photographe, technique qu\u2019il avait d\u00e9couverte en escaladant le mont Blanc avec les fr\u00e8res Bisson, il devait forc\u00e9ment monter aussi avec le mat\u00e9riel n\u00e9cessaire \u00e0 cette activit\u00e9.<\/p>\n<dl class=\"spip_document_76489 spip_documents spip_documents_center\" itemprop=\"image\" itemscope=\"\" itemtype=\"http:\/\/schema.org\/ImageObject\">\n<dt>\n\t\t<a href=\"https:\/\/www.latribunedelart.com\/IMG\/jpg\/loppe_brume.jpg?76489\/cb68fe315f8cbb00db930b54a1f9e1d94d665f5b3cd092b395b4df8e28bb6d79\" title=\"\" type=\"image\/jpeg\" rel=\"nofollow noopener\" target=\"_blank\"><br \/>\n\t\t\t<img loading=\"lazy\" decoding=\"async\" src=\"https:\/\/www.europesays.com\/fr\/wp-content\/uploads\/2025\/10\/loppe_brume-dc307.jpg\" width=\"500\" height=\"370\" alt=\"\" itemprop=\"contentUrl\"\/><br \/>\n\t\t<\/a>\n\t<\/dt>\n<dd class=\"crayon document-descriptif-76489 spip_doc_descriptif\" style=\"width:350px;\" itemprop=\"description\">1.  Gabriel Lopp\u00e9 (1825-1913)<br class=\"autobr\"\/><br \/>\nCol della Loccie depuis le Weissthorn, 1886<br class=\"autobr\"\/><br \/>\nHuile sur carton<br class=\"autobr\"\/><br \/>\nCollection Amis du Vieux Chamonix<br class=\"autobr\"\/><br \/>\nPhoto\u00a0: Didier Rykner\n<\/dd>\n<dd class=\"spip_doc_lien-galerie\">\n\t\t<a href=\"https:\/\/www.latribunedelart.com\/spip.php?page=docbig&amp;id_document=76489&amp;id_article=12967\" rel=\"nofollow noopener\" target=\"_blank\">Voir l\u00b4image dans sa page<\/a>\n\t<\/dd>\n<\/dl>\n<dl class=\"spip_document_76485 spip_documents spip_documents_left\" style=\"float:left;\" itemprop=\"image\" itemscope=\"\" itemtype=\"http:\/\/schema.org\/ImageObject\">\n<dt>\n\t\t<a href=\"https:\/\/www.latribunedelart.com\/IMG\/jpg\/loppe_mont_blanc.jpg?76485\/b7dec9b661e1b57266ccc5af0862b3c1bdad2be90ae82f1a9579db77469050cf\" title=\"\" type=\"image\/jpeg\" rel=\"nofollow noopener\" target=\"_blank\"><br \/>\n\t\t\t<img loading=\"lazy\" decoding=\"async\" src=\"https:\/\/www.europesays.com\/fr\/wp-content\/uploads\/2025\/10\/loppe_mont_blanc-cea2f.jpg\" width=\"408\" height=\"500\" alt=\"\" itemprop=\"contentUrl\"\/><br \/>\n\t\t<\/a>\n\t<\/dt>\n<dd class=\"crayon document-descriptif-76485 spip_doc_descriptif\" style=\"width:350px;\" itemprop=\"description\">2. Gabriel Lopp\u00e9 (1825-1913)<br class=\"autobr\"\/><br \/>\nVers le Mont Blanc, arriv\u00e9e aux Grands Mulets, 1869<br class=\"autobr\"\/><br \/>\nHuile sur carton &#8211; 40 x 30 cm<br class=\"autobr\"\/><br \/>\nCollection particuli\u00e8re<br class=\"autobr\"\/><br \/>\nPhoto\u00a0: Didier Rykner\n<\/dd>\n<dd class=\"spip_doc_lien-galerie\">\n\t\t<a href=\"https:\/\/www.latribunedelart.com\/spip.php?page=docbig&amp;id_document=76485&amp;id_article=12967\" rel=\"nofollow noopener\" target=\"_blank\">Voir l\u00b4image dans sa page<\/a>\n\t<\/dd>\n<\/dl>\n<p>L\u2019exposition du Mus\u00e9e des Ursulines est riche en tableaux de tr\u00e8s haute qualit\u00e9. Lopp\u00e9 est un ma\u00eetre dans la repr\u00e9sentation de l\u2019atmosph\u00e8re et des couleurs propres \u00e0 la montagne, notamment par temps couvert, pluvieux et orageux (ill. 1). Il sait comme personne repr\u00e9senter les paysages enneig\u00e9s ou\u2026<\/p>\n","protected":false},"excerpt":{"rendered":"Contemporain d\u2019Eug\u00e8ne Boudin, Gabriel Lopp\u00e9 est n\u00e9 une quinzaine d\u2019ann\u00e9es avant les principaux peintres impressionnistes. Se sp\u00e9cialisant tr\u00e8s&hellip;\n","protected":false},"author":2,"featured_media":453941,"comment_status":"","ping_status":"","sticky":false,"template":"","format":"standard","meta":{"footnotes":""},"categories":[1358],"tags":[1348,1384,1385,1386,58,59,1011,27],"class_list":{"0":"post-453940","1":"post","2":"type-post","3":"status-publish","4":"format-standard","5":"has-post-thumbnail","7":"category-arts-et-design","8":"tag-arts","9":"tag-arts-and-design","10":"tag-arts-et-design","11":"tag-design","12":"tag-divertissement","13":"tag-entertainment","14":"tag-fr","15":"tag-france"},"share_on_mastodon":{"url":"https:\/\/pubeurope.com\/@fr\/115353091569322757","error":""},"_links":{"self":[{"href":"https:\/\/www.europesays.com\/fr\/wp-json\/wp\/v2\/posts\/453940","targetHints":{"allow":["GET"]}}],"collection":[{"href":"https:\/\/www.europesays.com\/fr\/wp-json\/wp\/v2\/posts"}],"about":[{"href":"https:\/\/www.europesays.com\/fr\/wp-json\/wp\/v2\/types\/post"}],"author":[{"embeddable":true,"href":"https:\/\/www.europesays.com\/fr\/wp-json\/wp\/v2\/users\/2"}],"replies":[{"embeddable":true,"href":"https:\/\/www.europesays.com\/fr\/wp-json\/wp\/v2\/comments?post=453940"}],"version-history":[{"count":0,"href":"https:\/\/www.europesays.com\/fr\/wp-json\/wp\/v2\/posts\/453940\/revisions"}],"wp:featuredmedia":[{"embeddable":true,"href":"https:\/\/www.europesays.com\/fr\/wp-json\/wp\/v2\/media\/453941"}],"wp:attachment":[{"href":"https:\/\/www.europesays.com\/fr\/wp-json\/wp\/v2\/media?parent=453940"}],"wp:term":[{"taxonomy":"category","embeddable":true,"href":"https:\/\/www.europesays.com\/fr\/wp-json\/wp\/v2\/categories?post=453940"},{"taxonomy":"post_tag","embeddable":true,"href":"https:\/\/www.europesays.com\/fr\/wp-json\/wp\/v2\/tags?post=453940"}],"curies":[{"name":"wp","href":"https:\/\/api.w.org\/{rel}","templated":true}]}}