{"id":453942,"date":"2025-10-11T02:07:26","date_gmt":"2025-10-11T02:07:26","guid":{"rendered":"https:\/\/www.europesays.com\/fr\/453942\/"},"modified":"2025-10-11T02:07:26","modified_gmt":"2025-10-11T02:07:26","slug":"agenda-ville-de-niort-festival-du-livre-2025","status":"publish","type":"post","link":"https:\/\/www.europesays.com\/fr\/453942\/","title":{"rendered":"Agenda Ville de Niort : Festival du livre 2025"},"content":{"rendered":"<p>Description<\/p>\n<p>Pour ce rendez-vous immanquable organis\u00e9 par Le Donjon des Livres, 120 auteurs en provenance de toute la France ainsi que 10 maisons d&rsquo;\u00e9dition seront pr\u00e9sents pour les passionn\u00e9s de livres dans la halle des Peupliers Invit\u00e9 d&rsquo;honneur, Camille Moon, tiendra une conf\u00e9rence le samedi \u00e0 15h sur le parcours de vie et la r\u00e9silience. L&rsquo;\u00e9crivaine reviendra aussi sur le tueur en s\u00e9rie et sur sa personnalit\u00e9. Sur tout le week-end, un espace d&rsquo;animation sera propos\u00e9 aux enfants. La soci\u00e9t\u00e9 E&rsquo;Dente proposera des blinds test de livre audio durant les deux jours du festival. La blogueuse litt\u00e9raire Elodie Berthonnier sera aussi de la partie pour \u00e9changer avec le public.\u00a0<\/p>\n<p>L&rsquo;entr\u00e9e est gratuite pour tous.\u00a0<\/p>\n<p>Pour retrouver le programme complet du festival du livre, rendez-vous <a href=\"https:\/\/www.salondulivreniort.com\/\" target=\"_blank\" rel=\"noreferrer noopener\">ici.<\/a><\/p>\n","protected":false},"excerpt":{"rendered":"Description Pour ce rendez-vous immanquable organis\u00e9 par Le Donjon des Livres, 120 auteurs en provenance de toute la&hellip;\n","protected":false},"author":2,"featured_media":453943,"comment_status":"","ping_status":"","sticky":false,"template":"","format":"standard","meta":{"footnotes":""},"categories":[1357],"tags":[1379,57011,58,59,1011,27,1380,5415,2088,1272,6752,57959,4251,4824,3681],"class_list":{"0":"post-453942","1":"post","2":"type-post","3":"status-publish","4":"format-standard","5":"has-post-thumbnail","7":"category-livres","8":"tag-books","9":"tag-copie","10":"tag-divertissement","11":"tag-entertainment","12":"tag-fr","13":"tag-france","14":"tag-livres","15":"tag-mairie","16":"tag-manifestation","17":"tag-manifestations","18":"tag-niort","19":"tag-rechercher","20":"tag-sortir","21":"tag-ville","22":"tag-vivre"},"share_on_mastodon":{"url":"https:\/\/pubeurope.com\/@fr\/115353095143225205","error":""},"_links":{"self":[{"href":"https:\/\/www.europesays.com\/fr\/wp-json\/wp\/v2\/posts\/453942","targetHints":{"allow":["GET"]}}],"collection":[{"href":"https:\/\/www.europesays.com\/fr\/wp-json\/wp\/v2\/posts"}],"about":[{"href":"https:\/\/www.europesays.com\/fr\/wp-json\/wp\/v2\/types\/post"}],"author":[{"embeddable":true,"href":"https:\/\/www.europesays.com\/fr\/wp-json\/wp\/v2\/users\/2"}],"replies":[{"embeddable":true,"href":"https:\/\/www.europesays.com\/fr\/wp-json\/wp\/v2\/comments?post=453942"}],"version-history":[{"count":0,"href":"https:\/\/www.europesays.com\/fr\/wp-json\/wp\/v2\/posts\/453942\/revisions"}],"wp:featuredmedia":[{"embeddable":true,"href":"https:\/\/www.europesays.com\/fr\/wp-json\/wp\/v2\/media\/453943"}],"wp:attachment":[{"href":"https:\/\/www.europesays.com\/fr\/wp-json\/wp\/v2\/media?parent=453942"}],"wp:term":[{"taxonomy":"category","embeddable":true,"href":"https:\/\/www.europesays.com\/fr\/wp-json\/wp\/v2\/categories?post=453942"},{"taxonomy":"post_tag","embeddable":true,"href":"https:\/\/www.europesays.com\/fr\/wp-json\/wp\/v2\/tags?post=453942"}],"curies":[{"name":"wp","href":"https:\/\/api.w.org\/{rel}","templated":true}]}}