{"id":453946,"date":"2025-10-11T02:09:15","date_gmt":"2025-10-11T02:09:15","guid":{"rendered":"https:\/\/www.europesays.com\/fr\/453946\/"},"modified":"2025-10-11T02:09:15","modified_gmt":"2025-10-11T02:09:15","slug":"ecoutez-sa-nouvelle-chanson-poignante","status":"publish","type":"post","link":"https:\/\/www.europesays.com\/fr\/453946\/","title":{"rendered":"\u00e9coutez sa nouvelle chanson poignante !"},"content":{"rendered":"<p><img decoding=\"async\" src=\"https:\/\/www.europesays.com\/fr\/wp-content\/uploads\/2025\/10\/photo_1760024561.jpg\" class=\"textcenter img-content\" loading=\"lazy\"\/>Bestimage<br \/>\n<br \/>\nDouble actualit\u00e9 pour V\u00e9ronique Sanson. Ce vendredi soir, la chanteuse lance \u00e0 Rennes sa nouvelle tourn\u00e9e intitul\u00e9e \u00ab\u00a0J&rsquo;ai eu envie de vous revoir\u00a0\u00bb. \u00ab Un spectacle vibrant, o\u00f9 ses plus grands classiques c\u00f4toient des surprises taill\u00e9es pour le live, avec cette g\u00e9n\u00e9rosit\u00e9 et cette fougue qui rendent chacun de ses concerts unique \u00bb assure un communiqu\u00e9 de presse, alors que la musicienne part sur les routes pendant deux mois avec, en ligne de mire, trois concerts \u00e0 la Seine Musicale de Boulogne-Billancourt du 12 au 14 d\u00e9cembre. Le lancement de cette tourn\u00e9e s&rsquo;accompagne d&rsquo;un single in\u00e9dit lui aussi nomm\u00e9 \u00ab\u00a0J&rsquo;ai eu envie de vous revoir\u00a0\u00bb. Une ballade sur laquelle V\u00e9ronique Sanson s&rsquo;adresse directement \u00e0 son public qui la suit avec fid\u00e9lit\u00e9 depuis 50 ans. <\/p>\n<p>Le player Dailymotion est en train de se charger&#8230;<\/p>\n<p>\u00ab\u00a0J&rsquo;ai peur qu&rsquo;avec le temps je vous oublie\u00a0\u00bb<br \/>\n\u00ab J&rsquo;ai eu envie de vous revoir \/ Je me sentais seule \u00e0 vous aimer \/ Alors j&rsquo;ai enfil\u00e9 mes bottes \/ Pour venir vous retrouver (&#8230;) Et j&rsquo;ai peur, si vous saviez \/ Qu&rsquo;avec le temps, je vous oublie \/ Vous qui aviez tant rempli ma vie \/ J&rsquo;voulais vous dire merci \u00bb entonne V\u00e9ronique Sanson avec \u00e9motion sur cette chanson qui prendra certainement vie d\u00e8s ce soir sur sc\u00e8ne. \u00ab J&rsquo;avais tellement envie de dire aux gens qui me font l&rsquo;honneur, le plaisir de venir me voir, je voulais leur dire juste merci. Et quand ils sont pas l\u00e0, je suis tellement malheureuse \u00bb indique-t-elle \u00e0 Didier Varrod, directeur musical des antennes de Radio France, dans une vid\u00e9o pour pr\u00e9senter le morceau.<\/p>\n<p>\u00ab\u00a0J&rsquo;ai eu envie de vous revoir\u00a0\u00bb marque donc le grand retour musical de V\u00e9ronique Sanson, avec son premier in\u00e9dit depuis neuf ans. Car si elle a publi\u00e9 ses <a href=\"https:\/\/www.chartsinfrance.net\/actualite\/news-108062.html\" target=\"_blank\" class=\"spip_out\" rel=\"nofollow noopener\">\u00ab\u00a0Duos volatils\u00a0\u00bb<\/a> avec un certain succ\u00e8s en 2018 (100.000 ventes), son dernier disque original <a href=\"https:\/\/www.chartsinfrance.net\/Veronique-Sanson\/news-103491.html\" target=\"_blank\" class=\"spip_out\" rel=\"nofollow noopener\">\u00ab\u00a0Dignes, dingues, donc&#8230;\u00a0\u00bb<\/a> remonte \u00e0 2016. Ces derni\u00e8res ann\u00e9es, l&rsquo;artiste a beaucoup parl\u00e9 d&rsquo;<a href=\"https:\/\/www.chartsinfrance.net\/actualite\/news-119897.html\" target=\"_blank\" class=\"spip_out\" rel=\"nofollow noopener\">un nouvel album<\/a> concoct\u00e9 notamment avec Vianney, sans que jamais celui-ci ne voie le jour. Le mal sera-t-il r\u00e9par\u00e9 dans les prochains mois ? Pas s\u00fbr car comme Francis Cabrel, l&rsquo;interpr\u00e8te de <a href=\"https:\/\/www.chartsinfrance.net\/actualite\/news-107574.html\" target=\"_blank\" class=\"spip_out\" rel=\"nofollow noopener\">\u00ab\u00a0Bahia\u00a0\u00bb<\/a> dit s&rsquo;\u00eatre <a href=\"https:\/\/www.chartsinfrance.net\/actualite\/news-128518.html\" target=\"_blank\" class=\"spip_out\" rel=\"nofollow noopener\">lass\u00e9e du format album<\/a> : \u00ab J&rsquo;en ai assez des albums de dix \u00e0 douze chansons. \u00c0 75 ans, on a \u00e0 peu pr\u00e8s tout dit et on a plus que jamais peur de se r\u00e9p\u00e9ter. J&rsquo;aimerais sortir quatre nouveaux titres tous les quatre ans, mais je ne sortirai jamais un titre pour sortir un titre \u00bb.<\/p>\n","protected":false},"excerpt":{"rendered":"Bestimage Double actualit\u00e9 pour V\u00e9ronique Sanson. Ce vendredi soir, la chanteuse lance \u00e0 Rennes sa nouvelle tourn\u00e9e intitul\u00e9e&hellip;\n","protected":false},"author":2,"featured_media":453947,"comment_status":"","ping_status":"","sticky":false,"template":"","format":"standard","meta":{"footnotes":""},"categories":[1355],"tags":[58,59,1011,27,1361,873],"class_list":{"0":"post-453946","1":"post","2":"type-post","3":"status-publish","4":"format-standard","5":"has-post-thumbnail","7":"category-musique","8":"tag-divertissement","9":"tag-entertainment","10":"tag-fr","11":"tag-france","12":"tag-music","13":"tag-musique"},"share_on_mastodon":{"url":"https:\/\/pubeurope.com\/@fr\/115353103014851194","error":""},"_links":{"self":[{"href":"https:\/\/www.europesays.com\/fr\/wp-json\/wp\/v2\/posts\/453946","targetHints":{"allow":["GET"]}}],"collection":[{"href":"https:\/\/www.europesays.com\/fr\/wp-json\/wp\/v2\/posts"}],"about":[{"href":"https:\/\/www.europesays.com\/fr\/wp-json\/wp\/v2\/types\/post"}],"author":[{"embeddable":true,"href":"https:\/\/www.europesays.com\/fr\/wp-json\/wp\/v2\/users\/2"}],"replies":[{"embeddable":true,"href":"https:\/\/www.europesays.com\/fr\/wp-json\/wp\/v2\/comments?post=453946"}],"version-history":[{"count":0,"href":"https:\/\/www.europesays.com\/fr\/wp-json\/wp\/v2\/posts\/453946\/revisions"}],"wp:featuredmedia":[{"embeddable":true,"href":"https:\/\/www.europesays.com\/fr\/wp-json\/wp\/v2\/media\/453947"}],"wp:attachment":[{"href":"https:\/\/www.europesays.com\/fr\/wp-json\/wp\/v2\/media?parent=453946"}],"wp:term":[{"taxonomy":"category","embeddable":true,"href":"https:\/\/www.europesays.com\/fr\/wp-json\/wp\/v2\/categories?post=453946"},{"taxonomy":"post_tag","embeddable":true,"href":"https:\/\/www.europesays.com\/fr\/wp-json\/wp\/v2\/tags?post=453946"}],"curies":[{"name":"wp","href":"https:\/\/api.w.org\/{rel}","templated":true}]}}