{"id":453948,"date":"2025-10-11T02:10:27","date_gmt":"2025-10-11T02:10:27","guid":{"rendered":"https:\/\/www.europesays.com\/fr\/453948\/"},"modified":"2025-10-11T02:10:27","modified_gmt":"2025-10-11T02:10:27","slug":"lia-va-peut-etre-tuer-chris-pratt-dans-la-bande-annonce-de-ce-minority-report-2-0-reconnu-coupable","status":"publish","type":"post","link":"https:\/\/www.europesays.com\/fr\/453948\/","title":{"rendered":"L&rsquo;IA va peut-\u00eatre tuer Chris Pratt dans la bande-annonce de ce Minority Report 2.0, Reconnu coupable"},"content":{"rendered":"<p><strong><a href=\"http:\/\/Timur%20Bekmambetov\" rel=\"nofollow\">Chris Pratt<\/a> et <a href=\"https:\/\/www.ecranlarge.com\/personnalite\/822323-rebecca-ferguson-i\" data-type=\"people\" data-id=\"455394\" rel=\"nofollow noopener\" target=\"_blank\">Rebecca Ferguson<\/a> dans un thriller high-tech o\u00f9 ils se regardent par \u00e9cran interpos\u00e9 ? Pas de doute, <a href=\"https:\/\/www.ecranlarge.com\/personnalite\/662456-timur-bekmambetov\" data-type=\"people\" data-id=\"313664\" rel=\"nofollow noopener\" target=\"_blank\">Timur Bekmambetov<\/a> est de retour. La bande-annonce de <a href=\"https:\/\/www.ecranlarge.com\/films\/1504848-mercy\" data-type=\"link\" data-id=\"https:\/\/www.ecranlarge.com\/films\/1504848-mercy\" rel=\"nofollow noopener\" target=\"_blank\">Reconnu Coupable<\/a> est sortie.<\/strong><\/p>\n<p>La carri\u00e8re de Timur Bekmambetov,  <strong>est un sacr\u00e9 tour de montagne russe<\/strong>. Le r\u00e9alisateur ayant perc\u00e9 avec <strong>Night Watch<\/strong> a pris la direction d\u2019Hollywood pour y tourner l\u2019un des films les plus d\u00e9biles de son existence, <strong>Wanted : Choisis ton destin<\/strong>. Il a ensuite persist\u00e9 dans cette voie avec le nettement moins rigolo <strong>Abraham Lincoln : chasseur de vampires<\/strong> avant de c\u00e9der aux modes du moment et de signer le remake tout pourri de <strong>Ben-Hur<\/strong>. L\u2019\u00e9chec de la chose l\u2019a tenu \u00e9loign\u00e9 des blockbusters am\u00e9ricains, mais \u00e7a ne l\u2019a pas mis au ch\u00f4mage pour autant.<\/p>\n<p>                    <img decoding=\"async\" alt=\"\" class=\"wp-image-518375\" style=\"object-fit:cover;width:25px;height:25px\" src=\"https:\/\/www.ecranlarge.com\/content\/uploads\/2023\/09\/arrow-right-circle.svg\"\/><\/p>\n<p>En effet, \u00e0 partir de 2014, il est devenu l\u2019ambassadeur du Screenlife, ces films capt\u00e9s int\u00e9gralement sur un \u00e9cran d\u2019ordinateur, dont il a produit plusieurs it\u00e9rations. \u00c7a a donn\u00e9 le succ\u00e8s \u00e9norme des <strong>Unfriended<\/strong>, mais aussi plus r\u00e9cemment <a href=\"https:\/\/www.ecranlarge.com\/films\/critique\/war-of-the-worlds-guerre-mondes-critique-amazon-ice-cube\" data-type=\"link\" data-id=\"https:\/\/www.ecranlarge.com\/films\/critique\/war-of-the-worlds-guerre-mondes-critique-amazon-ice-cube\" rel=\"nofollow noopener\" target=\"_blank\">le nanar <strong>War of the Worlds<\/strong> avec Ice Cube, devenu la ris\u00e9e du web<\/a>. Et accrochez-vous, parce que <strong>son nouveau film n\u2019a pas l\u2019air beaucoup moins cr\u00e9tin<\/strong>.<\/p>\n<p>Reconnu Coupable : non Mercy<\/p>\n<p>Le titre fran\u00e7ais (en version originale, c\u2019est <strong>Mercy<\/strong>) annonce un thriller \u00e0 concept tout droit sorti des ann\u00e9es 2000, et la bande-annonce ne d\u00e9\u00e7oit pas \u00e0 ce niveau. Chris Pratt, toujours dans les bons coups, joue un d\u00e9tective accus\u00e9 d\u2019avoir tu\u00e9 sa femme (Annabelle Wallis, elle aussi toujours dans les bons coups). Mais dans ce futur proche, la justice est rendue par une intelligence artificielle super puissante (Rebecca Ferguson, parce que pourquoi pas ?),<strong> \u00e0 qui il doit prouver son innocence en 90 minutes<\/strong>.<\/p>\n<p><a href=\"https:\/\/www.ecranlarge.com\/content\/uploads\/2025\/10\/70197745a1aba35fbc2af7c888e3491a.jpg\" rel=\"nofollow noopener\" target=\"_blank\"><\/p>\n<p><img loading=\"lazy\" decoding=\"async\" alt=\"Rebecca Ferguson reconnu coupable\" src=\"https:\/\/www.europesays.com\/fr\/wp-content\/uploads\/2025\/10\/70197745a1aba35fbc2af7c888e3491a-1260x664.jpg\" width=\"1260\" height=\"664\"  \/><\/p>\n<p><\/a>C\u2019est bien pratique pour le tournage<\/p>\n<p>D\u00e9j\u00e0 ces quelques lignes soul\u00e8vent des questions : s\u2019il s\u2019agit d\u2019une IA surd\u00e9velopp\u00e9e, pourquoi est-ce \u00e0 l\u2019accus\u00e9 de s\u2019innocenter lui-m\u00eame ? Pourquoi lui avoir donn\u00e9 un visage humain ? Pourquoi le film a-t-il \u00e9t\u00e9 film\u00e9 \u00ab\u00a0pour Imax\u00a0\u00bb alors qu\u2019il consiste visiblement \u00e0 regarder Chris Pratt regarder lui-m\u00eame des \u00e9crans d\u2019ordinateur pourris ? Pourquoi la MGM, d\u00e9sormais d\u00e9tenue par Amazon (qui avait d\u00e9j\u00e0 sorti <strong inert=\"true\">War of the Worlds<\/strong>) a-t-elle investi dans un truc pareil ? <strong inert=\"true\">Qu\u2019est-ce qu\u2019on a fait pour m\u00e9riter \u00e7a ?<\/strong><\/p>\n<p>Le film est \u00e9crit par Marco Van Belle, qui a principalement \u00e0 son actif une s\u00e9rie B lambda nomm\u00e9e <strong>Arthur &amp; Merlin.<\/strong> Et le casting comprend aussi Kali Reis (une boxeuse), Rafi Gavron (qui sera dans <strong>L\u2019Odyss\u00e9e<\/strong> de Christopher Nolan !) et Chris Sullivan (Taserface dans <strong>Les Gardiens de la Galaxie 2<\/strong>). <strong>Le film sortira chez nous le 28 janvier 2026<\/strong>. Vivement !<\/p>\n","protected":false},"excerpt":{"rendered":"Chris Pratt et Rebecca Ferguson dans un thriller high-tech o\u00f9 ils se regardent par \u00e9cran interpos\u00e9 ? Pas&hellip;\n","protected":false},"author":2,"featured_media":453949,"comment_status":"","ping_status":"","sticky":false,"template":"","format":"standard","meta":{"footnotes":""},"categories":[1354],"tags":[58,59,1346,1011,27,1360],"class_list":{"0":"post-453948","1":"post","2":"type-post","3":"status-publish","4":"format-standard","5":"has-post-thumbnail","7":"category-films","8":"tag-divertissement","9":"tag-entertainment","10":"tag-films","11":"tag-fr","12":"tag-france","13":"tag-movies"},"share_on_mastodon":{"url":"https:\/\/pubeurope.com\/@fr\/115353107445074447","error":""},"_links":{"self":[{"href":"https:\/\/www.europesays.com\/fr\/wp-json\/wp\/v2\/posts\/453948","targetHints":{"allow":["GET"]}}],"collection":[{"href":"https:\/\/www.europesays.com\/fr\/wp-json\/wp\/v2\/posts"}],"about":[{"href":"https:\/\/www.europesays.com\/fr\/wp-json\/wp\/v2\/types\/post"}],"author":[{"embeddable":true,"href":"https:\/\/www.europesays.com\/fr\/wp-json\/wp\/v2\/users\/2"}],"replies":[{"embeddable":true,"href":"https:\/\/www.europesays.com\/fr\/wp-json\/wp\/v2\/comments?post=453948"}],"version-history":[{"count":0,"href":"https:\/\/www.europesays.com\/fr\/wp-json\/wp\/v2\/posts\/453948\/revisions"}],"wp:featuredmedia":[{"embeddable":true,"href":"https:\/\/www.europesays.com\/fr\/wp-json\/wp\/v2\/media\/453949"}],"wp:attachment":[{"href":"https:\/\/www.europesays.com\/fr\/wp-json\/wp\/v2\/media?parent=453948"}],"wp:term":[{"taxonomy":"category","embeddable":true,"href":"https:\/\/www.europesays.com\/fr\/wp-json\/wp\/v2\/categories?post=453948"},{"taxonomy":"post_tag","embeddable":true,"href":"https:\/\/www.europesays.com\/fr\/wp-json\/wp\/v2\/tags?post=453948"}],"curies":[{"name":"wp","href":"https:\/\/api.w.org\/{rel}","templated":true}]}}