{"id":453952,"date":"2025-10-11T02:12:13","date_gmt":"2025-10-11T02:12:13","guid":{"rendered":"https:\/\/www.europesays.com\/fr\/453952\/"},"modified":"2025-10-11T02:12:13","modified_gmt":"2025-10-11T02:12:13","slug":"le-bresil-surclasse-la-coree-du-sud-de-kang-in-lee","status":"publish","type":"post","link":"https:\/\/www.europesays.com\/fr\/453952\/","title":{"rendered":"Le Br\u00e9sil surclasse la Cor\u00e9e du Sud de Kang-in Lee"},"content":{"rendered":"<p><img width=\"780\" height=\"470\" src=\"https:\/\/www.europesays.com\/fr\/wp-content\/uploads\/2025\/10\/gettyimages-1498959416-780x470.jpg\" class=\"attachment-jannah-image-post size-jannah-image-post wp-post-image\" alt=\"Kang-In Lee\" is_main_img=\"1\" decoding=\"async\" fetchpriority=\"high\"\/><br \/>\n Image : Getty<br \/>\nImages<\/p>\n<p>Ce vendredi apr\u00e8s-midi, le Br\u00e9sil affrontait la Cor\u00e9e du Sud<br \/>\nen match amical. Le Br\u00e9sil de Lucas Beraldo a surclass\u00e9 la<br \/>\ns\u00e9lection de son co\u00e9quipier au PSG, Kang-in Lee.\u00a0<\/p>\n<p>La deuxi\u00e8me tr\u00eave internationale de la saison 2025-2026 a ouvert<br \/>\nses portes. <a href=\"https:\/\/canal-supporters.com\/le-programme-des-internationaux-du-psg-12\/\" title=\"\" target=\"_blank\" rel=\"noopener\">Quinze joueurs<\/a> du <strong>PSG<\/strong> sont concern\u00e9s<br \/>\npar cette derni\u00e8re. Certains <a href=\"https:\/\/canal-supporters.com\/achraf-hakimi-decisif-avec-le-maroc-contre-bahrein\/\" title=\"\" target=\"_blank\" rel=\"noopener\">ont jou\u00e9<\/a> leur premier match de la coupure<br \/>\ninternationale. Ce vendredi apr\u00e8s-midi, le <strong>Br\u00e9sil<\/strong><br \/>\net la <strong>Cor\u00e9e du Sud<\/strong> s\u2019affrontaient lors d\u2019un match<br \/>\namical. Cette rencontre concernait deux joueurs du<br \/>\n<strong>PSG<\/strong>, <strong>Lucas Beraldo<\/strong> et<br \/>\n<strong>Kang-in Lee<\/strong>. Le premier cit\u00e9 \u00e9tait rempla\u00e7ant au<br \/>\ncoup d\u2019envoi alors que le milieu offensif \u00e9tait titulaire dans le<br \/>\ncouloir droit du 5-4-1 du s\u00e9lectionneur sud-cor\u00e9en.<\/p>\n<p>A voir aussi : <a href=\"https:\/\/canal-supporters.com\/psg-la-coree-du-sud-inquiete-de-la-situation-de-kang-in-lee\/\" title=\"\" target=\"_blank\" rel=\"noopener\">PSG : La Cor\u00e9e du Sud inqui\u00e8te de la situation de Kang-In<br \/>\nLee<\/a><\/p>\n<p><a href=\"https:\/\/x.com\/CanalSupporters\" target=\"_blank\" rel=\"noopener\" title=\"\">canalsupporters.com<\/a><\/p>\n<p>Lee a jou\u00e9 82<br \/>\nminutes de jeu<\/p>\n<p>Cette rencontre a \u00e9t\u00e9 compl\u00e8tement domin\u00e9e par la<br \/>\n<strong>Sele\u00e7ao<\/strong>, qui n\u2019a fait qu\u2019une bouch\u00e9e des<br \/>\nSud-Cor\u00e9ens. <strong>Estevao<\/strong> a rapidement ouvert le score<br \/>\n(1-0, 14e) avant de voir <strong>Rodrygo<\/strong> offrir un<br \/>\ndeuxi\u00e8me but \u00e0 la s\u00e9lection br\u00e9silienne un peu avant la mi-temps<br \/>\n(2-0, 42e). Le <strong>Br\u00e9sil<\/strong> va ensuite frapper \u00e0 deux<br \/>\nreprises en peu de temps en d\u00e9but de seconde p\u00e9riode par<br \/>\n<strong>Estevao<\/strong> (3-0, 48e) et <strong>Rodrygo<\/strong><br \/>\n(4-0, 50e), qui s\u2019offrent chacun un doubl\u00e9. Peu avant les dix<br \/>\nderni\u00e8res minutes de jeu, <strong>Vinicius Jr<\/strong> va<br \/>\nparticiper au festival br\u00e9silien (<a href=\"https:\/\/x.com\/CBF_Futebol\" target=\"_blank\" rel=\"noopener\" title=\"\">5-0<\/a>, 78e). Malgr\u00e9 ce score fleuve, <strong>Lucas<br \/>\nBeraldo<\/strong> sera rest\u00e9 sur le banc. De son c\u00f4t\u00e9, <strong>Lee<br \/>\nKang-in<\/strong> a jou\u00e9 82 minutes. Les deux s\u00e9lections vont jouer<br \/>\nun dernier match lors de cette tr\u00eave internationale. Le<br \/>\n<strong>Br\u00e9sil<\/strong> affrontera le <strong>Japon<\/strong>,<br \/>\ntoujours en match amical, mardi (12h30) alors que la <strong>Cor\u00e9e<br \/>\ndu Sud<\/strong> d\u00e9fiera le <strong>Paraguay<\/strong>, \u00e9galement<br \/>\nlors d\u2019une rencontre amicale, mardi (13 heures).<\/p><\/p>\n","protected":false},"excerpt":{"rendered":"Image : Getty Images Ce vendredi apr\u00e8s-midi, le Br\u00e9sil affrontait la Cor\u00e9e du Sud en match amical. Le&hellip;\n","protected":false},"author":2,"featured_media":453953,"comment_status":"","ping_status":"","sticky":false,"template":"","format":"standard","meta":{"footnotes":""},"categories":[9],"tags":[785,2548,81,5640,787,1011,27,5047,5048,5049,790,40715,626,91,92,93,60,28854],"class_list":{"0":"post-453952","1":"post","2":"type-post","3":"status-publish","4":"format-standard","5":"has-post-thumbnail","7":"category-sports","8":"tag-beraldo","9":"tag-bresil","10":"tag-canal-supporters","11":"tag-coree-du-sud","12":"tag-cs","13":"tag-fr","14":"tag-france","15":"tag-kang-in-lee","16":"tag-lee","17":"tag-lee-kang-in","18":"tag-lucas-beraldo","19":"tag-match-amical","20":"tag-paris","21":"tag-paris-saint-germain","22":"tag-paris-sg","23":"tag-psg","24":"tag-sports","25":"tag-treve-internationale"},"share_on_mastodon":{"url":"https:\/\/pubeurope.com\/@fr\/115353114803691067","error":""},"_links":{"self":[{"href":"https:\/\/www.europesays.com\/fr\/wp-json\/wp\/v2\/posts\/453952","targetHints":{"allow":["GET"]}}],"collection":[{"href":"https:\/\/www.europesays.com\/fr\/wp-json\/wp\/v2\/posts"}],"about":[{"href":"https:\/\/www.europesays.com\/fr\/wp-json\/wp\/v2\/types\/post"}],"author":[{"embeddable":true,"href":"https:\/\/www.europesays.com\/fr\/wp-json\/wp\/v2\/users\/2"}],"replies":[{"embeddable":true,"href":"https:\/\/www.europesays.com\/fr\/wp-json\/wp\/v2\/comments?post=453952"}],"version-history":[{"count":0,"href":"https:\/\/www.europesays.com\/fr\/wp-json\/wp\/v2\/posts\/453952\/revisions"}],"wp:featuredmedia":[{"embeddable":true,"href":"https:\/\/www.europesays.com\/fr\/wp-json\/wp\/v2\/media\/453953"}],"wp:attachment":[{"href":"https:\/\/www.europesays.com\/fr\/wp-json\/wp\/v2\/media?parent=453952"}],"wp:term":[{"taxonomy":"category","embeddable":true,"href":"https:\/\/www.europesays.com\/fr\/wp-json\/wp\/v2\/categories?post=453952"},{"taxonomy":"post_tag","embeddable":true,"href":"https:\/\/www.europesays.com\/fr\/wp-json\/wp\/v2\/tags?post=453952"}],"curies":[{"name":"wp","href":"https:\/\/api.w.org\/{rel}","templated":true}]}}