{"id":453965,"date":"2025-10-11T02:19:15","date_gmt":"2025-10-11T02:19:15","guid":{"rendered":"https:\/\/www.europesays.com\/fr\/453965\/"},"modified":"2025-10-11T02:19:15","modified_gmt":"2025-10-11T02:19:15","slug":"la-vogue-des-noix-est-de-retour-ce-samedi","status":"publish","type":"post","link":"https:\/\/www.europesays.com\/fr\/453965\/","title":{"rendered":"la vogue des noix est de retour ce samedi"},"content":{"rendered":"<p><img decoding=\"async\" class=\"\" style=\"width:100%\" src=\"https:\/\/www.europesays.com\/fr\/wp-content\/uploads\/2025\/10\/558400988_1272724818225843_8410890949620068525_n1760100046053.jpg\" alt=\"La vogue des noix 2025.\"\/><\/p>\n<p>La vogue des noix 2025.<\/p>\n<p>Cr\u00e9dit : Ville de Firminy<\/p>\n<p>C&rsquo;est la 3e plus grande f\u00eate foraine de France et elle est de retour ce samedi : la vogue des Noix \u00e0 Firminy. C\u2019est parti pour 6 jours de sensations. Pr\u00e8s de 250 man\u00e8ges ont investi le centre-ville appelou, avec \u00e9videmment, en cl\u00f4ture le dimanche 19 octobre, le corso qui sillonnera les rues de la ville, d\u00e8s 14 h 30.<\/p>\n<p>D&rsquo;ici l\u00e0, la vogue sera ouverte les jours suivants :<\/p>\n<p>Samedi 11 octobre : de 14h \u00e0 minuit.<\/p>\n<p>Dimanche 12 octobre : de 14h \u00e0 22h<\/p>\n<p>Mercredi 15 octobre : de 14h \u00e0 22h<\/p>\n<p>Vendredi 17 octobre : de 16h30 \u00e0 23h<\/p>\n<p>Samedi 18 octobre : de 14h \u00e0 minuit<\/p>\n<p>Dimanche 19 octobre : de 14h \u00e0 21h<\/p>\n","protected":false},"excerpt":{"rendered":"La vogue des noix 2025. Cr\u00e9dit : Ville de Firminy C&rsquo;est la 3e plus grande f\u00eate foraine de&hellip;\n","protected":false},"author":2,"featured_media":453966,"comment_status":"","ping_status":"","sticky":false,"template":"","format":"standard","meta":{"footnotes":""},"categories":[9653],"tags":[1111,11,5589,2430,1777,674,4768,10282,1011,27,3367,20637,12,24341,25,4001,22546],"class_list":{"0":"post-453965","1":"post","2":"type-post","3":"status-publish","4":"format-standard","5":"has-post-thumbnail","7":"category-saint-etienne","8":"tag-actu","9":"tag-actualites","10":"tag-attractions","11":"tag-auvergne-rhone-alpes","12":"tag-eu","13":"tag-europe","14":"tag-fete","15":"tag-firminy","16":"tag-fr","17":"tag-france","18":"tag-loire","19":"tag-manege","20":"tag-news","21":"tag-noix","22":"tag-republique-francaise","23":"tag-saint-etienne","24":"tag-vogue"},"share_on_mastodon":{"url":"https:\/\/pubeurope.com\/@fr\/115353142345586790","error":""},"_links":{"self":[{"href":"https:\/\/www.europesays.com\/fr\/wp-json\/wp\/v2\/posts\/453965","targetHints":{"allow":["GET"]}}],"collection":[{"href":"https:\/\/www.europesays.com\/fr\/wp-json\/wp\/v2\/posts"}],"about":[{"href":"https:\/\/www.europesays.com\/fr\/wp-json\/wp\/v2\/types\/post"}],"author":[{"embeddable":true,"href":"https:\/\/www.europesays.com\/fr\/wp-json\/wp\/v2\/users\/2"}],"replies":[{"embeddable":true,"href":"https:\/\/www.europesays.com\/fr\/wp-json\/wp\/v2\/comments?post=453965"}],"version-history":[{"count":0,"href":"https:\/\/www.europesays.com\/fr\/wp-json\/wp\/v2\/posts\/453965\/revisions"}],"wp:featuredmedia":[{"embeddable":true,"href":"https:\/\/www.europesays.com\/fr\/wp-json\/wp\/v2\/media\/453966"}],"wp:attachment":[{"href":"https:\/\/www.europesays.com\/fr\/wp-json\/wp\/v2\/media?parent=453965"}],"wp:term":[{"taxonomy":"category","embeddable":true,"href":"https:\/\/www.europesays.com\/fr\/wp-json\/wp\/v2\/categories?post=453965"},{"taxonomy":"post_tag","embeddable":true,"href":"https:\/\/www.europesays.com\/fr\/wp-json\/wp\/v2\/tags?post=453965"}],"curies":[{"name":"wp","href":"https:\/\/api.w.org\/{rel}","templated":true}]}}