{"id":453969,"date":"2025-10-11T02:21:26","date_gmt":"2025-10-11T02:21:26","guid":{"rendered":"https:\/\/www.europesays.com\/fr\/453969\/"},"modified":"2025-10-11T02:21:26","modified_gmt":"2025-10-11T02:21:26","slug":"semaine-ludique-a-luniversite-de-lorraine-jouons-factuel","status":"publish","type":"post","link":"https:\/\/www.europesays.com\/fr\/453969\/","title":{"rendered":"Semaine ludique \u00e0 l&rsquo;Universit\u00e9 de Lorraine : jouons ! &#8211; Factuel"},"content":{"rendered":"<p>Temps de lecture : 2 minutes<\/p>\n<p>Informations pratiques<\/p>\n<p><strong>Localisation<\/strong> : BU Sciences et techniques &#8211; M\u00e9diath\u00e8que campus Artem &#8211; BU Lettres, Sciences humaines et sociales &#8211; -BU du campus Manufacture<\/p>\n<p> <strong>Date de d\u00e9but<\/strong> : 20\/10\/2025 11:00 <strong>Date de fin<\/strong> : 26\/10\/2025 17:00<\/p>\n<p>Cette semaine, d\u00e9di\u00e9e au jeu, permettra au grand public de venir d\u00e9couvrir et tester une grande vari\u00e9t\u00e9 de jeux : de l\u2019escape game, au majong en passant par les jeux s\u00e9rieux. R\u00e9unissant de nombreux partenaires dans diff\u00e9rents lieux de la m\u00e9tropole, cette semaine se veut f\u00e9d\u00e9ratrice autour d\u2019un mot d\u2019ordre simple : Jouons !<\/p>\n<p>La DACIP, \u00e9tant un lieu de conseils, de ressources, de r\u00e9flexions et de formation,\u00a0 a d\u00e9cid\u00e9 de s\u2019associer \u00e0 cet \u00e9v\u00e8nement pour vous permettre la d\u00e9couverte de diff\u00e9rents jeux s\u00e9rieux cr\u00e9\u00e9s au sein des composantes de l\u2019Universit\u00e9 de Lorraine. Qu\u2019ils soient \u00e0 destination du grand public ou \u00e0 des publics sp\u00e9cialis\u00e9s, ces jeux seront accueillis, lors de cette semaine ludique,\u00a0 au sein des biblioth\u00e8ques universitaires : <strong>\u00a0BU Sciences et techniques \/\/ M\u00e9diath\u00e8que campus Artem \/\/\u00a0 BU Lettres, Sciences humaines et sociales \/\/\u00a0 e-BU du campus Manufacture.<\/strong><\/p>\n<p>Ouvertes \u00e0 tous les publics, les biblioth\u00e8ques universitaires ont pour but de contribuer \u00e0 l\u2019information et \u00e0 la culture scientifique de l\u2019Universit\u00e9. Elles proposent des espaces d\u2019accueil et d\u2019\u00e9changes et se veulent des lieux d\u2019apprentissages et de travail. Avec des collections accessibles \u00e0 tous, les BU de l\u2019Universit\u00e9 de Lorraine sont le lieu id\u00e9al pour se faire rencontrer personnels de l\u2019universit\u00e9 et grand public. Il semblait opportun de permettre aux BU d\u2019accueillir un tel \u00e9v\u00e8nement. Lieu ouvert au public et accessible, elles mettent \u00e0 disposition de ces s\u00e9ances de jeux, des lieux d\u00e9di\u00e9s.\u00a0<\/p>\n<p>La semaine ludique dans le Grand Nancy est organis\u00e9e par l\u2019<a href=\"https:\/\/memoki.fr\/\" rel=\"nofollow noopener\" target=\"_blank\">association Memoki<\/a>.<\/p>\n<p><\/p>\n","protected":false},"excerpt":{"rendered":"Temps de lecture : 2 minutes Informations pratiques Localisation : BU Sciences et techniques &#8211; M\u00e9diath\u00e8que campus Artem&hellip;\n","protected":false},"author":2,"featured_media":453970,"comment_status":"","ping_status":"","sticky":false,"template":"","format":"standard","meta":{"footnotes":""},"categories":[9635],"tags":[1111,11,1777,674,1011,27,775,1702,12,25],"class_list":{"0":"post-453969","1":"post","2":"type-post","3":"status-publish","4":"format-standard","5":"has-post-thumbnail","7":"category-nancy","8":"tag-actu","9":"tag-actualites","10":"tag-eu","11":"tag-europe","12":"tag-fr","13":"tag-france","14":"tag-grand-est","15":"tag-nancy","16":"tag-news","17":"tag-republique-francaise"},"share_on_mastodon":{"url":"https:\/\/pubeurope.com\/@fr\/115353150071612022","error":""},"_links":{"self":[{"href":"https:\/\/www.europesays.com\/fr\/wp-json\/wp\/v2\/posts\/453969","targetHints":{"allow":["GET"]}}],"collection":[{"href":"https:\/\/www.europesays.com\/fr\/wp-json\/wp\/v2\/posts"}],"about":[{"href":"https:\/\/www.europesays.com\/fr\/wp-json\/wp\/v2\/types\/post"}],"author":[{"embeddable":true,"href":"https:\/\/www.europesays.com\/fr\/wp-json\/wp\/v2\/users\/2"}],"replies":[{"embeddable":true,"href":"https:\/\/www.europesays.com\/fr\/wp-json\/wp\/v2\/comments?post=453969"}],"version-history":[{"count":0,"href":"https:\/\/www.europesays.com\/fr\/wp-json\/wp\/v2\/posts\/453969\/revisions"}],"wp:featuredmedia":[{"embeddable":true,"href":"https:\/\/www.europesays.com\/fr\/wp-json\/wp\/v2\/media\/453970"}],"wp:attachment":[{"href":"https:\/\/www.europesays.com\/fr\/wp-json\/wp\/v2\/media?parent=453969"}],"wp:term":[{"taxonomy":"category","embeddable":true,"href":"https:\/\/www.europesays.com\/fr\/wp-json\/wp\/v2\/categories?post=453969"},{"taxonomy":"post_tag","embeddable":true,"href":"https:\/\/www.europesays.com\/fr\/wp-json\/wp\/v2\/tags?post=453969"}],"curies":[{"name":"wp","href":"https:\/\/api.w.org\/{rel}","templated":true}]}}