{"id":453986,"date":"2025-10-11T02:33:56","date_gmt":"2025-10-11T02:33:56","guid":{"rendered":"https:\/\/www.europesays.com\/fr\/453986\/"},"modified":"2025-10-11T02:33:56","modified_gmt":"2025-10-11T02:33:56","slug":"strasbourg-concert-zaz","status":"publish","type":"post","link":"https:\/\/www.europesays.com\/fr\/453986\/","title":{"rendered":"STRASBOURG > CONCERT > ZAZ"},"content":{"rendered":"<p>Zaz envo\u00fbte Strasbourg : une voix, une \u00e2me, un frisson<\/p>\n<p><img loading=\"lazy\" decoding=\"async\" width=\"1024\" height=\"682\" src=\"https:\/\/www.europesays.com\/fr\/wp-content\/uploads\/2025\/10\/2LX_5433.jpg\" alt=\"\" class=\"wp-image-1518278\"\/>STRASBOURG &gt; CONCERT &gt; ZAZ<\/p>\n<p class=\"has-medium-font-size\">Ce lundi 6 octobre, le Palais de la Musique et des Congres s\u2019est transform\u00e9 en \u00e9crin de douceur et d\u2019\u00e9nergie avec la venue de <a href=\"https:\/\/www.facebook.com\/zazofficial\" target=\"_blank\" rel=\"noopener\">Zaz <\/a> pour la seconde date de sa nouvelle tourn\u00e9e.<\/p>\n<p>Mina Blue en premi\u00e8re partie<\/p>\n<p><img loading=\"lazy\" decoding=\"async\" width=\"1024\" height=\"682\" data-id=\"1518277\" src=\"https:\/\/www.europesays.com\/fr\/wp-content\/uploads\/2025\/10\/2LX_5377.jpg\" alt=\"\" class=\"wp-image-1518277\"\/><\/p>\n<p><img loading=\"lazy\" decoding=\"async\" width=\"1024\" height=\"682\" data-id=\"1518276\" src=\"https:\/\/www.europesays.com\/fr\/wp-content\/uploads\/2025\/10\/2LX_5373.jpg\" alt=\"\" class=\"wp-image-1518276\"\/><\/p>\n<p><img loading=\"lazy\" decoding=\"async\" width=\"1024\" height=\"682\" data-id=\"1518275\" src=\"https:\/\/www.europesays.com\/fr\/wp-content\/uploads\/2025\/10\/2LX_5369.jpg\" alt=\"\" class=\"wp-image-1518275\"\/><\/p>\n<p><img loading=\"lazy\" decoding=\"async\" width=\"1024\" height=\"682\" data-id=\"1518274\" src=\"https:\/\/www.europesays.com\/fr\/wp-content\/uploads\/2025\/10\/2LX_5312.jpg\" alt=\"\" class=\"wp-image-1518274\"\/><br \/>\nSTRASBOURG &gt; CONCERT &gt; ZAZ<\/p>\n<p class=\"has-medium-font-size\">Pour d\u00e9buter cette soir\u00e9e, Zaz a choisi de faire appel \u00e0 Mina Blue, de son vrai nom Daniela Lezzi. Cette artiste italienne qui ne passe pas inaper\u00e7ue avec sa chevelure bleue, a conquis les quatre coachs de The Voice avant de choisir Zaz pour poursuivre l\u2019aventure et assurer d\u00e9sormais sa premi\u00e8re partie. Mina Blue a interpr\u00e9t\u00e9 plusieurs de ses titres et s\u2019est m\u00eame risqu\u00e9e \u00e0 chanter une chanson en fran\u00e7ais. Exercice relev\u00e9 haut la main devant un public enthousiaste.<\/p>\n<p>Une salle en \u00e9bullition avant la premi\u00e8re note<\/p>\n<p><img loading=\"lazy\" decoding=\"async\" width=\"1024\" height=\"682\" src=\"https:\/\/www.europesays.com\/fr\/wp-content\/uploads\/2025\/10\/2LX_5624.jpg\" alt=\"\" class=\"wp-image-1518279\"\/>STRASBOURG &gt; CONCERT &gt; ZAZ<\/p>\n<p class=\"has-medium-font-size\">D\u00e8s les premi\u00e8res minutes, une tension \u00e9lectrique parcourait la salle : les spectateurs, debout, scandaient le nom de Zaz avec une ferveur palpable. Les sifflements d\u2019impatience fusaient entre les applaudissements, comme une vague d\u2019enthousiasme pr\u00eate \u00e0 d\u00e9ferler. Et lorsque les lumi\u00e8res se sont tamis\u00e9es, un frisson collectif a travers\u00e9 le Palais de la Musique et des Congr\u00e8s \u2014 le moment tant attendu \u00e9tait enfin l\u00e0.<\/p>\n<p>Une voix qui traverse les c\u0153urs<\/p>\n<p><img loading=\"lazy\" decoding=\"async\" width=\"1024\" height=\"682\" src=\"https:\/\/www.europesays.com\/fr\/wp-content\/uploads\/2025\/10\/2LX_5681.jpg\" alt=\"\" class=\"wp-image-1518282\"\/>STRASBOURG &gt; CONCERT &gt; ZAZ<\/p>\n<p class=\"has-medium-font-size\">C\u2019est \u00e0 20h45 que Zaz est entr\u00e9e en sc\u00e8ne dans la p\u00e9nombre doucement \u00e9clair\u00e9e. Sa voix reconnaissable entre toutes a surgi comme un rayon de soleil, brute et vibrante sur \u00ab\u00a0Je pardonne\u00a0\u00bb. Camera \u00e0 la main, la chanteuse se filme en coulisses ainsi que sur sc\u00e8ne et apparait en noir et blanc sur un \u00e9cran surplomb\u00e9 par des rideaux de velours. La mise en sc\u00e8ne est sobre et \u00e9l\u00e9gante.<\/p>\n<p class=\"has-medium-font-size\">Les musiciens subliment chaque envol\u00e9e avec justesse, donnant \u00e0 chaque morceau une atmosph\u00e8re savoureuse.<\/p>\n<p>Des chansons comme des confidences<\/p>\n<p><img loading=\"lazy\" decoding=\"async\" width=\"1024\" height=\"682\" src=\"https:\/\/www.europesays.com\/fr\/wp-content\/uploads\/2025\/10\/2LX_5691.jpg\" alt=\"\" class=\"wp-image-1518283\"\/>STRASBOURG &gt; CONCERT &gt; ZAZ<\/p>\n<p class=\"has-medium-font-size\">Entre ses classiques et nouveaux titres issus de son dernier album \u00ab\u00a0Sains et Saufs\u00a0\u00bb aux accents plus intimes (Au pays des merveilles, Un enfant pour toujours, J\u2019imagine que tu sais) Zaz a tiss\u00e9 une soir\u00e9e pleine de nuances. Des \u00e9clats de joie aux silences suspendus avec cette chaleur qui lui est propre. Zaz ne fait pas que chanter, elle se raconte, se confie et se donne \u00e0 son public avec une \u00e9nergie incroyable en h\u00e9sitant pas \u00e0 s\u2019offrir un bain de foule.<\/p>\n<p class=\"has-medium-font-size\">Le concert s\u2019est achev\u00e9 par une touchante reprise de \u00ab\u00a0La vie en rose\u00a0\u00bb repris en ch\u0153ur par le public Strasbourgeois avant d\u2019exploser sur \u00ab\u00a0Je veux\u00a0\u00bb.<\/p>\n<p class=\"has-medium-font-size\">Zaz sera en concert \u00e0 Anvers le 13 octobre, \u00e0 Bruxelles le 14 octobre et Chalons en Champagne le 28 novembre.<\/p>\n<p class=\"has-medium-font-size\">Journaliste : <a href=\"https:\/\/www.instagram.com\/julien.infolux\/\" target=\"_blank\" rel=\"noopener\">Julien Frantz<\/a><\/p>\n<p class=\"has-medium-font-size\">Photographe : <a href=\"https:\/\/www.facebook.com\/2laxphotographie\" target=\"_blank\" rel=\"noopener\">2 La X Photographie<\/a><\/p>\n<p>PHOTOS &gt; STRASBOURG &gt; CONCERT &gt; ZAZ<\/p>\n<p><img loading=\"lazy\" decoding=\"async\" width=\"1024\" height=\"682\" data-id=\"1518278\" src=\"https:\/\/www.europesays.com\/fr\/wp-content\/uploads\/2025\/10\/2LX_5433.jpg\" alt=\"\" class=\"wp-image-1518278\"\/><\/p>\n<p><img loading=\"lazy\" decoding=\"async\" width=\"1024\" height=\"682\" data-id=\"1518279\" src=\"https:\/\/www.europesays.com\/fr\/wp-content\/uploads\/2025\/10\/2LX_5624.jpg\" alt=\"\" class=\"wp-image-1518279\"\/><\/p>\n<p><img loading=\"lazy\" decoding=\"async\" width=\"1024\" height=\"682\" data-id=\"1518280\" src=\"https:\/\/www.europesays.com\/fr\/wp-content\/uploads\/2025\/10\/2LX_5656.jpg\" alt=\"\" class=\"wp-image-1518280\"\/><\/p>\n<p><img loading=\"lazy\" decoding=\"async\" width=\"1024\" height=\"682\" data-id=\"1518282\" src=\"https:\/\/www.europesays.com\/fr\/wp-content\/uploads\/2025\/10\/2LX_5681.jpg\" alt=\"\" class=\"wp-image-1518282\"\/><\/p>\n<p><img loading=\"lazy\" decoding=\"async\" width=\"1024\" height=\"682\" data-id=\"1518283\" src=\"https:\/\/www.europesays.com\/fr\/wp-content\/uploads\/2025\/10\/2LX_5691.jpg\" alt=\"\" class=\"wp-image-1518283\"\/><\/p>\n<p><img loading=\"lazy\" decoding=\"async\" width=\"1024\" height=\"682\" data-id=\"1518281\" src=\"https:\/\/www.europesays.com\/fr\/wp-content\/uploads\/2025\/10\/2LX_5674.jpg\" alt=\"\" class=\"wp-image-1518281\"\/><\/p>\n<p><img loading=\"lazy\" decoding=\"async\" width=\"1024\" height=\"682\" data-id=\"1518274\" src=\"https:\/\/www.europesays.com\/fr\/wp-content\/uploads\/2025\/10\/2LX_5312.jpg\" alt=\"\" class=\"wp-image-1518274\"\/><\/p>\n<p><img loading=\"lazy\" decoding=\"async\" width=\"1024\" height=\"682\" data-id=\"1518275\" src=\"https:\/\/www.europesays.com\/fr\/wp-content\/uploads\/2025\/10\/2LX_5369.jpg\" alt=\"\" class=\"wp-image-1518275\"\/><\/p>\n<p><img loading=\"lazy\" decoding=\"async\" width=\"1024\" height=\"682\" data-id=\"1518276\" src=\"https:\/\/www.europesays.com\/fr\/wp-content\/uploads\/2025\/10\/2LX_5373.jpg\" alt=\"\" class=\"wp-image-1518276\"\/><\/p>\n<p><img loading=\"lazy\" decoding=\"async\" width=\"1024\" height=\"682\" data-id=\"1518277\" src=\"https:\/\/www.europesays.com\/fr\/wp-content\/uploads\/2025\/10\/2LX_5377.jpg\" alt=\"\" class=\"wp-image-1518277\"\/><br \/>\nSTRASBOURG &gt; CONCERT &gt; ZAZ<\/p>\n<ul class=\"wp-block-latest-posts__list is-grid columns-3 wp-block-latest-posts\">\n<li><img loading=\"lazy\" decoding=\"async\" width=\"150\" height=\"150\" src=\"https:\/\/www.europesays.com\/fr\/wp-content\/uploads\/2025\/10\/IMG_1334-2-150x150.jpg\" class=\"attachment-thumbnail size-thumbnail wp-post-image\" alt=\"\" style=\"\"\/><a class=\"wp-block-latest-posts__post-title\" href=\"https:\/\/www.info-lux.com\/chalons-concert-alain-souchon-ours-pierre-souchon\/themes\/cultures\/concerts\/concert\/\" target=\"_blank\" rel=\"noopener\">CHALONS &gt; CONCERT &gt; ALAIN SOUCHON &gt; OURS &gt; PIERRE SOUCHON<\/a>Souchon, p\u00e8re et fils : la chanson en h\u00e9ritage Une ville en effervescence pour un po\u00e8te de 77 ans Le\u2026 <a class=\"wp-block-latest-posts__read-more\" href=\"https:\/\/www.info-lux.com\/chalons-concert-alain-souchon-ours-pierre-souchon\/themes\/cultures\/concerts\/concert\/\" rel=\"noopener noreferrer\" target=\"_blank\">Lire la suite\u00a0: CHALONS &gt; CONCERT &gt; ALAIN SOUCHON &gt; OURS &gt; PIERRE SOUCHON<\/a><\/li>\n<li><img loading=\"lazy\" decoding=\"async\" width=\"150\" height=\"150\" src=\"https:\/\/www.europesays.com\/fr\/wp-content\/uploads\/2025\/10\/2LX_5782-150x150.jpg\" class=\"attachment-thumbnail size-thumbnail wp-post-image\" alt=\"\" style=\"\"\/><a class=\"wp-block-latest-posts__post-title\" href=\"https:\/\/www.info-lux.com\/yutz-concert-thomas-dutronc\/themes\/cultures\/concerts\/concert\/\" target=\"_blank\" rel=\"noopener\">YUTZ &gt; CONCERT &gt; THOMAS DUTRONC<\/a>Thomas Dutronc en concert \u00e0 Yutz L\u2019Amphy de Yutz a vibr\u00e9 ce jeudi 9 octobre 2025 au rythme des titres\u2026 <a class=\"wp-block-latest-posts__read-more\" href=\"https:\/\/www.info-lux.com\/yutz-concert-thomas-dutronc\/themes\/cultures\/concerts\/concert\/\" rel=\"noopener noreferrer\" target=\"_blank\">Lire la suite\u00a0: YUTZ &gt; CONCERT &gt; THOMAS DUTRONC<\/a><\/li>\n<li><img loading=\"lazy\" decoding=\"async\" width=\"150\" height=\"150\" src=\"https:\/\/www.europesays.com\/fr\/wp-content\/uploads\/2025\/10\/TDE_0441-150x150.jpg\" class=\"attachment-thumbnail size-thumbnail wp-post-image\" alt=\"\" style=\"\"\/><a class=\"wp-block-latest-posts__post-title\" href=\"https:\/\/www.info-lux.com\/fiff-2025myriem-akheddiouprix-interpretation\/actualites\/actualite-en-province-de-namur\/\" target=\"_blank\" rel=\"noopener\">FIFF 2025&gt;MYRIEM AKHEDDIOU&gt;PRIX INTERPRETATION<\/a>BAYARD D\u2019INTERPRETATION AMPLEMENT MERITE Son nom ne vous dira peut-\u00eatre pas grand-chose. Pourtant, nous l\u2019avons vue dans pas moins de\u2026 <a class=\"wp-block-latest-posts__read-more\" href=\"https:\/\/www.info-lux.com\/fiff-2025myriem-akheddiouprix-interpretation\/actualites\/actualite-en-province-de-namur\/\" rel=\"noopener noreferrer\" target=\"_blank\">Lire la suite\u00a0: FIFF 2025&gt;MYRIEM AKHEDDIOU&gt;PRIX INTERPRETATION<\/a><\/li>\n<li><img loading=\"lazy\" decoding=\"async\" width=\"150\" height=\"150\" src=\"https:\/\/www.europesays.com\/fr\/wp-content\/uploads\/2025\/10\/Amelie-Bonnin-et-moi-150x150.jpg\" class=\"attachment-thumbnail size-thumbnail wp-post-image\" alt=\"\" style=\"\"\/><a class=\"wp-block-latest-posts__post-title\" href=\"https:\/\/www.info-lux.com\/fiff-2025amelie-bonnininterviewaudio\/actualites\/actualite-en-province-de-namur\/\" target=\"_blank\" rel=\"noopener\">FIFF 2025&gt;AMELIE BONNIN&gt;INTERVIEW&gt;AUDIO<\/a>\u201cON A FINI PAR ETRE D\u2019ACCORD\u201d Am\u00e9lie Bonnin, souvenez-vous, elle a fait l\u2019ouverture du Festival de Cannes 2025 avec son\u2026 <a class=\"wp-block-latest-posts__read-more\" href=\"https:\/\/www.info-lux.com\/fiff-2025amelie-bonnininterviewaudio\/actualites\/actualite-en-province-de-namur\/\" rel=\"noopener noreferrer\" target=\"_blank\">Lire la suite\u00a0: FIFF 2025&gt;AMELIE BONNIN&gt;INTERVIEW&gt;AUDIO<\/a><\/li>\n<li><img loading=\"lazy\" decoding=\"async\" width=\"150\" height=\"150\" src=\"https:\/\/www.europesays.com\/fr\/wp-content\/uploads\/2025\/10\/2LX_5624-150x150.jpg\" class=\"attachment-thumbnail size-thumbnail wp-post-image\" alt=\"\" style=\"\"\/><a class=\"wp-block-latest-posts__post-title\" href=\"https:\/\/www.info-lux.com\/strasbourg-concert-zaz\/themes\/\" target=\"_blank\" rel=\"noopener\">STRASBOURG &gt; CONCERT &gt; ZAZ<\/a>Zaz envo\u00fbte Strasbourg : une voix, une \u00e2me, un frisson Ce lundi 6 octobre, le Palais de la Musique et\u2026 <a class=\"wp-block-latest-posts__read-more\" href=\"https:\/\/www.info-lux.com\/strasbourg-concert-zaz\/themes\/\" rel=\"noopener noreferrer\" target=\"_blank\">Lire la suite\u00a0: STRASBOURG &gt; CONCERT &gt; ZAZ<\/a><\/li>\n<li><img loading=\"lazy\" decoding=\"async\" width=\"150\" height=\"150\" src=\"https:\/\/www.europesays.com\/fr\/wp-content\/uploads\/2025\/10\/moto-auto003-150x150.jpg\" class=\"attachment-thumbnail size-thumbnail wp-post-image\" alt=\"\" style=\"\"\/><a class=\"wp-block-latest-posts__post-title\" href=\"https:\/\/www.info-lux.com\/beersel-auto-moto-photos\/portrait\/photographes-portrait\/natacha-stephanie\/\" target=\"_blank\" rel=\"noopener\">Beersel &gt; Auto-Moto &gt; Photos<\/a>Rassemblement Auto-Moto chez Factory Kart Beersel : Passion, moteurs et convivialit\u00e9 sign\u00e9s Alisson KN Official Un \u00e9v\u00e9nement moteur\u2026 au c\u0153ur\u2026 <a class=\"wp-block-latest-posts__read-more\" href=\"https:\/\/www.info-lux.com\/beersel-auto-moto-photos\/portrait\/photographes-portrait\/natacha-stephanie\/\" rel=\"noopener noreferrer\" target=\"_blank\">Lire la suite\u00a0: Beersel &gt; Auto-Moto &gt; Photos<\/a><\/li>\n<li><img loading=\"lazy\" decoding=\"async\" width=\"150\" height=\"150\" src=\"https:\/\/www.europesays.com\/fr\/wp-content\/uploads\/2025\/10\/On-vous-croit-150x150.jpg\" class=\"attachment-thumbnail size-thumbnail wp-post-image\" alt=\"\" style=\"\"\/><a class=\"wp-block-latest-posts__post-title\" href=\"https:\/\/www.info-lux.com\/fiff-2025un-juste-palmares\/actualites\/actualite-en-province-de-namur\/\" target=\"_blank\" rel=\"noopener\">FIFF 2025&gt;UN JUSTE PALMARES<\/a>\u00ab\u00a0ON VOUS CROIT\u00a0\u00bb BAYARD D\u2019OR DU MEILLEUR FILM Alors que la 40\u00e8 \u00e9dition du Festival du Film Francophone de Namur\u2026 <a class=\"wp-block-latest-posts__read-more\" href=\"https:\/\/www.info-lux.com\/fiff-2025un-juste-palmares\/actualites\/actualite-en-province-de-namur\/\" rel=\"noopener noreferrer\" target=\"_blank\">Lire la suite\u00a0: FIFF 2025&gt;UN JUSTE PALMARES<\/a><\/li>\n<li><img loading=\"lazy\" decoding=\"async\" width=\"150\" height=\"150\" src=\"https:\/\/www.europesays.com\/fr\/wp-content\/uploads\/2025\/10\/Fond-decran-ordinateur-collage-photo-vision-board-moderne-minimaliste-150x150.png\" class=\"attachment-thumbnail size-thumbnail wp-post-image\" alt=\"\" style=\"\"\/><a class=\"wp-block-latest-posts__post-title\" href=\"https:\/\/www.info-lux.com\/esch-alzette-francofolies-26-gims\/pays\/luxembourg-belgique\/francofolies-d-esch-alzette\/\" target=\"_blank\" rel=\"noopener\">ESCH-SUR-ALZETTE &gt; FRANCOFOLIES 2026<\/a>GIMS ouvre le bal des annonces Les\u00a0Francofolies Esch-sur-Alzette\u00a0viennent de frapper fort. Ce\u00a09 octobre 2025 \u00e0 10 h, le festival luxembourgeois\u2026 <a class=\"wp-block-latest-posts__read-more\" href=\"https:\/\/www.info-lux.com\/esch-alzette-francofolies-26-gims\/pays\/luxembourg-belgique\/francofolies-d-esch-alzette\/\" rel=\"noopener noreferrer\" target=\"_blank\">Lire la suite\u00a0: ESCH-SUR-ALZETTE &gt; FRANCOFOLIES 2026<\/a><\/li>\n<li><img loading=\"lazy\" decoding=\"async\" width=\"150\" height=\"150\" src=\"https:\/\/www.europesays.com\/fr\/wp-content\/uploads\/2025\/10\/JF-Michael-11-150x150.jpg\" class=\"attachment-thumbnail size-thumbnail wp-post-image\" alt=\"\" style=\"\"\/><a class=\"wp-block-latest-posts__post-title\" href=\"https:\/\/www.info-lux.com\/sainte-cecile-les-tourets-jean-francois-michael-60ans-de-carriere\/photorep\/\" target=\"_blank\" rel=\"noopener\">Sainte C\u00e9cile &gt; Les tourets &gt; Jean-Fran\u00e7ois Micha\u00ebl &gt; 60ans de carri\u00e8re &gt;<\/a>Jean-Fran\u00e7ois Micha\u00ebl f\u00eate ses 60 ans de carri\u00e8re aux Tourets Le chanteur embl\u00e9matique de \u201cAdieu Jolie Candy\u201d a c\u00e9l\u00e9br\u00e9 ses\u2026 <a class=\"wp-block-latest-posts__read-more\" href=\"https:\/\/www.info-lux.com\/sainte-cecile-les-tourets-jean-francois-michael-60ans-de-carriere\/photorep\/\" rel=\"noopener noreferrer\" target=\"_blank\">Lire la suite\u00a0: Sainte C\u00e9cile &gt; Les tourets &gt; Jean-Fran\u00e7ois Micha\u00ebl &gt; 60ans de carri\u00e8re &gt;<\/a><\/li>\n<li><img loading=\"lazy\" decoding=\"async\" width=\"150\" height=\"150\" src=\"https:\/\/www.europesays.com\/fr\/wp-content\/uploads\/2025\/10\/Elodie-Siby-17-150x150.jpg\" class=\"attachment-thumbnail size-thumbnail wp-post-image\" alt=\"\" style=\"\"\/><a class=\"wp-block-latest-posts__post-title\" href=\"https:\/\/www.info-lux.com\/sainte-cecile-les-tourets-elodie-siby\/photorep\/\" target=\"_blank\" rel=\"noopener\">Sainte-C\u00e9cile &gt; Les Tourets &gt; Elodie Siby &gt;<\/a>Ce dimanche, la salle des Tourets s\u2019est transform\u00e9e en cabaret le temps d\u2019un apr\u00e8s-midi musical d\u2019exception. Le public a eu\u2026 <a class=\"wp-block-latest-posts__read-more\" href=\"https:\/\/www.info-lux.com\/sainte-cecile-les-tourets-elodie-siby\/photorep\/\" rel=\"noopener noreferrer\" target=\"_blank\">Lire la suite\u00a0: Sainte-C\u00e9cile &gt; Les Tourets &gt; Elodie Siby &gt;<\/a><\/li>\n<li><img loading=\"lazy\" decoding=\"async\" width=\"150\" height=\"150\" src=\"https:\/\/www.europesays.com\/fr\/wp-content\/uploads\/2025\/10\/DSC_6323-Avec-accentuation-Bruit-2-150x150.jpg\" class=\"attachment-thumbnail size-thumbnail wp-post-image\" alt=\"\" style=\"\"\/><a class=\"wp-block-latest-posts__post-title\" href=\"https:\/\/www.info-lux.com\/metz-open-de-moselle-dernier-edition-2025\/themes\/\" target=\"_blank\" rel=\"noopener\">Metz &gt; Open de Moselle &gt;Dernier \u00e9dition &gt; 2025<\/a>Metz &gt; Open de Moselle &gt; La dernier \u00e9dition &gt; 2025 La 22\u00e8me et ultime \u00e9dition du Moselle Open s\u2019ouvrira\u2026 <a class=\"wp-block-latest-posts__read-more\" href=\"https:\/\/www.info-lux.com\/metz-open-de-moselle-dernier-edition-2025\/themes\/\" rel=\"noopener noreferrer\" target=\"_blank\">Lire la suite\u00a0: Metz &gt; Open de Moselle &gt;Dernier \u00e9dition &gt; 2025<\/a><\/li>\n<li><img loading=\"lazy\" decoding=\"async\" width=\"150\" height=\"150\" src=\"https:\/\/www.europesays.com\/fr\/wp-content\/uploads\/2025\/10\/472257651_18439371508077943_2952556045922447680_n-150x150.jpg\" class=\"attachment-thumbnail size-thumbnail wp-post-image\" alt=\"\" style=\"\"\/><a class=\"wp-block-latest-posts__post-title\" href=\"https:\/\/www.info-lux.com\/fcknye-roundname\/pays\/belgique\/wallonie\/bruxelles\/bruxelles-expo\/\" target=\"_blank\" rel=\"noopener\">BRUXELLES &gt; FCKNYE &gt; NOUVEAUX NOMS<\/a>Le FCKNYE Festival revient plus fort que jamais pour f\u00eater le passage \u00e0 2026 \u00e0 Brussels Expo !\u00a0Apr\u00e8s plusieurs drops\u2026 <a class=\"wp-block-latest-posts__read-more\" href=\"https:\/\/www.info-lux.com\/fcknye-roundname\/pays\/belgique\/wallonie\/bruxelles\/bruxelles-expo\/\" rel=\"noopener noreferrer\" target=\"_blank\">Lire la suite\u00a0: BRUXELLES &gt; FCKNYE &gt; NOUVEAUX NOMS<\/a><\/li>\n<\/ul>\n<p>\t\t\t<script async src=\"\/\/www.instagram.com\/embed.js\"><\/script><\/p>\n","protected":false},"excerpt":{"rendered":"Zaz envo\u00fbte Strasbourg : une voix, une \u00e2me, un frisson STRASBOURG &gt; CONCERT &gt; ZAZ Ce lundi 6&hellip;\n","protected":false},"author":2,"featured_media":453987,"comment_status":"","ping_status":"","sticky":false,"template":"","format":"standard","meta":{"footnotes":""},"categories":[2820],"tags":[1111,11,1777,674,1011,27,775,57961,12,39141,25,640,57962],"class_list":{"0":"post-453986","1":"post","2":"type-post","3":"status-publish","4":"format-standard","5":"has-post-thumbnail","7":"category-strasbourg","8":"tag-actu","9":"tag-actualites","10":"tag-eu","11":"tag-europe","12":"tag-fr","13":"tag-france","14":"tag-grand-est","15":"tag-mina-blue","16":"tag-news","17":"tag-palais-des-congres","18":"tag-republique-francaise","19":"tag-strasbourg","20":"tag-zaz-strasbourg"},"share_on_mastodon":{"url":"https:\/\/pubeurope.com\/@fr\/115353202383151784","error":""},"_links":{"self":[{"href":"https:\/\/www.europesays.com\/fr\/wp-json\/wp\/v2\/posts\/453986","targetHints":{"allow":["GET"]}}],"collection":[{"href":"https:\/\/www.europesays.com\/fr\/wp-json\/wp\/v2\/posts"}],"about":[{"href":"https:\/\/www.europesays.com\/fr\/wp-json\/wp\/v2\/types\/post"}],"author":[{"embeddable":true,"href":"https:\/\/www.europesays.com\/fr\/wp-json\/wp\/v2\/users\/2"}],"replies":[{"embeddable":true,"href":"https:\/\/www.europesays.com\/fr\/wp-json\/wp\/v2\/comments?post=453986"}],"version-history":[{"count":0,"href":"https:\/\/www.europesays.com\/fr\/wp-json\/wp\/v2\/posts\/453986\/revisions"}],"wp:featuredmedia":[{"embeddable":true,"href":"https:\/\/www.europesays.com\/fr\/wp-json\/wp\/v2\/media\/453987"}],"wp:attachment":[{"href":"https:\/\/www.europesays.com\/fr\/wp-json\/wp\/v2\/media?parent=453986"}],"wp:term":[{"taxonomy":"category","embeddable":true,"href":"https:\/\/www.europesays.com\/fr\/wp-json\/wp\/v2\/categories?post=453986"},{"taxonomy":"post_tag","embeddable":true,"href":"https:\/\/www.europesays.com\/fr\/wp-json\/wp\/v2\/tags?post=453986"}],"curies":[{"name":"wp","href":"https:\/\/api.w.org\/{rel}","templated":true}]}}