{"id":453988,"date":"2025-10-11T02:35:18","date_gmt":"2025-10-11T02:35:18","guid":{"rendered":"https:\/\/www.europesays.com\/fr\/453988\/"},"modified":"2025-10-11T02:35:18","modified_gmt":"2025-10-11T02:35:18","slug":"le-club-va-revenir-a-la-charge-pour-la-signature-dune-pepite-de-premier-league","status":"publish","type":"post","link":"https:\/\/www.europesays.com\/fr\/453988\/","title":{"rendered":"Le club va revenir \u00e0 la charge pour la signature d&rsquo;une p\u00e9pite de Premier League !"},"content":{"rendered":"<p>Le march\u00e9 des transferts hivernal s\u00a0\u00bbembrase autour d&rsquo;une cible de choix : <strong>Fabio Carvalho<\/strong>. Le talentueux milieu offensif portugais de <strong>22 ans<\/strong>, actuellement sous contrat avec <strong>Brentford<\/strong>, cristallise les convoitises de plusieurs clubs europ\u00e9ens ambitieux. Cette bataille tripartite oppose des projets distincts mais tous s\u00e9duisants : <strong>Strasbourg<\/strong> poursuit une cour assidue entam\u00e9e il y a plusieurs mois, l&rsquo;<strong>Olympique Lyonnais<\/strong> acc\u00e9l\u00e8re ses d\u00e9marches avec la d\u00e9termination d&rsquo;un pr\u00e9tendant s\u00e9rieux, tandis que <strong>Stuttgart<\/strong> s&rsquo;impose comme un concurrent redoutable dans cette course effr\u00e9n\u00e9e. L&rsquo;enjeu d\u00e9passe la simple acquisition d&rsquo;un joueur : il s&rsquo;agit pour chaque formation de s&rsquo;offrir un \u00e9l\u00e9ment technique capable de transformer leur animation offensive. La situation contractuelle du joueur, li\u00e9 jusqu&rsquo;en <strong>2029<\/strong> avec les Bees, complexifie n\u00e9anmoins les n\u00e9gociations et conf\u00e8re un pouvoir d\u00e9cisionnel consid\u00e9rable au club londonien.<\/p>\n<p>                                <img decoding=\"async\" src=\"https:\/\/www.europesays.com\/fr\/wp-content\/uploads\/2025\/04\/1744123449_543_logo.png\" alt=\"Logo\"\/><\/p>\n<p>100\u20ac offerts sur ton 1er pari !<\/p>\n<p>                            <a href=\"https:\/\/bit.ly\/4j5wl4k\" class=\"headband-button\" rel=\"nofollow noopener\" target=\"_blank\">J&rsquo;en profite<\/a><\/p>\n<p>                                                                <img loading=\"lazy\" decoding=\"async\" src=\"https:\/\/www.europesays.com\/fr\/wp-content\/uploads\/2025\/10\/mercato-strasbourg-le-club-va-revenir-a-la-charge-pour-la-signature-d-une-pepite-de-premier-league.j.jpeg\" alt=\"Illustration : &quot;Mercato Strasbourg : Le club va revenir \u00e0 la charge pour la signature d'une p\u00e9pite de Premier League !&quot;\" class=\"figure-img img-fluid\" width=\"780\" height=\"478\"\/><\/p>\n<p>                                    \u00a9 Site officiel de Brentford                                 <\/p>\n<p>L&rsquo;offensive persistante du Racing Club de Strasbourg<\/p>\n<p>L&rsquo;int\u00e9r\u00eat strasbourgeois pour <strong>Fabio Carvalho<\/strong> ne date pas d&rsquo;hier et s&rsquo;inscrit dans une strat\u00e9gie de recrutement m\u00fbrement r\u00e9fl\u00e9chie. D\u00e8s le mercato hivernal pr\u00e9c\u00e9dent, le <strong>RCSA<\/strong> avait manifest\u00e9 son d\u00e9sir d&rsquo;attirer l&rsquo;ancien prodige de Fulham, sollicitant alors une formule de pr\u00eat aupr\u00e8s de Brentford. Cette approche initiale s&rsquo;appuyait sur des liens privil\u00e9gi\u00e9s entre le joueur et le staff alsacien, notamment avec <strong>Liam Rosenior<\/strong>, l&rsquo;entra\u00eeneur qui avait c\u00f4toy\u00e9 Carvalho lors de leur passage commun \u00e0 Hull City. Cette connaissance mutuelle repr\u00e9sentait un atout consid\u00e9rable dans les n\u00e9gociations, le technicien anglais ayant pu appr\u00e9cier de pr\u00e8s les qualit\u00e9s techniques et le potentiel d&rsquo;adaptation du milieu portugais. Cependant, cette premi\u00e8re tentative s&rsquo;\u00e9tait heurt\u00e9e \u00e0 l&rsquo;intransigeance du board de Brentford, qui avait cat\u00e9goriquement refus\u00e9 toute ouverture, repoussant fermement l&rsquo;offre hexagonale. Loin de se d\u00e9courager, Strasbourg revient aujourd&rsquo;hui \u00e0 la charge avec une d\u00e9termination renouvel\u00e9e, fort de sa <strong>dynamique positive<\/strong> en championnat et de sa position confortable au classement qui renforce son attractivit\u00e9.<\/p>\n<p>L&rsquo;entr\u00e9e fracassante de Lyon et la menace Stuttgart<\/p>\n<p>L&rsquo;<strong>Olympique Lyonnais<\/strong> a r\u00e9cemment boulevers\u00e9 l&rsquo;\u00e9quilibre de ce dossier en manifestant un int\u00e9r\u00eat concret pour le milieu portugais. Cette offensive lyonnaise s&rsquo;inscrit dans une politique de recrutement ambitieuse, visant \u00e0 renforcer le secteur offensif avec des \u00e9l\u00e9ments aguerris \u00e9voluant en <strong>Premier League<\/strong>. L&rsquo;OL mise sur les qualit\u00e9s techniques reconnues de Carvalho pour dynamiser ses attaques et apporter cette cr\u00e9ativit\u00e9 qui fait parfois d\u00e9faut \u00e0 l&rsquo;animation rhodanienne. Parall\u00e8lement, <strong>Stuttgart<\/strong> s&rsquo;est impos\u00e9 comme un concurrent de poids dans cette bataille europ\u00e9enne. Le club allemand, actuellement <strong>quatri\u00e8me de Bundesliga<\/strong>, surveille attentivement l&rsquo;\u00e9volution de la situation et dispose d&rsquo;arguments solides pour s\u00e9duire le joueur. Les Schwaben peuvent notamment mettre en avant leur excellent classement, leur projet sportif ambitieux et leur capacit\u00e9 \u00e0 offrir un temps de jeu cons\u00e9quent \u00e0 leurs recrues. Cette concurrence tripartite cr\u00e9e une \u00e9mulation b\u00e9n\u00e9fique qui pourrait faire grimper les ench\u00e8res et compliquer les n\u00e9gociations pour chaque pr\u00e9tendant.<\/p>\n<p>La situation d\u00e9licate de Carvalho chez les Bees<\/p>\n<p>La position de <strong>Fabio Carvalho<\/strong> \u00e0 Brentford justifie pleinement l&rsquo;int\u00e9r\u00eat suscit\u00e9 par son profil sur le march\u00e9 des transferts. Recrut\u00e9 en <strong>2024<\/strong> pour un montant avoisinant les <strong>24 millions d&rsquo;euros<\/strong>, le milieu portugais traverse une p\u00e9riode frustrante dans sa carri\u00e8re londonienne. Ses statistiques de la saison en cours t\u00e9moignent d&rsquo;un temps de jeu insuffisant : seulement <strong>5 matches de Premier League<\/strong> disput\u00e9s pour un total de <strong>96 minutes<\/strong>, avec un unique but \u00e0 son actif. Son taux de titularisation, plafonn\u00e9 \u00e0 <strong>14,3%<\/strong>, illustre parfaitement sa difficult\u00e9 \u00e0 s&rsquo;imposer dans le onze de d\u00e9part face \u00e0 la concurrence directe de <strong>Mikkel Damsgaard<\/strong>. Cette situation inconfortable pour un joueur de son calibre et de ses ambitions explique naturellement son d\u00e9sir de retrouver un environnement plus propice \u00e0 son \u00e9panouissement. L&rsquo;entra\u00eeneur <strong>Keith Andrews<\/strong> continue n\u00e9anmoins d&rsquo;afficher publiquement sa confiance envers le Portugais, privil\u00e9giant la patience et misiant sur la qualit\u00e9 de leurs relations. Toutefois, son contrat courant jusqu&rsquo;en <strong>2029<\/strong> constitue un obstacle majeur \u00e0 tout d\u00e9part, conf\u00e9rant \u00e0 Brentford un pouvoir de n\u00e9gociation consid\u00e9rable face aux pr\u00e9tendants europ\u00e9ens.<\/p>\n<p class=\"s5\" style=\"margin: 0px 0px 8px; line-height: 1.295; font-weight: bold; font-size: 10px; caret-color: rgb(0, 0, 0); color: rgb(0, 0, 0);\">Ce vendredi 17 octobre, le RC Strasbourg d\u00e9fie l\u2019ogre parisien au Parc des Princes. Pour cette rencontre, profitez de 100\u20ac offerts pour votre premi\u00e8re inscription sur Parions Sport en Ligne. <a href=\"https:\/\/wlfdj.adsrv.eacdn.com\/C.ashx?btag=a_721b_108c_&amp;affid=214&amp;siteid=721&amp;adid=108&amp;c=\" rel=\"nofollow noopener\" target=\"_blank\">Une victoire du RC Strasbourg face au PSG vous rapporte jusqu\u2019\u00e0 950\u20ac !<\/a><\/p>\n<p class=\"s7\" style=\"margin: 0px 0px 8px; line-height: 1.295; text-decoration: underline; font-weight: bold; font-size: 10px; caret-color: rgb(0, 0, 0); color: rgb(0, 0, 0);\">Pour en profiter, c\u2019est tr\u00e8s simple :<\/p>\n<p class=\"s8\" style=\"margin: 0px 0px 8px; line-height: 1.295; font-size: 10px; caret-color: rgb(0, 0, 0); color: rgb(0, 0, 0);\">-?Cr\u00e9ez votre compte joueur en seulement 2 \u00e9tapes <a href=\"https:\/\/wlfdj.adsrv.eacdn.com\/C.ashx?btag=a_721b_108c_&amp;affid=214&amp;siteid=721&amp;adid=108&amp;c=\" rel=\"nofollow noopener\" target=\"_blank\">ici<\/a><\/p>\n<p class=\"s8\" style=\"margin: 0px 0px 8px; line-height: 1.295; font-size: 10px; caret-color: rgb(0, 0, 0); color: rgb(0, 0, 0);\">-?R\u00e9alisez votre 1er d\u00e9p\u00f4t puis placez votre 1er pari (Minimum 5\u20ac)<\/p>\n<p class=\"s8\" style=\"margin: 0px 0px 8px; line-height: 1.295; font-size: 10px; caret-color: rgb(0, 0, 0); color: rgb(0, 0, 0);\">-?Une fois votre 1er d\u00e9p\u00f4t et votre 1er pari r\u00e9alis\u00e9s, l\u2019int\u00e9gralit\u00e9 du montant de ce 1er pari sera cr\u00e9dit\u00e9e sur votre compte joueur dans la limite de 100\u20ac maximum et sous la forme de cr\u00e9dits de jeu non retirables. Le cr\u00e9dit s\u2019effectuera alors en une seule \u00e9tape et sous 3 jours<\/p>\n<p class=\"s10\" style=\"margin: 0px 0px 8px; line-height: 1.295; font-size: 10px; font-style: italic; caret-color: rgb(0, 0, 0); color: rgb(0, 0, 0);\">Jouer comporte des risques : endettement, d\u00e9pendance\u2026 Appelez le 09 74 75 13 13 (appel non surtax\u00e9)<\/p>\n","protected":false},"excerpt":{"rendered":"Le march\u00e9 des transferts hivernal s\u00a0\u00bbembrase autour d&rsquo;une cible de choix : Fabio Carvalho. Le talentueux milieu offensif&hellip;\n","protected":false},"author":2,"featured_media":453989,"comment_status":"","ping_status":"","sticky":false,"template":"","format":"standard","meta":{"footnotes":""},"categories":[2820],"tags":[1111,11,1777,674,1011,27,775,12,25,640],"class_list":{"0":"post-453988","1":"post","2":"type-post","3":"status-publish","4":"format-standard","5":"has-post-thumbnail","7":"category-strasbourg","8":"tag-actu","9":"tag-actualites","10":"tag-eu","11":"tag-europe","12":"tag-fr","13":"tag-france","14":"tag-grand-est","15":"tag-news","16":"tag-republique-francaise","17":"tag-strasbourg"},"share_on_mastodon":{"url":"https:\/\/pubeurope.com\/@fr\/115353205078046977","error":""},"_links":{"self":[{"href":"https:\/\/www.europesays.com\/fr\/wp-json\/wp\/v2\/posts\/453988","targetHints":{"allow":["GET"]}}],"collection":[{"href":"https:\/\/www.europesays.com\/fr\/wp-json\/wp\/v2\/posts"}],"about":[{"href":"https:\/\/www.europesays.com\/fr\/wp-json\/wp\/v2\/types\/post"}],"author":[{"embeddable":true,"href":"https:\/\/www.europesays.com\/fr\/wp-json\/wp\/v2\/users\/2"}],"replies":[{"embeddable":true,"href":"https:\/\/www.europesays.com\/fr\/wp-json\/wp\/v2\/comments?post=453988"}],"version-history":[{"count":0,"href":"https:\/\/www.europesays.com\/fr\/wp-json\/wp\/v2\/posts\/453988\/revisions"}],"wp:featuredmedia":[{"embeddable":true,"href":"https:\/\/www.europesays.com\/fr\/wp-json\/wp\/v2\/media\/453989"}],"wp:attachment":[{"href":"https:\/\/www.europesays.com\/fr\/wp-json\/wp\/v2\/media?parent=453988"}],"wp:term":[{"taxonomy":"category","embeddable":true,"href":"https:\/\/www.europesays.com\/fr\/wp-json\/wp\/v2\/categories?post=453988"},{"taxonomy":"post_tag","embeddable":true,"href":"https:\/\/www.europesays.com\/fr\/wp-json\/wp\/v2\/tags?post=453988"}],"curies":[{"name":"wp","href":"https:\/\/api.w.org\/{rel}","templated":true}]}}