{"id":453994,"date":"2025-10-11T02:38:25","date_gmt":"2025-10-11T02:38:25","guid":{"rendered":"https:\/\/www.europesays.com\/fr\/453994\/"},"modified":"2025-10-11T02:38:25","modified_gmt":"2025-10-11T02:38:25","slug":"escalades-visites-louverture-de-la-partie-est-du-jardin-extraordinaire-a-nantes-ca-se","status":"publish","type":"post","link":"https:\/\/www.europesays.com\/fr\/453994\/","title":{"rendered":"Escalades, visites\u2026 L\u2019ouverture de la partie est du Jardin extraordinaire \u00e0 Nantes, \u00e7a se"},"content":{"rendered":"<p>Le Jardin extraordinaire, achev\u00e9, ouvre au public ce samedi 11\u00a0octobre, \u00e0 Nantes (Loire-Atlantique). Au programme\u00a0: des visites guid\u00e9es et des animations sportives et culturelles.<\/p>\n<p>Une premi\u00e8re partie du Jardin extraordinaire avait \u00e9t\u00e9 inaugur\u00e9e en septembre\u00a02019, \u00e0 Nantes. <a target=\"_self\" href=\"https:\/\/nantes.maville.com\/actu\/actudet_-a-nantes-le-jardin-extraordinaire-est-fini-il-ouvrira-mi-octobre-_8-6996609_actu.Htm\" rel=\"noopener\">La partie est, \u00e0 son tour, est achev\u00e9e<\/a>\u00a0: la dalle de b\u00e9ton laisse d\u00e9sormais place \u00e0 une v\u00e9g\u00e9tation foisonnante. Et le public pourra en profiter, dans sa totalit\u00e9, \u00e0 partir de ce samedi 11\u00a0octobre.<\/p>\n<p>Ce week-end d\u2019ouverture propose un programme riche et vari\u00e9. D\u00e8s samedi, les associations du quartier prendront possession de la partie est pour proposer plusieurs activit\u00e9s\u00a0: maquillage, coloriage, jeux de soci\u00e9t\u00e9, interm\u00e8des musicaux\u2026 rythmeront la journ\u00e9e.<\/p>\n<p>Suspendus \u00e0 20\u00a0m de hauteur<\/p>\n<p>Au programme, \u00e9galement\u00a0: des d\u00e9monstrations de slackline et de highline (sorte de funambulisme), suspendus jusqu\u2019\u00e0 20\u00a0m de hauteur entre les parois de la falaise. Le public pourra, lui aussi, s\u2019initier \u00e0 l\u2019escalade.\u00a0En prime, samedi, \u00e0 16\u00a0h\u00a015, un spectacle sur l\u2019eau (sur le nouveau bassin du jardin) avec Delphine Coutant, po\u00e9tesse, compositrice, musicienne et paludi\u00e8re. Et des visites guid\u00e9es th\u00e9matiques, tout le week-end.<\/p>\n<p><strong>Samedi 11\u00a0octobre,<\/strong> \u00e0 partir de 11\u00a0h et dimanche \u00e0 partir de 10\u00a0h, au jardin extraordinaire, boulevard de Cardiff, \u00e0 Nantes. Programme complet sur <a rel=\"noopener\" target=\"_blank\" href=\"https:\/\/metropole.nantes.fr\/actualites\/5-bonnes-raisons-de-profiter-de-l-ouverture-du-jardin-extraordinaire\">metropole.nantes.fr\/jardin-extraordinaire-ouverture<\/a>.<\/p>\n<p>\u00a0<\/p>\n","protected":false},"excerpt":{"rendered":"Le Jardin extraordinaire, achev\u00e9, ouvre au public ce samedi 11\u00a0octobre, \u00e0 Nantes (Loire-Atlantique). Au programme\u00a0: des visites guid\u00e9es&hellip;\n","protected":false},"author":2,"featured_media":453995,"comment_status":"","ping_status":"","sticky":false,"template":"","format":"standard","meta":{"footnotes":""},"categories":[2818],"tags":[1111,11,57963,1777,674,23021,4768,1011,27,3354,766,12,14570,11695,2636,25,20899],"class_list":{"0":"post-453994","1":"post","2":"type-post","3":"status-publish","4":"format-standard","5":"has-post-thumbnail","7":"category-nantes","8":"tag-actu","9":"tag-actualites","10":"tag-escalades","11":"tag-eu","12":"tag-europe","13":"tag-extraordinaire","14":"tag-fete","15":"tag-fr","16":"tag-france","17":"tag-jardin","18":"tag-nantes","19":"tag-news","20":"tag-ouverture","21":"tag-partie","22":"tag-pays-de-la-loire","23":"tag-republique-francaise","24":"tag-visites"},"share_on_mastodon":{"url":"https:\/\/pubeurope.com\/@fr\/115353216870328801","error":""},"_links":{"self":[{"href":"https:\/\/www.europesays.com\/fr\/wp-json\/wp\/v2\/posts\/453994","targetHints":{"allow":["GET"]}}],"collection":[{"href":"https:\/\/www.europesays.com\/fr\/wp-json\/wp\/v2\/posts"}],"about":[{"href":"https:\/\/www.europesays.com\/fr\/wp-json\/wp\/v2\/types\/post"}],"author":[{"embeddable":true,"href":"https:\/\/www.europesays.com\/fr\/wp-json\/wp\/v2\/users\/2"}],"replies":[{"embeddable":true,"href":"https:\/\/www.europesays.com\/fr\/wp-json\/wp\/v2\/comments?post=453994"}],"version-history":[{"count":0,"href":"https:\/\/www.europesays.com\/fr\/wp-json\/wp\/v2\/posts\/453994\/revisions"}],"wp:featuredmedia":[{"embeddable":true,"href":"https:\/\/www.europesays.com\/fr\/wp-json\/wp\/v2\/media\/453995"}],"wp:attachment":[{"href":"https:\/\/www.europesays.com\/fr\/wp-json\/wp\/v2\/media?parent=453994"}],"wp:term":[{"taxonomy":"category","embeddable":true,"href":"https:\/\/www.europesays.com\/fr\/wp-json\/wp\/v2\/categories?post=453994"},{"taxonomy":"post_tag","embeddable":true,"href":"https:\/\/www.europesays.com\/fr\/wp-json\/wp\/v2\/tags?post=453994"}],"curies":[{"name":"wp","href":"https:\/\/api.w.org\/{rel}","templated":true}]}}