{"id":454004,"date":"2025-10-11T02:43:16","date_gmt":"2025-10-11T02:43:16","guid":{"rendered":"https:\/\/www.europesays.com\/fr\/454004\/"},"modified":"2025-10-11T02:43:16","modified_gmt":"2025-10-11T02:43:16","slug":"adolescentes-prostituees-a-toulouse-13-proxenetes-condamnes-le-cerveau-ecope-de-14-ans-de-prison","status":"publish","type":"post","link":"https:\/\/www.europesays.com\/fr\/454004\/","title":{"rendered":"Adolescentes prostitu\u00e9es \u00e0 Toulouse\u00a0: 13 prox\u00e9n\u00e8tes condamn\u00e9s, le cerveau \u00e9cope de 14\u00a0ans de prison"},"content":{"rendered":"<p class=\"paragraph text_align_left lp-f-body-02\">Le tribunal correctionnel de Toulouse a condamn\u00e9 vendredi 13 membres d\u2019<a href=\"https:\/\/www.leparisien.fr\/faits-divers\/toulouse-quatorze-jeunes-accuses-davoir-prostitue-des-mineures-juges-pour-proxenetisme-aggrave-06-10-2025-UY562M74RZE3RKQJVT53R5MGO4.php\" target=\"_self\" rel=\"nofollow noopener\">un r\u00e9seau de prostitution exploitant des adolescentes<\/a>, dont le cerveau a \u00e9cop\u00e9 d\u2019une peine de 14 ans de prison.<\/p>\n<p class=\"paragraph text_align_left lp-f-body-02\">Les douze autres membres du r\u00e9seau, d\u00e9mantel\u00e9 depuis sont \u00e2g\u00e9s d\u2019une vingtaine d\u2019ann\u00e9es, et ont \u00e9t\u00e9 condamn\u00e9s \u00e0 des peines allant de 2 \u00e0 6 ans d\u2019emprisonnement, en fonction de leur degr\u00e9 d\u2019implication. Ils prostituaient des mineures de 14 \u00e0 16 ans, plac\u00e9es ou suivies par l\u2019<a href=\"https:\/\/www.leparisien.fr\/faits-divers\/depuis-presque-quatre-ans-cet-enfant-est-balade-sur-les-traces-des-incasables-de-laide-sociale-a-lenfance-03-08-2025-7VIVJZX4QZCTBGCTXKA75GRLSY.php\" target=\"_self\" rel=\"nofollow noopener\">Aide sociale \u00e0 l\u2019enfance<\/a> (ASE). L\u2019un des quatorze pr\u00e9venus a \u00e9t\u00e9 relax\u00e9.<\/p>\n<p class=\"paragraph text_align_left lp-f-body-02\">L\u2019enqu\u00eate a permis d\u2019\u00e9tablir que les prox\u00e9n\u00e8tes avaient organis\u00e9 des voyages pour prostituer les adolescentes \u00e0 Paris, en Suisse et en Belgique, avec l\u2019objectif de profiter de l\u00e9gislations plus favorables.<\/p>\n<p class=\"paragraph text_align_left lp-f-body-02\">Le principal pr\u00e9venu, Olivier Habchi Hamadouche, 29 ans, avait d\u00e9j\u00e0 \u00e9t\u00e9 condamn\u00e9 dans une autre affaire \u00e0 25 ans de r\u00e9clusion criminelle pour des faits d\u2019enl\u00e8vement et s\u00e9questration suivis de mort. Mercredi, le procureur a requis vingt ans, maximum de la peine encourue devant un tribunal correctionnel en \u00e9tat de r\u00e9cidive, contre cet individu surnomm\u00e9 Mowgli, qui a cr\u00e9\u00e9 et dirig\u00e9 le r\u00e9seau depuis sa cellule de prison \u00e0 <a href=\"https:\/\/www.leparisien.fr\/faits-divers\/beziers-les-corps-dune-femme-de-94-ans-et-de-son-fils-qui-lavait-tuee-retrouves-six-mois-apres-07-10-2025-7FLMB26TIZGT5O2KQBPERGB4WA.php\" target=\"_self\" rel=\"nofollow noopener\">B\u00e9ziers<\/a>.<\/p>\n<p class=\"lp-card-podcast-highlighting__title  lp-f-subtitle-05\">[2\/2] Patrick Tissier\u00a0: le tueur qui a amen\u00e9 la France \u00e0 cr\u00e9er la \u00ab\u00a0perp\u00e9tuit\u00e9 r\u00e9elle\u00a0\u00bb<\/p>\n<p class=\"lp-card-podcast-highlighting__description lp-f-ui-05\">Crime story raconte chaque semaine les grandes affaires criminelles.<\/p>\n<p><a class=\"lp-card-podcast-highlighting__call-to-action\" data-page-type=\"HP\" data-block-name=\"podcast-highlight\">\u00c9couter<\/a>100 000 euros en six mois<\/p>\n<p class=\"paragraph text_align_left lp-f-body-02\">\u00ab Mettez-moi une peine, je la m\u00e9rite. Mais je ne m\u00e9rite pas vingt ans \u00bb, a-t-il lanc\u00e9 plus t\u00f4t vendredi depuis le box des pr\u00e9venus, lors de sa derni\u00e8re prise de parole devant le tribunal.<\/p>\n<p class=\"paragraph text_align_left lp-f-body-02\">Il se serait enrichi d\u2019au moins 100 000 euros de juillet 2023 \u00e0 janvier 2024, p\u00e9riode retenue par le tribunal, selon les estimations des enqu\u00eateurs. Le tribunal l\u2019a condamn\u00e9 \u00e0 50 000 euros d\u2019amende et \u00e0 verser des sommes aux victimes au titre du pr\u00e9judice moral.<\/p>\n<p class=\"paragraph text_align_left lp-f-body-02\">Quatre adolescentes se sont constitu\u00e9 partie civile sur les (au moins) dix victimes identifi\u00e9es lors de l\u2019enqu\u00eate. Certaines recevaient entre 20 et 30 clients par jour, elles \u00e9taient \u00ab polytraumatis\u00e9es \u00bb selon le repr\u00e9sentant du minist\u00e8re public Tristan Lamouille.<\/p>\n<p class=\"paragraph text_align_left lp-f-body-02\">\u00ab La responsabilit\u00e9 des uns et des autres a \u00e9t\u00e9 reconnue. C\u2019est une d\u00e9cision un peu du milieu. Car on aurait envie de dire que pour des faits aussi graves, aucune peine n\u2019est suffisante \u00bb, a estim\u00e9 Me Jonathan Bomstain, avocat d\u2019une partie civile.<\/p>\n<p>\u00ab \u00c7a m\u2019a plus, c\u2019est comme une entreprise \u00bb<\/p>\n<p class=\"paragraph text_align_left lp-f-body-02\">\u00ab Ces jeunes filles n\u2019ont jamais perdu leur dignit\u00e9. On a fini la premi\u00e8re \u00e9tape. Elles sont reconnues victimes et c\u2019\u00e9tait tr\u00e8s important qu\u2019elles le soient, pour qu\u2019elles puissent ensuite le comprendre \u00bb, a pour sa part d\u00e9clar\u00e9 Me Tabatha Merlateau, autre avocate d\u2019une victime.<\/p>\n<p class=\"paragraph text_align_left lp-f-body-02\">Pour Me Guillaume L\u00e9guevaques, lui aussi avocat de partie civile, \u00ab il est n\u00e9cessaire de poursuivre l\u2019effort judiciaire afin que chacun prenne la mesure de ce que subissent les victimes, en particulier lorsqu\u2019elles sont jeunes et vuln\u00e9rables \u00bb.<\/p>\n<p class=\"paragraph text_align_left lp-f-body-02\">Une des victimes, qui n\u2019avait que 15 ans, a assur\u00e9 aux enqu\u00eateurs avoir \u00e9t\u00e9 s\u00e9questr\u00e9e alors qu\u2019elle ne voulait plus continuer \u00e0 se prostituer. Plusieurs membres du r\u00e9seau, dont son chef, avaient r\u00e9fut\u00e9 toute forme de contrainte. \u00ab Franchement \u00e7a m\u2019a plu, c\u2019\u00e9tait comme une entreprise \u00bb, a d\u00e9clar\u00e9 devant le tribunal correctionnel le chef du r\u00e9seau, \u00ab je suis un commercial. Le prox\u00e9n\u00e9tisme, c\u2019est de l\u2019amour, les personnes \u00e9taient consentantes \u00bb. \u00ab La femme est pay\u00e9e, ce n\u2019est pas un viol \u00bb, \u00ab vous voulez me faire passer pour un monstre \u00bb, a-t-il encore dit \u00e0 la barre durant le proc\u00e8s.<\/p>\n<p class=\"paragraph text_align_left lp-f-body-02\">Le procureur Tristan Lamouille a soulign\u00e9 qu\u2019il s\u2019agissait d\u2019adolescentes \u00ab en difficult\u00e9 psychologique \u00bb du fait de leurs parcours personnels, des victimes comme l\u2019on en retrouve d\u00e9sormais dans de nombreux dossiers du m\u00eame type, \u00e9grainant pour en t\u00e9moigner plus de 80 pr\u00e9noms cit\u00e9s dans des proc\u00e9dures similaires, rien qu\u2019en r\u00e9gion toulousaine, ainsi que leur \u00e2ge, de 12 \u00e0 17 ans.<\/p>\n<p class=\"paragraph text_align_left lp-f-body-02\">L\u2019exploitation sexuelle des mineures est en pleine croissance en France, o\u00f9 les condamnations de prox\u00e9n\u00e8tes se multiplient. Dans l\u2019Hexagone, les associations estiment \u00e0 au moins 15 000 voire plus de 20 000 le nombre de mineurs, essentiellement des jeunes filles, en situation de prostitution.<\/p>\n","protected":false},"excerpt":{"rendered":"Le tribunal correctionnel de Toulouse a condamn\u00e9 vendredi 13 membres d\u2019un r\u00e9seau de prostitution exploitant des adolescentes, dont&hellip;\n","protected":false},"author":2,"featured_media":400242,"comment_status":"","ping_status":"","sticky":false,"template":"","format":"standard","meta":{"footnotes":""},"categories":[2816],"tags":[1111,11,459,1777,674,118,1011,27,12,2680,25,2312],"class_list":{"0":"post-454004","1":"post","2":"type-post","3":"status-publish","4":"format-standard","5":"has-post-thumbnail","7":"category-toulouse","8":"tag-actu","9":"tag-actualites","10":"tag-departements-horsidfo","11":"tag-eu","12":"tag-europe","13":"tag-faits-divers","14":"tag-fr","15":"tag-france","16":"tag-news","17":"tag-occitanie","18":"tag-republique-francaise","19":"tag-toulouse"},"share_on_mastodon":{"url":"https:\/\/pubeurope.com\/@fr\/115353236481708131","error":""},"_links":{"self":[{"href":"https:\/\/www.europesays.com\/fr\/wp-json\/wp\/v2\/posts\/454004","targetHints":{"allow":["GET"]}}],"collection":[{"href":"https:\/\/www.europesays.com\/fr\/wp-json\/wp\/v2\/posts"}],"about":[{"href":"https:\/\/www.europesays.com\/fr\/wp-json\/wp\/v2\/types\/post"}],"author":[{"embeddable":true,"href":"https:\/\/www.europesays.com\/fr\/wp-json\/wp\/v2\/users\/2"}],"replies":[{"embeddable":true,"href":"https:\/\/www.europesays.com\/fr\/wp-json\/wp\/v2\/comments?post=454004"}],"version-history":[{"count":0,"href":"https:\/\/www.europesays.com\/fr\/wp-json\/wp\/v2\/posts\/454004\/revisions"}],"wp:featuredmedia":[{"embeddable":true,"href":"https:\/\/www.europesays.com\/fr\/wp-json\/wp\/v2\/media\/400242"}],"wp:attachment":[{"href":"https:\/\/www.europesays.com\/fr\/wp-json\/wp\/v2\/media?parent=454004"}],"wp:term":[{"taxonomy":"category","embeddable":true,"href":"https:\/\/www.europesays.com\/fr\/wp-json\/wp\/v2\/categories?post=454004"},{"taxonomy":"post_tag","embeddable":true,"href":"https:\/\/www.europesays.com\/fr\/wp-json\/wp\/v2\/tags?post=454004"}],"curies":[{"name":"wp","href":"https:\/\/api.w.org\/{rel}","templated":true}]}}