{"id":454007,"date":"2025-10-11T02:46:15","date_gmt":"2025-10-11T02:46:15","guid":{"rendered":"https:\/\/www.europesays.com\/fr\/454007\/"},"modified":"2025-10-11T02:46:15","modified_gmt":"2025-10-11T02:46:15","slug":"suspectees-de-trafic-de-drogue-deux-jeunes-femmes-interpellees-a-marseille","status":"publish","type":"post","link":"https:\/\/www.europesays.com\/fr\/454007\/","title":{"rendered":"Suspect\u00e9es de trafic de drogue, deux jeunes femmes interpell\u00e9es \u00e0 Marseille"},"content":{"rendered":"<p>Deux jeunes femmes ont \u00e9t\u00e9 interpell\u00e9es \u00e0 <a href=\"https:\/\/.maville.com\/\/\" target=\"_self\" rel=\"noopener\">Marseille (Bouches-du-Rh\u00f4ne)<\/a> par les agents de la brigade sp\u00e9cialis\u00e9e de terrain\u00a0dans la nuit de lundi\u00a06 \u00e0 mardi 7\u00a0octobre 2025. <a href=\"https:\/\/www.laprovence.com\/article\/faits-divers-justice\/27751296523842\/deux-femmes-arretees-avec-pres-de-20-kg-de-cannabis-dans-les-quartiers-nord-de-marseille\" target=\"_blank\" rel=\"noopener\">Comme le relate <\/a> <a href=\"https:\/\/www.laprovence.com\/article\/faits-divers-justice\/27751296523842\/deux-femmes-arretees-avec-pres-de-20-kg-de-cannabis-dans-les-quartiers-nord-de-marseille\" target=\"_blank\" rel=\"noopener\"> La Provence <\/a>, elles sont suspect\u00e9es de trafic de stup\u00e9fiants. Leurs\u00a0arrestations ont eu lieu lors d\u2019une\u00a0op\u00e9ration de surveillance dans la cit\u00e9 du Mail.<\/p>\n<p>\u00ab\u00a0Bien ins\u00e9r\u00e9e\u00a0\u00bb\u00a0dans la soci\u00e9t\u00e9<\/p>\n<p>Les agents de\u00a0la brigade sp\u00e9cialis\u00e9e de terrain, dont le dr\u00f4le est de traquer les dealers dans la cit\u00e9 phoc\u00e9enne, ont rep\u00e9r\u00e9 une femme \u00e2g\u00e9e d\u2019une vingtaine d\u2019ann\u00e9es \u00e0 l\u2019allure suspecte. <a href=\"https:\/\/www.lefigaro.fr\/marseille\/casier-vierge-enfant-en-bas-age-deux-femmes-soupconnees-de-trafic-de-stupefiant-arretees-a-marseille-20251009\" target=\"_blank\" rel=\"noopener\">Selon nos confr\u00e8res du Figaro <\/a>, elle s\u2019appr\u00eatait \u00e0\u00a0<strong>\u00ab\u00a0ravitailler\u00a0\u00bb<\/strong>\u00a0un point de vente de stup\u00e9fiants de la cit\u00e9. Elle a \u00e9t\u00e9 interpell\u00e9e dans la foul\u00e9e.\u00a0<\/p>\n<p>Les agents ont ensuite perquisitionn\u00e9 l\u2019appartement d\u2019une femme de 29\u00a0ans, suspect\u00e9e d\u2019\u00eatre une nourrice.\u00a0Ils y ont retrouv\u00e9 plus de 18\u00a0kg de r\u00e9sine de cannabis et\u00a0presque un kilo d\u2019herbe de cannabis. Elle a \u00e9galement \u00e9t\u00e9 interpell\u00e9e. D\u2019apr\u00e8s les informations du Figaro, son casier judiciaire serait vierge et elle serait\u00a0<strong>\u00ab\u00a0bien ins\u00e9r\u00e9e\u00a0\u00bb<\/strong>\u00a0dans la soci\u00e9t\u00e9. Les deux femmes ont \u00e9t\u00e9 plac\u00e9es en garde \u00e0 vue.<\/p>\n<p>\u00a0<\/p>\n","protected":false},"excerpt":{"rendered":"Deux jeunes femmes ont \u00e9t\u00e9 interpell\u00e9es \u00e0 Marseille (Bouches-du-Rh\u00f4ne) par les agents de la brigade sp\u00e9cialis\u00e9e de terrain\u00a0dans&hellip;\n","protected":false},"author":2,"featured_media":454008,"comment_status":"","ping_status":"","sticky":false,"template":"","format":"standard","meta":{"footnotes":""},"categories":[2814],"tags":[1111,11,1052,1777,674,4651,1011,27,9958,14049,4074,884,12,882,25,57964,1097],"class_list":{"0":"post-454007","1":"post","2":"type-post","3":"status-publish","4":"format-standard","5":"has-post-thumbnail","7":"category-marseille","8":"tag-actu","9":"tag-actualites","10":"tag-drogue","11":"tag-eu","12":"tag-europe","13":"tag-femmes","14":"tag-fr","15":"tag-france","16":"tag-hyeres","17":"tag-interpellees","18":"tag-jeunes","19":"tag-marseille","20":"tag-news","21":"tag-provence-alpes-cote-dazur","22":"tag-republique-francaise","23":"tag-suspectees","24":"tag-trafic"},"share_on_mastodon":{"url":"https:\/\/pubeurope.com\/@fr\/115353248387361737","error":""},"_links":{"self":[{"href":"https:\/\/www.europesays.com\/fr\/wp-json\/wp\/v2\/posts\/454007","targetHints":{"allow":["GET"]}}],"collection":[{"href":"https:\/\/www.europesays.com\/fr\/wp-json\/wp\/v2\/posts"}],"about":[{"href":"https:\/\/www.europesays.com\/fr\/wp-json\/wp\/v2\/types\/post"}],"author":[{"embeddable":true,"href":"https:\/\/www.europesays.com\/fr\/wp-json\/wp\/v2\/users\/2"}],"replies":[{"embeddable":true,"href":"https:\/\/www.europesays.com\/fr\/wp-json\/wp\/v2\/comments?post=454007"}],"version-history":[{"count":0,"href":"https:\/\/www.europesays.com\/fr\/wp-json\/wp\/v2\/posts\/454007\/revisions"}],"wp:featuredmedia":[{"embeddable":true,"href":"https:\/\/www.europesays.com\/fr\/wp-json\/wp\/v2\/media\/454008"}],"wp:attachment":[{"href":"https:\/\/www.europesays.com\/fr\/wp-json\/wp\/v2\/media?parent=454007"}],"wp:term":[{"taxonomy":"category","embeddable":true,"href":"https:\/\/www.europesays.com\/fr\/wp-json\/wp\/v2\/categories?post=454007"},{"taxonomy":"post_tag","embeddable":true,"href":"https:\/\/www.europesays.com\/fr\/wp-json\/wp\/v2\/tags?post=454007"}],"curies":[{"name":"wp","href":"https:\/\/api.w.org\/{rel}","templated":true}]}}