{"id":454009,"date":"2025-10-11T02:47:15","date_gmt":"2025-10-11T02:47:15","guid":{"rendered":"https:\/\/www.europesays.com\/fr\/454009\/"},"modified":"2025-10-11T02:47:15","modified_gmt":"2025-10-11T02:47:15","slug":"marseille-marseille-web-fest-2025-du-jeudi-9-au-samedi-11-octobre","status":"publish","type":"post","link":"https:\/\/www.europesays.com\/fr\/454009\/","title":{"rendered":"MARSEILLE : Marseille Web Fest 2025, du jeudi 9 au samedi 11 octobre"},"content":{"rendered":"<p>\tMARSEILLE : Marseille Web Fest 2025, du jeudi 9 au samedi 11 octobre &#8211; Presse Agence<\/p>\n<p>                    <a href=\"#\" rel=\"nofollow\" onclick=\"window.print(); return false;\" title=\"Printer Friendly, PDF &amp; Email\"><br \/>\n                    <img decoding=\"async\" class=\"pf-button-img\" src=\"https:\/\/www.europesays.com\/fr\/wp-content\/uploads\/2025\/05\/printfriendly-pdf-email-button-notext.png\" alt=\"Print Friendly, PDF &amp; Email\" style=\"width: 110px;height: 30px;\"\/><br \/>\n                    <\/a><\/p>\n<p>                <img decoding=\"async\" src=\"https:\/\/www.europesays.com\/fr\/wp-content\/uploads\/2025\/10\/1760150834_44_a45fb14c08523cbc7ae3de9d9d02317420e0e8abd2f49445365404024bfd3669\" width=\"20\" height=\"20\" alt=\"\" loading=\"lazy\" class=\"el-image uk-border-circle uk-object-cover\" style=\"aspect-ratio: 20 \/ 20;\"\/>        <\/p>\n<p><img decoding=\"async\" src=\"https:\/\/www.europesays.com\/fr\/wp-content\/uploads\/2025\/10\/capture-decran-2025-10-10-100721-copy-8139dbec.jpeg\" width=\"950\" height=\"680\" class=\"el-image\" alt=\"\" loading=\"lazy\"\/><\/p>\n<p style=\"text-align: left;\"><strong>La 15\u00e8me \u00e9dition du Marseille Web Fest, Festival International des S\u00e9ries Courtes &amp; des Nouvelles Cr\u00e9ations Audiovisuelles revient les 9, 10 et 11 Octobre 2025 \u00e0 Marseille.<\/strong><\/p>\n<p>Depuis sa premi\u00e8re \u00e9dition en 2011, l\u2019objectif du festival a \u00e9t\u00e9 de promouvoir au sens large la cr\u00e9ation audiovisuelle en \u00e9volution constante, de r\u00e9v\u00e9ler chaque ann\u00e9e les talents de demain mais \u00e9galement d\u2019\u00eatre un lieu de rencontre unique de tous les acteurs (sc\u00e9naristes, r\u00e9alisateurs, producteurs, distributeurs, diffuseurs, etc.) de ce secteur gr\u00e2ce \u00e0 sa dimension internationale.<\/p>\n<p>Le Marseille Web Fest propose une comp\u00e9tition officielle de s\u00e9ries courtes r\u00e9partie en 3 s\u00e9lections distinctes (internationale, fran\u00e7aise et web-documentaire) \u00e0 d\u00e9couvrir gratuitement sur grand \u00e9cran ainsi qu\u2019en parall\u00e8le des ateliers, conf\u00e9rences, masterclasses et tables-rondes exclusives anim\u00e9s par des professionnels.<\/p>\n<p style=\"text-align: left;\"><strong>SOURCE : R\u00e9gion Sud.<\/strong><\/p>\n<p>        <a class=\"el-link\" href=\"https:\/\/presseagence.fr\/index.php\" rel=\"nofollow noopener\" target=\"_blank\"><img decoding=\"async\" src=\"https:\/\/presseagence.fr\/wp-content\/uploads\/2022\/05\/logo-presse-agence.svg\" width=\"180\" height=\"80\" class=\"el-image\" alt=\"Fuse\" loading=\"lazy\"\/><\/a>    <\/p>\n<p>\u00a9  Presse agence. Tout droits r\u00e9serv\u00e9s<\/p>\n<p>Pour offrir les meilleures exp\u00e9riences, nous utilisons des technologies telles que les cookies pour stocker et\/ou acc\u00e9der aux informations des appareils. Le fait de consentir \u00e0 ces technologies nous permettra de traiter des donn\u00e9es telles que le comportement de navigation ou les ID uniques sur ce site. Le fait de ne pas consentir ou de retirer son consentement peut avoir un effet n\u00e9gatif sur certaines caract\u00e9ristiques et fonctions.<\/p>\n<p>\n\t\t\t\t\tLe stockage ou l\u2019acc\u00e8s technique est strictement n\u00e9cessaire dans la finalit\u00e9 d\u2019int\u00e9r\u00eat l\u00e9gitime de permettre l\u2019utilisation d\u2019un service sp\u00e9cifique explicitement demand\u00e9 par l\u2019abonn\u00e9 ou l\u2019utilisateur, ou dans le seul but d\u2019effectuer la transmission d\u2019une communication sur un r\u00e9seau de communications \u00e9lectroniques.\n\t\t\t\t<\/p>\n<p>\n\t\t\t\t\tL\u2019acc\u00e8s ou le stockage technique est n\u00e9cessaire dans la finalit\u00e9 d\u2019int\u00e9r\u00eat l\u00e9gitime de stocker des pr\u00e9f\u00e9rences qui ne sont pas demand\u00e9es par l\u2019abonn\u00e9 ou l\u2019internaute.\n\t\t\t\t<\/p>\n<p>\n\t\t\t\t\tLe stockage ou l\u2019acc\u00e8s technique qui est utilis\u00e9 exclusivement \u00e0 des fins statistiques.<br \/>\n\t\t\t\t\tLe stockage ou l\u2019acc\u00e8s technique qui est utilis\u00e9 exclusivement dans des finalit\u00e9s statistiques anonymes. En l\u2019absence d\u2019une assignation \u00e0 compara\u00eetre, d\u2019une conformit\u00e9 volontaire de la part de votre fournisseur d\u2019acc\u00e8s \u00e0 internet ou d\u2019enregistrements suppl\u00e9mentaires provenant d\u2019une tierce partie, les informations stock\u00e9es ou extraites \u00e0 cette seule fin ne peuvent g\u00e9n\u00e9ralement pas \u00eatre utilis\u00e9es pour vous identifier.\n\t\t\t\t<\/p>\n<p>\n\t\t\t\t\tLe stockage ou l\u2019acc\u00e8s technique est n\u00e9cessaire pour cr\u00e9er des profils d\u2019utilisateurs afin d\u2019envoyer des publicit\u00e9s, ou pour suivre l\u2019utilisateur sur un site web ou sur plusieurs sites web ayant des finalit\u00e9s marketing similaires.\n\t\t\t\t<\/p>\n<p>G\u00e9rer le consentement aux cookies<\/p>\n","protected":false},"excerpt":{"rendered":"MARSEILLE : Marseille Web Fest 2025, du jeudi 9 au samedi 11 octobre &#8211; Presse Agence La 15\u00e8me&hellip;\n","protected":false},"author":2,"featured_media":454010,"comment_status":"","ping_status":"","sticky":false,"template":"","format":"standard","meta":{"footnotes":""},"categories":[2814],"tags":[1111,11,1777,674,1011,27,884,12,882,25],"class_list":{"0":"post-454009","1":"post","2":"type-post","3":"status-publish","4":"format-standard","5":"has-post-thumbnail","7":"category-marseille","8":"tag-actu","9":"tag-actualites","10":"tag-eu","11":"tag-europe","12":"tag-fr","13":"tag-france","14":"tag-marseille","15":"tag-news","16":"tag-provence-alpes-cote-dazur","17":"tag-republique-francaise"},"share_on_mastodon":{"url":"https:\/\/pubeurope.com\/@fr\/115353252965834631","error":""},"_links":{"self":[{"href":"https:\/\/www.europesays.com\/fr\/wp-json\/wp\/v2\/posts\/454009","targetHints":{"allow":["GET"]}}],"collection":[{"href":"https:\/\/www.europesays.com\/fr\/wp-json\/wp\/v2\/posts"}],"about":[{"href":"https:\/\/www.europesays.com\/fr\/wp-json\/wp\/v2\/types\/post"}],"author":[{"embeddable":true,"href":"https:\/\/www.europesays.com\/fr\/wp-json\/wp\/v2\/users\/2"}],"replies":[{"embeddable":true,"href":"https:\/\/www.europesays.com\/fr\/wp-json\/wp\/v2\/comments?post=454009"}],"version-history":[{"count":0,"href":"https:\/\/www.europesays.com\/fr\/wp-json\/wp\/v2\/posts\/454009\/revisions"}],"wp:featuredmedia":[{"embeddable":true,"href":"https:\/\/www.europesays.com\/fr\/wp-json\/wp\/v2\/media\/454010"}],"wp:attachment":[{"href":"https:\/\/www.europesays.com\/fr\/wp-json\/wp\/v2\/media?parent=454009"}],"wp:term":[{"taxonomy":"category","embeddable":true,"href":"https:\/\/www.europesays.com\/fr\/wp-json\/wp\/v2\/categories?post=454009"},{"taxonomy":"post_tag","embeddable":true,"href":"https:\/\/www.europesays.com\/fr\/wp-json\/wp\/v2\/tags?post=454009"}],"curies":[{"name":"wp","href":"https:\/\/api.w.org\/{rel}","templated":true}]}}