{"id":454016,"date":"2025-10-11T02:52:12","date_gmt":"2025-10-11T02:52:12","guid":{"rendered":"https:\/\/www.europesays.com\/fr\/454016\/"},"modified":"2025-10-11T02:52:12","modified_gmt":"2025-10-11T02:52:12","slug":"lecornu-reconduit-premier-ministre-le-ps-dement-avoir-un-accord-sur-une-non-censure","status":"publish","type":"post","link":"https:\/\/www.europesays.com\/fr\/454016\/","title":{"rendered":"Lecornu reconduit Premier ministre\u00a0: le PS d\u00e9ment avoir un accord sur une non-censure"},"content":{"rendered":"<p class=\"paragraph text_align_left lp-f-body-02\">Ce vendredi soir, les regards sont tourn\u00e9s vers le Parti socialiste, qui peut assurer au Premier ministre <a href=\"https:\/\/www.leparisien.fr\/politique\/sebastien-lecornu-renomme-premier-ministre-quatre-jours-apres-sa-demission-10-10-2025-5ZVNI6TU25CRPJLETXMIV3BTAQ.php\" target=\"_self\" rel=\"noopener\">S\u00e9bastien Lecornu <\/a>une absence de censure, et \u00e9viter ainsi une dissolution.<\/p>\n<p class=\"paragraph text_align_left lp-f-body-02\">Selon nos informations, avant de renommer officiellement son Premier ministre, Emmanuel Macron a pris soin de contacter Olivier Faure, pour s\u2019assurer d\u2019une non-censure \u00e0 l\u2019issue de la d\u00e9claration de politique g\u00e9n\u00e9rale. Un coup de fil, oui, mais pas d\u2019accord, affirme la formation de gauche. Le Parti socialiste n\u2019a \u00ab absolument aucun deal \u00bb avec S\u00e9bastien Lecornu sur une non-censure, et n\u2019a \u00ab aucune assurance ni garantie \u00bb sur ses demandes, a affirm\u00e9 vendredi soir le secr\u00e9taire g\u00e9n\u00e9ral du parti Pierre Jouvet.<\/p>\n<p class=\"paragraph text_align_left lp-f-body-02\">Le Parti socialiste <a href=\"https:\/\/www.leparisien.fr\/politique\/direct-nouveau-premier-ministre-qui-pour-succeder-a-sebastien-lecornu-emmanuel-macron-doit-trancher-ce-vendredi-10-10-2025-CN33CKACPVGRLKUGVLXHZJORHQ.php\" target=\"_self\" rel=\"noopener\">menace m\u00eame de censurer d\u00e8s la d\u00e9claration de politique g\u00e9n\u00e9rale du prochain Premier ministre<\/a> s\u2019il n\u2019obtient pas \u00ab satisfaction sur une suspension imm\u00e9diate de la r\u00e9forme des retraites et sur une mesure de justice fiscale \u00bb, avait appris l\u2019AFP vendredi soir aupr\u00e8s d\u2019un participant du Bureau national r\u00e9uni en urgence.<\/p>\n<p class=\"title-embed-dailymotion lp-color-text lp-f-subtitle-04\">Vid\u00e9oS\u00e9bastien Lecornu renomm\u00e9 \u00e0 Matignon<\/p>\n<p class=\"paragraph text_align_left lp-f-body-02\">Juste avant que le pr\u00e9sident renomme S\u00e9bastien Lecornu \u00e0 Matignon, le PS avait, lors de ce bureau national, r\u00e9affirm\u00e9 \u00ab sa volont\u00e9 de gouverner avec la gauche et les \u00e9cologistes pour apporter des solutions aux probl\u00e8mes des Fran\u00e7ais \u00bb, selon un participant.<\/p>\n<p class=\"paragraph text_align_left lp-f-body-02\">\u00ab Si le pr\u00e9sident de la R\u00e9publique s\u2019obstinait une nouvelle fois \u00e0 faire un choix diff\u00e9rent \u00bb, le PS \u00ab sera intransigeant sur la n\u00e9cessit\u00e9 d\u2019une suspension imm\u00e9diate de la r\u00e9forme des retraites ainsi que sur mesure de justice fiscale qui r\u00e9pondent aux aspirations de nos concitoyens \u00bb, a pr\u00e9cis\u00e9 la m\u00eame source. \u00ab Si tel n\u2019\u00e9tait pas le cas, nous serions toujours pr\u00eats \u00e0 censurer d\u00e8s la d\u00e9claration de politique g\u00e9n\u00e9rale \u00bb, a-t-il ajout\u00e9.<\/p>\n<p>\u00ab Spectacle d\u00e9plorable \u00bb<\/p>\n<p class=\"paragraph text_align_left lp-f-body-02\">\u00ab \u00c0 l\u2019unanimit\u00e9 \u00bb, les membres du bureau national ont aussi d\u00e9plor\u00e9 le \u00ab spectacle d\u00e9plorable \u00bb que donne aux Fran\u00e7ais le pr\u00e9sident de la R\u00e9publique, qui a convoqu\u00e9 \u00ab une \u00e9ni\u00e8me r\u00e9union sans annonce, ni perspective \u00bb.<\/p>\n<p class=\"paragraph text_align_left lp-f-body-02\">\u00c0 la sortie de l\u2019\u00c9lys\u00e9e, le patron du PS Olivier Faure avait d\u00e9plor\u00e9 que le chef de l\u2019\u00c9tat n\u2019ait \u00ab apport\u00e9 aucune r\u00e9ponse claire \u00bb, ni \u00ab sur le pouvoir d\u2019achat ni sur les retraites ni sur aucun sujet \u00bb.<\/p>\n<p class=\"paragraph text_align_left lp-f-body-02\">\u00ab Au rythme o\u00f9 les choses vont et dans les conditions dans lesquelles nous sommes aujourd\u2019hui, (\u2026) il n\u2019y a aucune garantie de non-censure de notre part \u00bb, a-t-il expliqu\u00e9 avant de menacer explicitement que \u00ab si tous les sujets ne sont pas sur la table \u00bb, notamment la suspension de la r\u00e9forme des retraites, \u00ab alors nous censurerons imm\u00e9diatement \u00bb.<\/p>\n","protected":false},"excerpt":{"rendered":"Ce vendredi soir, les regards sont tourn\u00e9s vers le Parti socialiste, qui peut assurer au Premier ministre S\u00e9bastien&hellip;\n","protected":false},"author":2,"featured_media":454017,"comment_status":"","ping_status":"","sticky":false,"template":"","format":"standard","meta":{"footnotes":""},"categories":[1888],"tags":[1111,1928,11,1927,898,8936,1777,674,1011,27,12,1926,626,1925,316,25],"class_list":{"0":"post-454016","1":"post","2":"type-post","3":"status-publish","4":"format-standard","5":"has-post-thumbnail","7":"category-paris","8":"tag-actu","9":"tag-actu-paris","10":"tag-actualites","11":"tag-actualites-paris","12":"tag-alerte","13":"tag-breaking-news","14":"tag-eu","15":"tag-europe","16":"tag-fr","17":"tag-france","18":"tag-news","19":"tag-news-paris","20":"tag-paris","21":"tag-paris-news","22":"tag-politique","23":"tag-republique-francaise"},"share_on_mastodon":{"url":"https:\/\/pubeurope.com\/@fr\/115353271891281279","error":""},"_links":{"self":[{"href":"https:\/\/www.europesays.com\/fr\/wp-json\/wp\/v2\/posts\/454016","targetHints":{"allow":["GET"]}}],"collection":[{"href":"https:\/\/www.europesays.com\/fr\/wp-json\/wp\/v2\/posts"}],"about":[{"href":"https:\/\/www.europesays.com\/fr\/wp-json\/wp\/v2\/types\/post"}],"author":[{"embeddable":true,"href":"https:\/\/www.europesays.com\/fr\/wp-json\/wp\/v2\/users\/2"}],"replies":[{"embeddable":true,"href":"https:\/\/www.europesays.com\/fr\/wp-json\/wp\/v2\/comments?post=454016"}],"version-history":[{"count":0,"href":"https:\/\/www.europesays.com\/fr\/wp-json\/wp\/v2\/posts\/454016\/revisions"}],"wp:featuredmedia":[{"embeddable":true,"href":"https:\/\/www.europesays.com\/fr\/wp-json\/wp\/v2\/media\/454017"}],"wp:attachment":[{"href":"https:\/\/www.europesays.com\/fr\/wp-json\/wp\/v2\/media?parent=454016"}],"wp:term":[{"taxonomy":"category","embeddable":true,"href":"https:\/\/www.europesays.com\/fr\/wp-json\/wp\/v2\/categories?post=454016"},{"taxonomy":"post_tag","embeddable":true,"href":"https:\/\/www.europesays.com\/fr\/wp-json\/wp\/v2\/tags?post=454016"}],"curies":[{"name":"wp","href":"https:\/\/api.w.org\/{rel}","templated":true}]}}