{"id":454020,"date":"2025-10-11T02:54:15","date_gmt":"2025-10-11T02:54:15","guid":{"rendered":"https:\/\/www.europesays.com\/fr\/454020\/"},"modified":"2025-10-11T02:54:15","modified_gmt":"2025-10-11T02:54:15","slug":"notre-tube-cetait-un-piege-matmatah-fete-ses-30-ans-avec-un-concert-geant-a-laccor-arena","status":"publish","type":"post","link":"https:\/\/www.europesays.com\/fr\/454020\/","title":{"rendered":"\u00ab\u00a0Notre tube, c\u2019\u00e9tait un pi\u00e8ge\u00a0\u00bb\u00a0: Matmatah f\u00eate ses 30\u00a0ans avec un concert g\u00e9ant \u00e0 l\u2019Accor Arena"},"content":{"rendered":"<p class=\"paragraph text_align_left lp-f-body-02\">\u00c7a tient \u00e0 peu de chose un concert g\u00e9ant. \u00c0 une blague entre potes lanc\u00e9e il y a trente ans. Le 27 septembre 1995, quatre musiciens jouent pour la premi\u00e8re fois ensemble dans un bar de Brest <a href=\"https:\/\/www.leparisien.fr\/finistere-29\/\" target=\"_self\" rel=\"nofollow noopener\">(Finist\u00e8re),<\/a> et se disent \u00e0 la fin en rigolant : \u00ab Bon, ben, Bercy dans quelques ann\u00e9es les gars\u2026 \u00bb Le 11 octobre 2025, ce samedi, le groupe breton se retrouvera bel et bien dans cette immense salle parisienne rebaptis\u00e9e depuis Accor Arena.<\/p>\n<p class=\"paragraph text_align_left lp-f-body-02\">\u00ab \u00c7a commence donc par une blague et l\u00e0 on y est, commente Tristan Nihouarn, 52 ans autour d\u2019un d\u00e9jeuner mais l\u2019estomac quelque peu nou\u00e9 par l\u2019enjeu, cette impressionnante date anniversaire et le plus gros show de sa carri\u00e8re. On a commenc\u00e9 \u00e0 y penser il y a deux ans, notre manager nous a demand\u00e9 ce que l\u2019on voulait faire pour nos trente ans. On a r\u00e9pondu en d\u00e9connant : Bercy. Je n\u2019aimais pas cette salle avant les travaux et son changement de nom. Je trouvais le son \u00e0 chier. L\u00e0 maintenant, \u00e7a n\u2019a plus rien \u00e0 voir. \u00bb<\/p>\n<p>Leur incontournable \u00ab Lamb\u00e9 an dro \u00bb qui a travers\u00e9 les d\u00e9cennies<\/p>\n<p class=\"paragraph text_align_left lp-f-body-02\">Les musiciens de Matmatah auraient pu souffler leurs trente bougies chez eux, \u00e0 Brest. Ils ont pr\u00e9f\u00e9r\u00e9 un endroit central pour faire venir des fid\u00e8les de partout. \u00ab C\u2019est un peu une cousinade, tous nos publics vont se rencontrer \u00e0 cette occasion, se r\u00e9jouit le chanteur. Les Bretons et les autres certes, mais aussi les jeunes et les moins jeunes. On voit les parents ou les grands fr\u00e8res qui sont l\u00e0 depuis longtemps mais aussi des 15-20 ans au premier rang. \u00bb<\/p>\n<p class=\"paragraph text_align_left lp-f-body-02\">Matmatah promet plus de 2h30 de show ce samedi, quelques invit\u00e9s, une premi\u00e8re partie inattendue avec le quatuor de choc Aymeric Lompret, Pierre-Emmanuel Barr\u00e9, <a href=\"https:\/\/www.leparisien.fr\/culture-loisirs\/tv\/guillaume-meurice-revient-sur-sa-blague-polemique-pour-moi-je-nai-pas-commis-de-faute-11-03-2024-LPOZAV3HP5HU3PGMCEOHQWX2SA.php\" target=\"_blank\" rel=\"noreferrer nofollow noopener\">Guillaume Meurice<\/a> et Juliette Arnaud et bien \u00e9videmment des classiques de son r\u00e9pertoire. \u00c0 commencer par cet incontournable \u00ab Lamb\u00e9 an dro \u00bb qui a travers\u00e9 les d\u00e9cennies. Un \u00e9norme tube n\u00e9 en quelques minutes il y a pr\u00e8s de 30 ans.<\/p>\n<p class=\"paragraph text_align_left lp-f-body-02\">\u00ab C\u2019\u00e9tait chez moi avec Sammy, (le cofondateur du groupe, parti depuis). On avait un duo \u00e0 l\u2019\u00e9poque les Tricard Twins. Il a commenc\u00e9 \u00e0 jouer une m\u00e9lodie. J\u2019\u00e9tais assis dans le canap\u00e9 avec ma copine et je lui ai dit : attends c\u2019est bien \u00e7a ! J\u2019ai pris ma guitare et on a tout de suite enregistr\u00e9. Les paroles sont arriv\u00e9es plus tard. \u00c0 l\u2019\u00e9poque, j\u2019\u00e9tais en coloc dans le quartier de Brest Lamb\u00e9 (Lamb\u00e9zellec). Et j\u2019avais toujours plein de potes qui passaient chez moi donc qui venaient faire un tour \u00e0 Lamb\u00e9. \u00bb<\/p>\n<p class=\"paragraph text_align_left lp-f-body-02\">Les musiciens devenus Matmatah &#8211; du nom d\u2019un village tunisien o\u00f9 Tristan est all\u00e9 en vacances quand il \u00e9tait gamin &#8211; la jouent et sentent \u00ab qu\u2019il se passe un truc \u00bb. Ils produisent quelques dizaines puis quelques milliers de CD deux titres. \u00ab Au d\u00e9part, c\u2019\u00e9tait juste pour d\u00e9marcher les bars pour faire des concerts et les mettre en vente chez certains disquaires. Et, six mois plus tard, on en avait \u00e9coul\u00e9 30 000. L\u2019un de nos potes allait livrer les magasins en 4L jusqu\u2019\u00e0 Nantes. La chanson passait sur les radios locales et puis nationales comme RTL. \u00bb<\/p>\n<p>Un groupe de rock et pas un groupe de terroir<\/p>\n<p class=\"paragraph text_align_left lp-f-body-02\">Le d\u00e9but d\u2019un ph\u00e9nom\u00e8ne populaire qui leur a permis de vendre 800 000 exemplaires de leur premier album \u00ab La Ouache \u00bb en 1998. \u00ab On s\u2019est mis \u00e0 gagner beaucoup d\u2019argent mais on a \u00e9t\u00e9 bien entour\u00e9s. Notre \u00e9diteur nous a dit : la premi\u00e8re chose \u00e0 faire, c\u2019est de vous acheter chacun un toit. Ce que l\u2019on a fait. \u00bb<\/p>\n<p class=\"paragraph text_align_left lp-f-body-02\">Un luxe m\u00eame si \u00ab \u00ab Lamb\u00e9 An Dro \u00bb \u00bb a pu \u00eatre aussi un cadeau empoisonn\u00e9. \u00ab \u00c7a nous a install\u00e9s dans le paysage musical mais ce tube, c\u2019\u00e9tait un pi\u00e8ge car il ne refl\u00e9tait pas ce qu\u2019\u00e9tait Matmatah, un groupe de rock influenc\u00e9 par les ann\u00e9es 1970 et pas un groupe de terroir comme ont pu nous consid\u00e9rer certains m\u00e9dias. \u00bb<\/p>\n<p class=\"paragraph text_align_left lp-f-body-02\">Trente ans apr\u00e8s, avec<a href=\"https:\/\/www.leparisien.fr\/culture-loisirs\/a-l-olympia-matmatah-plus-rock-que-breton-08-06-2001-2002220444.php\" target=\"_blank\" rel=\"noreferrer nofollow noopener\"> quelques albums plus rock <\/a>\u00e0 la cl\u00e9, sans r\u00e9f\u00e9rences celtiques et une longue pause de 7 ans, Matmatah est toujours l\u00e0. \u00ab Je suis surpris d\u2019avoir toujours envie, reconna\u00eet Tristan qui pense d\u00e9j\u00e0 \u00e0 un nouvel album en 2026. Quand on a arr\u00eat\u00e9 en 2008, on \u00e9tait vraiment us\u00e9s, il y avait des frictions entre nous. Cette longue pause a \u00e9t\u00e9 salutaire. Aujourd\u2019hui, \u00e7a se passe bien, donc on n\u2019a pas envie de bouder notre plaisir. \u00bb<\/p>\n<p class=\"paragraph text_align_left lp-f-body-02\"><a href=\"https:\/\/www.accorarena.com\/fr\/programmation\/matmatah--bb752\" target=\"_blank\" rel=\"noreferrer nofollow noopener\">Matmatah \u00e0 l\u2019Accor Arena<\/a>, 8 bd de Bercy, 75012 Paris, le 11 octobre \u00e0 20 heures.<\/p>\n","protected":false},"excerpt":{"rendered":"\u00c7a tient \u00e0 peu de chose un concert g\u00e9ant. \u00c0 une blague entre potes lanc\u00e9e il y a&hellip;\n","protected":false},"author":2,"featured_media":454021,"comment_status":"","ping_status":"","sticky":false,"template":"","format":"standard","meta":{"footnotes":""},"categories":[1888],"tags":[11,872,459,1777,674,1011,27,873,12,626,25],"class_list":{"0":"post-454020","1":"post","2":"type-post","3":"status-publish","4":"format-standard","5":"has-post-thumbnail","7":"category-paris","8":"tag-actualites","9":"tag-culture-et-loisirs","10":"tag-departements-horsidfo","11":"tag-eu","12":"tag-europe","13":"tag-fr","14":"tag-france","15":"tag-musique","16":"tag-news","17":"tag-paris","18":"tag-republique-francaise"},"share_on_mastodon":{"url":"https:\/\/pubeurope.com\/@fr\/115353279764022360","error":""},"_links":{"self":[{"href":"https:\/\/www.europesays.com\/fr\/wp-json\/wp\/v2\/posts\/454020","targetHints":{"allow":["GET"]}}],"collection":[{"href":"https:\/\/www.europesays.com\/fr\/wp-json\/wp\/v2\/posts"}],"about":[{"href":"https:\/\/www.europesays.com\/fr\/wp-json\/wp\/v2\/types\/post"}],"author":[{"embeddable":true,"href":"https:\/\/www.europesays.com\/fr\/wp-json\/wp\/v2\/users\/2"}],"replies":[{"embeddable":true,"href":"https:\/\/www.europesays.com\/fr\/wp-json\/wp\/v2\/comments?post=454020"}],"version-history":[{"count":0,"href":"https:\/\/www.europesays.com\/fr\/wp-json\/wp\/v2\/posts\/454020\/revisions"}],"wp:featuredmedia":[{"embeddable":true,"href":"https:\/\/www.europesays.com\/fr\/wp-json\/wp\/v2\/media\/454021"}],"wp:attachment":[{"href":"https:\/\/www.europesays.com\/fr\/wp-json\/wp\/v2\/media?parent=454020"}],"wp:term":[{"taxonomy":"category","embeddable":true,"href":"https:\/\/www.europesays.com\/fr\/wp-json\/wp\/v2\/categories?post=454020"},{"taxonomy":"post_tag","embeddable":true,"href":"https:\/\/www.europesays.com\/fr\/wp-json\/wp\/v2\/tags?post=454020"}],"curies":[{"name":"wp","href":"https:\/\/api.w.org\/{rel}","templated":true}]}}