{"id":454024,"date":"2025-10-11T02:56:15","date_gmt":"2025-10-11T02:56:15","guid":{"rendered":"https:\/\/www.europesays.com\/fr\/454024\/"},"modified":"2025-10-11T02:56:15","modified_gmt":"2025-10-11T02:56:15","slug":"ukraine-la-russie-pilonne-le-reseau-energetique-un-enfant-tue","status":"publish","type":"post","link":"https:\/\/www.europesays.com\/fr\/454024\/","title":{"rendered":"Ukraine : la Russie pilonne le r\u00e9seau \u00e9nerg\u00e9tique, un enfant tu\u00e9"},"content":{"rendered":"<p class=\"lede\">L&rsquo;Ukraine a subi l&rsquo;une des plus importantes attaques russes contre son r\u00e9seau \u00e9nerg\u00e9tique, plongeant vendredi dans le noir des centaines de milliers de foyers et causant la mort d&rsquo;un enfant de sept ans.<\/p>\n<p>La Russie multiplie depuis plusieurs semaines \u00e0 l&rsquo;approche de l&rsquo;hiver les frappes sur les infrastructures \u00e9nerg\u00e9tiques et ferroviaires de l&rsquo;Ukraine, faisant craindre que, comme les ann\u00e9es pr\u00e9c\u00e9dentes, des millions de personnes ne se retrouvent sans chauffage.<\/p>\n<p>Selon l&rsquo;op\u00e9rateur du r\u00e9seau \u00e9lectrique ukrainien, Ukrenergo, les bombardements de la nuit ont priv\u00e9 de courant \u00ab\u00a0un nombre significatif d&rsquo;usagers\u00a0\u00bb dans la capitale Kiev et neuf autres r\u00e9gions de l&rsquo;est, du sud, du nord et du centre.<\/p>\n<p>Maksym Timtchenko, le PDG du principal acteur priv\u00e9 du secteur, DTEK, a fait \u00e9tat de \u00ab\u00a0centrales thermiques gravement endommag\u00e9es\u00a0\u00bb.<\/p>\n<p>Dans la soir\u00e9e, DTEK a indiqu\u00e9 avoir r\u00e9tabli l&rsquo;\u00e9lectricit\u00e9 chez au moins 678&rsquo;000 consommateurs (foyers et entreprises) et poursuivre son travail \u00e0 \u00ab\u00a0r\u00e9gime soutenu\u00a0\u00bb pour r\u00e9tablir le courant.<\/p>\n<p>Ces chiffres illustrent l&rsquo;ampleur de la coupure &#8212; l&rsquo;une des plus graves depuis le d\u00e9but de la guerre &#8212; dans une ville qui comptait environ 3 millions d&rsquo;habitants avant l&rsquo;invasion russe de 2022.<\/p>\n<p>Une source au sein du secteur ukrainien de l&rsquo;\u00e9nergie a expliqu\u00e9 qu&rsquo;en raison du temps nuageux, de nombreux drones russes avaient \u00ab\u00a0r\u00e9ussi \u00e0 contourner la d\u00e9fense antia\u00e9rienne\u00a0\u00bb.<\/p>\n<p>Lors d&rsquo;une conf\u00e9rence de presse vendredi soir, le pr\u00e9sident ukrainien Volodymyr Zelensky a estim\u00e9 que cette m\u00e9t\u00e9o avait r\u00e9duit les capacit\u00e9s antia\u00e9riennes ukrainiennes de \u00ab\u00a020 \u00e0 30%\u00a0\u00bb.<\/p>\n<p>Il a appel\u00e9 son homologue am\u00e9ricain Donald Trump \u00e0 \u00ab\u00a0faire pression\u00a0\u00bb sur Vladimir Poutine pour qu&rsquo;il arr\u00eate les attaques a\u00e9riennes contre l&rsquo;Ukraine.<\/p>\n<p>\u00ab\u00a0J&rsquo;esp\u00e8re qu&rsquo;il utilisera tous les instruments, les Tomahawks (des missiles longue port\u00e9e am\u00e9ricains dont Kiev esp\u00e8re la livraison, NDLR), les sanctions, la diplomatie, les mesures financi\u00e8res et les droits de douane: tout pour arr\u00eater Poutine\u00a0\u00bb, a-t-il insist\u00e9.<\/p>\n<p>Selon les autorit\u00e9s, les frappes ont fait au moins un mort &#8211; un gar\u00e7on de sept ans dans la r\u00e9gion de Zaporijjia (sud) &#8211; et 33 bless\u00e9s.<\/p>\n<p>\u00ab\u00a0Nuit terrible\u00a0\u00bb<\/p>\n<p>\u00ab\u00a0Depuis plusieurs semaines, les Russes font tout pour plonger le pays dans l&rsquo;obscurit\u00e9\u00a0\u00bb, avait d\u00e9nonc\u00e9 plus t\u00f4t vendredi Volodymyr Zelensky, qualifiant l&rsquo;attaque de \u00ab\u00a0cynique et calcul\u00e9e\u00a0\u00bb.<\/p>\n<p>Il avait une nouvelle fois plaid\u00e9 pour une \u00ab\u00a0action d\u00e9cisive\u00a0\u00bb des Occidentaux qu&rsquo;il exhorte \u00e0 livrer des syst\u00e8mes de d\u00e9fense antia\u00e9rienne suppl\u00e9mentaires.<\/p>\n<p>L&rsquo;arm\u00e9e russe a de son c\u00f4t\u00e9 affirm\u00e9 avoir vis\u00e9 des sites \u00e9nerg\u00e9tiques alimentant \u00ab\u00a0le complexe militaro-industriel\u00a0\u00bb ukrainien.<\/p>\n<p>\u00ab\u00a0Ce fut une nuit terrible\u00a0\u00bb avec \u00ab\u00a0des explosions tout le temps\u00a0\u00bb, a t\u00e9moign\u00e9 aupr\u00e8s de l&rsquo;AFP Valentyna, une habitante de la capitale.<\/p>\n<p>Dans la soir\u00e9e, la Premi\u00e8re ministre Ioulia Svyrydenko a annonc\u00e9 que l&rsquo;eau courante, \u00e9galement coup\u00e9e pendant des heures chez certains consommateurs, avait \u00e9t\u00e9 r\u00e9tablie dans tous les quartiers de Kiev.<\/p>\n<p>D&rsquo;apr\u00e8s l&rsquo;arm\u00e9e de l&rsquo;air ukrainienne, la Russie a envoy\u00e9 465 drones et tir\u00e9 32 missiles sur l&rsquo;Ukraine, dont respectivement 405 et 15 ont \u00e9t\u00e9 abattus, toujours selon cette source.<\/p>\n<p>Des journalistes de l&rsquo;AFP \u00e0 Kiev ont entendu dans la nuit plusieurs explosions ainsi que le vrombissement de drones d&rsquo;attaque.<\/p>\n<p>Selon le correspondant de guerre russe Alexandre Kots, deux centrales \u00e9lectriques ont \u00e9t\u00e9 touch\u00e9es \u00e0 Kiev et au moins six autres \u00e0 travers l&rsquo;Ukraine.<\/p>\n<p>\u00ab\u00a0Semer le chaos\u00a0\u00bb<\/p>\n<p>M. Zelensky avait d\u00e9j\u00e0 d\u00e9nonc\u00e9 cette semaine la multiplication des attaques contre des cibles \u00e9nerg\u00e9tiques. Il a estim\u00e9 que l&rsquo;objectif de la Russie \u00e9tait de \u00ab\u00a0semer le chaos\u00a0\u00bb au sein de la population.<\/p>\n<p>Autre signe de la pression russe, les autorit\u00e9s ukrainiennes ont annonc\u00e9 jeudi de nouvelles \u00e9vacuations de civils \u00e0 Kramatorsk et Sloviansk, dans l&rsquo;est, o\u00f9 se d\u00e9roule l&rsquo;essentiel des combats.<\/p>\n<p>Le secteur gazier ukrainien est aussi mis \u00e0 rude \u00e9preuve par les frappes russes, ce qui pourrait pousser l&rsquo;Ukraine \u00e0 recourir \u00e0 de co\u00fbteuses importations.<\/p>\n<p>L&rsquo;hiver dernier, les bombardements russes avaient d\u00e9j\u00e0 r\u00e9duit de moiti\u00e9 la production ukrainienne de gaz.<\/p>\n<p>Et selon un d\u00e9compte de l&rsquo;ONU rendu public vendredi, le mois de septembre a \u00e9t\u00e9 particuli\u00e8rement meurtrier pour les civils ukrainiens, confirmant \u00ab\u00a0la tendance inqui\u00e9tante \u00e0 la violence intense\u00a0\u00bb contre la population.<\/p>\n<p>L&rsquo;Ukraine vise elle aussi r\u00e9guli\u00e8rement la Russie, ciblant en particulier les raffineries, ce qui y a provoqu\u00e9 une hausse des prix du carburant depuis l&rsquo;\u00e9t\u00e9.<\/p>\n<p>M. Zelensky a estim\u00e9 cette semaine que les p\u00e9nuries de carburant en Russie se chiffraient \u00ab\u00a0\u00e0 hauteur de 20% des besoins\u00a0\u00bb.<\/p>\n<p>L&rsquo;Ukraine a aussi r\u00e9cemment bombard\u00e9 une centrale \u00e9lectrique dans la r\u00e9gion russe frontali\u00e8re de Belgorod, y causant des coupures de courant.<\/p>\n<p>Cet article a \u00e9t\u00e9 publi\u00e9 automatiquement. Sources : ats \/ afp<\/p>\n","protected":false},"excerpt":{"rendered":"L&rsquo;Ukraine a subi l&rsquo;une des plus importantes attaques russes contre son r\u00e9seau \u00e9nerg\u00e9tique, plongeant vendredi dans le noir&hellip;\n","protected":false},"author":2,"featured_media":454025,"comment_status":"","ping_status":"","sticky":false,"template":"","format":"standard","meta":{"footnotes":""},"categories":[1591],"tags":[11,1887,12,1885,1886,132],"class_list":{"0":"post-454024","1":"post","2":"type-post","3":"status-publish","4":"format-standard","5":"has-post-thumbnail","7":"category-russie","8":"tag-actualites","9":"tag-federation-de-russie","10":"tag-news","11":"tag-russia","12":"tag-russian-federation","13":"tag-russie"},"share_on_mastodon":{"url":"https:\/\/pubeurope.com\/@fr\/115353287655261983","error":""},"_links":{"self":[{"href":"https:\/\/www.europesays.com\/fr\/wp-json\/wp\/v2\/posts\/454024","targetHints":{"allow":["GET"]}}],"collection":[{"href":"https:\/\/www.europesays.com\/fr\/wp-json\/wp\/v2\/posts"}],"about":[{"href":"https:\/\/www.europesays.com\/fr\/wp-json\/wp\/v2\/types\/post"}],"author":[{"embeddable":true,"href":"https:\/\/www.europesays.com\/fr\/wp-json\/wp\/v2\/users\/2"}],"replies":[{"embeddable":true,"href":"https:\/\/www.europesays.com\/fr\/wp-json\/wp\/v2\/comments?post=454024"}],"version-history":[{"count":0,"href":"https:\/\/www.europesays.com\/fr\/wp-json\/wp\/v2\/posts\/454024\/revisions"}],"wp:featuredmedia":[{"embeddable":true,"href":"https:\/\/www.europesays.com\/fr\/wp-json\/wp\/v2\/media\/454025"}],"wp:attachment":[{"href":"https:\/\/www.europesays.com\/fr\/wp-json\/wp\/v2\/media?parent=454024"}],"wp:term":[{"taxonomy":"category","embeddable":true,"href":"https:\/\/www.europesays.com\/fr\/wp-json\/wp\/v2\/categories?post=454024"},{"taxonomy":"post_tag","embeddable":true,"href":"https:\/\/www.europesays.com\/fr\/wp-json\/wp\/v2\/tags?post=454024"}],"curies":[{"name":"wp","href":"https:\/\/api.w.org\/{rel}","templated":true}]}}