{"id":454026,"date":"2025-10-11T02:57:12","date_gmt":"2025-10-11T02:57:12","guid":{"rendered":"https:\/\/www.europesays.com\/fr\/454026\/"},"modified":"2025-10-11T02:57:12","modified_gmt":"2025-10-11T02:57:12","slug":"moscou-promet-des-represailles-si-washington-livre-des-missiles-tomahawk-a-lukraine","status":"publish","type":"post","link":"https:\/\/www.europesays.com\/fr\/454026\/","title":{"rendered":"Moscou promet des repr\u00e9sailles si Washington livre des missiles Tomahawk \u00e0 l\u2019Ukraine"},"content":{"rendered":"\n<p>Certes, la d\u00e9cision officielle ne semble pas avoir \u00e9t\u00e9 encore prise \u00e0 Washington, mais les Russes se pr\u00e9parent bien au pire. \u00c0 savoir \u00e0 la livraison et \u00e0 l\u2019utilisation par les Ukrainiens des missiles sol-air de longue port\u00e9e Tomahawk, capables de frapper des cibles situ\u00e9es \u00e0 plus de 2\u00a0500\u00a0kilom\u00e8tres \u2013 ce qui, aux yeux de tous les experts, pourrait changer la donne dans cette guerre d\u2019\u00e9puisement.<\/p>\n<p>Le 8\u00a0octobre, le g\u00e9n\u00e9ral Andre\u00ef Kartapolov, \u00e0 la t\u00eate de la commission de la d\u00e9fense \u00e0 la Douma, le Parlement russe, a menac\u00e9 que Moscou \u201ctrouvera le moyen de faire mal\u201d \u00e0 ceux qui auront la mauvaise id\u00e9e de les utiliser contre la Russie, selon des propos rapport\u00e9s par <a class=\"ithalc\" data-ithal=\"lien_externe\" data-ithalc=\"[nav_article]\" target=\"_blank\" href=\"https:\/\/ura.news\/news\/1053007790\" rel=\"nofollow noopener\">le journal en ligne patriotique <strong>Ura.ru<\/strong><\/a><strong>.<\/strong> \u201cNotre r\u00e9action sera s\u00e9v\u00e8re\u201d, a-t-il promis, tout en soulignant que les militaires russes connaissaient bien, par leur exp\u00e9rience en Syrie, ces missiles et \u201csavent comment les abattre\u201d.<\/p>\n<p>Quelques jours auparavant, Vladimir Poutine s\u2019\u00e9tait montr\u00e9 plus mesur\u00e9, en estimant qu\u2019une livraison \u00e9ventuelle de missiles Tomahawk par les Am\u00e9ricains \u201cmettrait fin \u00e0 la tendance positive qui s\u2019\u00e9tait dessin\u00e9e dans les relations [am\u00e9ricano-russes]\u201d, <a class=\"ithalc\" data-ithal=\"lien_externe\" data-ithalc=\"[nav_article]\" target=\"_blank\" href=\"https:\/\/www.interfax.ru\/russia\/1050924\" rel=\"nofollow noopener\">lit-on sur le site de l\u2019agence de presse officielle <strong>Interfax<\/strong><\/a><strong>. <\/strong>Le porte-parole du Kremlin, Dmitri Peskov, a mis en garde contre une \u201cdangereuse escalade\u201d, <\/p>\n","protected":false},"excerpt":{"rendered":"Certes, la d\u00e9cision officielle ne semble pas avoir \u00e9t\u00e9 encore prise \u00e0 Washington, mais les Russes se pr\u00e9parent&hellip;\n","protected":false},"author":2,"featured_media":454027,"comment_status":"","ping_status":"","sticky":false,"template":"","format":"standard","meta":{"footnotes":""},"categories":[1590],"tags":[11,3822,1777,674,1892,131,12,132,770,220],"class_list":{"0":"post-454026","1":"post","2":"type-post","3":"status-publish","4":"format-standard","5":"has-post-thumbnail","7":"category-ukraine","8":"tag-actualites","9":"tag-amu00e9riques","10":"tag-eu","11":"tag-europe","12":"tag-gu00e9opolitique","13":"tag-guerre-en-ukraine","14":"tag-news","15":"tag-russie","16":"tag-u00e9tats-unis","17":"tag-ukraine"},"share_on_mastodon":{"url":"https:\/\/pubeurope.com\/@fr\/115353291563061321","error":""},"_links":{"self":[{"href":"https:\/\/www.europesays.com\/fr\/wp-json\/wp\/v2\/posts\/454026","targetHints":{"allow":["GET"]}}],"collection":[{"href":"https:\/\/www.europesays.com\/fr\/wp-json\/wp\/v2\/posts"}],"about":[{"href":"https:\/\/www.europesays.com\/fr\/wp-json\/wp\/v2\/types\/post"}],"author":[{"embeddable":true,"href":"https:\/\/www.europesays.com\/fr\/wp-json\/wp\/v2\/users\/2"}],"replies":[{"embeddable":true,"href":"https:\/\/www.europesays.com\/fr\/wp-json\/wp\/v2\/comments?post=454026"}],"version-history":[{"count":0,"href":"https:\/\/www.europesays.com\/fr\/wp-json\/wp\/v2\/posts\/454026\/revisions"}],"wp:featuredmedia":[{"embeddable":true,"href":"https:\/\/www.europesays.com\/fr\/wp-json\/wp\/v2\/media\/454027"}],"wp:attachment":[{"href":"https:\/\/www.europesays.com\/fr\/wp-json\/wp\/v2\/media?parent=454026"}],"wp:term":[{"taxonomy":"category","embeddable":true,"href":"https:\/\/www.europesays.com\/fr\/wp-json\/wp\/v2\/categories?post=454026"},{"taxonomy":"post_tag","embeddable":true,"href":"https:\/\/www.europesays.com\/fr\/wp-json\/wp\/v2\/tags?post=454026"}],"curies":[{"name":"wp","href":"https:\/\/api.w.org\/{rel}","templated":true}]}}