{"id":454030,"date":"2025-10-11T02:59:21","date_gmt":"2025-10-11T02:59:21","guid":{"rendered":"https:\/\/www.europesays.com\/fr\/454030\/"},"modified":"2025-10-11T02:59:21","modified_gmt":"2025-10-11T02:59:21","slug":"le-canada-sinspire-du-royaume-uni-pour-moderniser-son-approche-budgetaire-2","status":"publish","type":"post","link":"https:\/\/www.europesays.com\/fr\/454030\/","title":{"rendered":"Le Canada s\u2019inspire du Royaume-Uni pour \u00ab\u00a0moderniser\u00a0\u00bb son approche budg\u00e9taire"},"content":{"rendered":"<p>Cette nouvelle approche, qui fait une distinction entre les d\u00e9penses de fonctionnement courantes et les investissements en capital, s\u2019inspire notamment du Royaume-Uni, ont indiqu\u00e9 de hauts responsables gouvernementaux lors d\u2019une s\u00e9ance d\u2019information technique.<\/p>\n<p>Ce cadre aidera le gouvernement \u00e0 prendre des d\u00e9cisions \u00e9clair\u00e9es et \u00e0 prioriser les investissements qui procureront des retomb\u00e9es \u00e0 long terme pour la population canadienne, comme les projets nationaux, des logements, de l\u2019\u00e9nergie propre et des infrastructures qui favoriseront la croissance de l\u2019\u00e9conomie canadienne et attireront les investissements priv\u00e9s, pr\u00e9cise le minist\u00e8re dans un communiqu\u00e9.<\/p>\n<p>Lors de la s\u00e9ance d\u2019information, les hauts fonctionnaires gouvernementaux n\u2019ont pas fourni de d\u00e9tails sur le budget qui devrait afficher <a href=\"https:\/\/ici.radio-canada.ca\/nouvelle\/2192158\/budget-deficit-steven-mackinnon-liberal\" target=\"_blank\" rel=\"noreferrer nofollow noopener\" title=\"https:\/\/ici.radio-canada.ca\/nouvelle\/2192158\/budget-deficit-steven-mackinnon-liberal\" class=\"sc-14vv9n6-0 sc-14vv9n6-1 fhlQPF\">un d\u00e9ficit \u00ab\u00a0substantiel\u00a0\u00bb\u00a0(nouvelle fen\u00eatre)<\/a>. Selon certaines sources, il pourrait d\u00e9passer les 100\u00a0milliards de dollars.<\/p>\n<p>M. Carney avait annonc\u00e9 ses couleurs, d\u00e9but septembre, lors d&rsquo;une retraite avec ses ministres \u00e0 Toronto. Il avait \u00e9voqu\u00e9 \u00e0 ce moment un budget d&rsquo;aust\u00e9rit\u00e9 et d&rsquo;investissement en m\u00eame temps. Il disait pouvoir y arriver avec de la discipline.<\/p>\n<p><img decoding=\"async\" alt=\"Le premier ministre Mark Carney tient une conf\u00e9rence de presse \u00e0 la Maison du Canada \u00e0 Londres, le samedi 27 septembre 2025. \" loading=\"lazy\" src=\"https:\/\/www.europesays.com\/fr\/wp-content\/uploads\/2025\/10\/premier-ministre-federal-mark-carney.JPG\" class=\"sc-1ato3rl-2 lcMRyS\"\/><\/p>\n<p class=\"sc-s14me8-2 gHacOd\">Le premier ministre Mark Carney. (Photo d&rsquo;archives)<\/p>\n<p class=\"sc-s14me8-1 jPNEHV\">Photo\u00a0:\u00a0La Presse canadienne \/ Sean Kilpatrick<\/p>\n<p>Deux types de d\u00e9penses<\/p>\n<p>Lundi, les hauts fonctionnaires gouvernementaux ont assur\u00e9 que le prochain budget qui, aurait normalement d\u00fb \u00eatre pr\u00e9sent\u00e9 au printemps, conservera une pr\u00e9sentation traditionnelle, m\u00eame si la m\u00e9thodologie a \u00e9t\u00e9 modernis\u00e9e en incluant deux types de d\u00e9penses, un pour les affaires courantes et un autre qui contribue \u00e0 la formation de capital.<\/p>\n<p>Ces responsables n\u2019ont pas voulu entrer dans les d\u00e9tails de ces deux types de d\u00e9penses, mais ont offert quelques exemples pour illustrer la distinction entre ces deux cat\u00e9gories.<\/p>\n<p>Les d\u00e9penses de fonctionnement courantes comprendraient les d\u00e9penses publiques importantes, comme les transferts aux particuliers, les transferts au titre de la sant\u00e9 et des programmes sociaux, ainsi que les co\u00fbts li\u00e9s aux op\u00e9rations et aux services gouvernementaux, y compris les salaires et les avantages sociaux.<\/p>\n<p>En contrepartie, les d\u00e9penses qui constituent des investissements en capital incluent les transferts en capital, les incitatifs fiscaux ax\u00e9s sur le capital en mati\u00e8re d\u2019imp\u00f4t sur le revenu des soci\u00e9t\u00e9s, la recherche et le d\u00e9veloppement du secteur priv\u00e9, ainsi que les mesures pour augmenter le parc de logements.<\/p>\n<p>\u00ab\u00a0Quand tu paies ta facture de t\u00e9l\u00e9phone c\u2019est une d\u00e9pense, quand tu ach\u00e8tes une maison c\u2019est un investissement\u00a0\u00bb, a r\u00e9sum\u00e9 un peu plus tard le ministre des Finances Fran\u00e7ois-Philippe Champagne en conf\u00e9rence de presse.<\/p>\n<blockquote class=\"sc-1fzir1x-0 eRVYxa\"><p>On ne remplace pas la fa\u00e7on dont on calcule le d\u00e9ficit [&#8230;] mais c\u2019est une nouvelle fa\u00e7on de pr\u00e9senter les choses [qui] va permettre [d&rsquo;offrir] plus de clart\u00e9 pour les gens [&#8230;] pour qu\u2019ils comprennent comment leur argent est d\u00e9pens\u00e9.Une citation de\u00a0Fran\u00e7ois-Philippe Champagne, ministre f\u00e9d\u00e9ral des Finances<\/p><\/blockquote>\n<p>Et les d\u00e9penses militaires?<\/p>\n<p>Les hauts fonctionnaires gouvernementaux n\u2019ont cependant pas voulu indiquer dans quelle cat\u00e9gorie entreraient les d\u00e9penses militaires, par exemple, affirmant que ces informations seraient d\u00e9voil\u00e9es dans le cadre du budget 2025.<\/p>\n<p>Le gouvernement Carney a notamment promis en juin dernier de <a href=\"https:\/\/ici.radio-canada.ca\/nouvelle\/2192063\/militaire-ottawa-defense-lobbying-depenses-armee\" target=\"_blank\" rel=\"noreferrer nofollow noopener\" title=\"https:\/\/ici.radio-canada.ca\/nouvelle\/2192063\/militaire-ottawa-defense-lobbying-depenses-armee\" class=\"sc-14vv9n6-0 sc-14vv9n6-1 fhlQPF\">d\u00e9penser 9\u00a0milliards de dollars suppl\u00e9mentaires\u00a0(nouvelle fen\u00eatre)<\/a> en d\u00e9fense cette ann\u00e9e pour atteindre la cible fix\u00e9e par l\u2019OTAN \u00e0 2\u00a0% du PIB des pays membres. Le budget total en mati\u00e8re de d\u00e9fense passerait alors \u00e0 62\u00a0milliards.<\/p>\n<p>Nouveau calendrier<\/p>\n<p>L\u2019autre changement qu\u2019apporte le gouvernement Carney aux modalit\u00e9s du budget f\u00e9d\u00e9ral est une modification dans le calendrier. <\/p>\n<p>Traditionnellement, le budget f\u00e9d\u00e9ral est pr\u00e9sent\u00e9 au printemps de chaque ann\u00e9e, et une mise \u00e0 jour est fournie \u00e0 l\u2019automne. Le gouvernement lib\u00e9ral actuel souhaite inverser la tendance et soumettre ainsi dor\u00e9navant le budget f\u00e9d\u00e9ral \u00e0 l\u2019automne et offrir une mise \u00e0 jour au printemps, au d\u00e9but du nouvel exercice.<\/p>\n<p>Selon le minist\u00e8re des Finances, ce nouveau cycle budg\u00e9taire apportera la certitude et la pr\u00e9visibilit\u00e9 n\u00e9cessaires pour planifier les projets et garantir que ces derniers peuvent \u00eatre lanc\u00e9s d\u00e8s le d\u00e9but de la saison de la construction. De cette mani\u00e8re, chaque ordre de gouvernement pourra prendre plus rapidement des d\u00e9cisions d\u2019investissement plus judicieuses, indique encore le minist\u00e8re dans un communiqu\u00e9.<\/p>\n<p><img decoding=\"async\" alt=\"Le ministre des Finances et du Revenu national, Fran\u00e7ois-Philippe Champagne, s'adresse aux journalistes avant une r\u00e9union du Cabinet sur la Colline du Parlement \u00e0 Ottawa, le jeudi 25 septembre 2025.\" loading=\"lazy\" src=\"https:\/\/www.europesays.com\/fr\/wp-content\/uploads\/2025\/10\/champagne-cabinet.JPG\" class=\"sc-1ato3rl-2 lcMRyS\"\/><\/p>\n<p class=\"sc-s14me8-2 gHacOd\">Le ministre des Finances et du Revenu national, Fran\u00e7ois-Philippe Champagne, s&rsquo;adresse aux journalistes. (Photo d&rsquo;archives)<\/p>\n<p class=\"sc-s14me8-1 jPNEHV\">Photo\u00a0:\u00a0La Presse canadienne \/ Spencer Colby<\/p>\n<p>Le ministre Champagne, qui doit compara\u00eetre plus tard aujourd\u2019hui devant le Comit\u00e9 permanent des finances, affirme depuis plusieurs semaines que le Canada doit innover pour faire face aux d\u00e9fis actuels, dont les tensions commerciales avec les \u00c9tats-Unis.<\/p>\n<p>En entrevue \u00e0 l\u2019\u00e9mission Les coulisses du pouvoir, il a dit que <a href=\"https:\/\/ici.radio-canada.ca\/nouvelle\/2193830\/budget-carney-champagne-seconde-guerre-1945\" target=\"_blank\" rel=\"noreferrer nofollow noopener\" title=\"https:\/\/ici.radio-canada.ca\/nouvelle\/2193830\/budget-carney-champagne-seconde-guerre-1945\" class=\"sc-14vv9n6-0 sc-14vv9n6-1 fhlQPF\">le Canada doit r\u00e9inventer son \u00e9conomie, comme il l\u2019a fait apr\u00e8s la Seconde Guerre mondiale\u00a0(nouvelle fen\u00eatre)<\/a>.<\/p>\n<p>L\u2019incertitude \u00e9conomique caus\u00e9e par la guerre tarifaire avec les \u00c9tats-Unis est en partie \u00e0 bl\u00e2mer pour des d\u00e9penses plus importantes que pr\u00e9vu, selon le gouvernement.<\/p>\n<p>Le premier ministre Mark Carney doit d\u2019ailleurs rencontrer le pr\u00e9sident am\u00e9ricain Donald Trump, mardi, \u00e0 la Maison-Blanche, dans l\u2019espoir de marquer des avanc\u00e9es dans les n\u00e9gociations entre les deux pays afin d\u2019obtenir <a href=\"https:\/\/ici.radio-canada.ca\/nouvelle\/2197304\/tarifs-acier-mire-carney-trump-washington\" target=\"_blank\" rel=\"noreferrer nofollow noopener\" title=\"https:\/\/ici.radio-canada.ca\/nouvelle\/2197304\/tarifs-acier-mire-carney-trump-washington\" class=\"sc-14vv9n6-0 sc-14vv9n6-1 fhlQPF\">un assouplissement, notamment sur les tarifs impos\u00e9s sur les secteurs de l\u2019acier et de l\u2019aluminium\u00a0(nouvelle fen\u00eatre)<\/a>.<\/p>\n<p>Cette nouvelle peut \u00eatre consult\u00e9e <a href=\"https:\/\/ici.radio-canada.ca\/rci\/zh-hans\/%E6%96%B0%E9%97%BB\/2197454\/%E5%8A%A0%E6%8B%BF%E5%A4%A7-%E6%94%B9%E9%9D%A9-%E8%B4%A2%E6%94%BF%E9%A2%84%E7%AE%97%E6%A1%88\" title=\"https:\/\/ici.radio-canada.ca\/rci\/zh-hans\/%E6%96%B0%E9%97%BB\/2197454\/%E5%8A%A0%E6%8B%BF%E5%A4%A7-%E6%94%B9%E9%9D%A9-%E8%B4%A2%E6%94%BF%E9%A2%84%E7%AE%97%E6%A1%88\" class=\"sc-14vv9n6-0 sc-14vv9n6-1 fhlQPF\" rel=\"nofollow noopener\" target=\"_blank\">en chinois<\/a> sur le site de <a href=\"https:\/\/ici.radio-canada.ca\/rci\/zh-hans\" title=\"https:\/\/ici.radio-canada.ca\/rci\/zh-hans\" class=\"sc-14vv9n6-0 sc-14vv9n6-1 fhlQPF\" rel=\"nofollow noopener\" target=\"_blank\">RCI<\/a>. <\/p>\n","protected":false},"excerpt":{"rendered":"Cette nouvelle approche, qui fait une distinction entre les d\u00e9penses de fonctionnement courantes et les investissements en capital,&hellip;\n","protected":false},"author":2,"featured_media":443949,"comment_status":"","ping_status":"","sticky":false,"template":"","format":"standard","meta":{"footnotes":""},"categories":[1588],"tags":[11,1777,674,12,473,1853,1851,1850,1852],"class_list":{"0":"post-454030","1":"post","2":"type-post","3":"status-publish","4":"format-standard","5":"has-post-thumbnail","7":"category-royaume-uni","8":"tag-actualites","9":"tag-eu","10":"tag-europe","11":"tag-news","12":"tag-royaume-uni","13":"tag-royaume-uni-de-grande-bretagne-et-dirlande-du-nord","14":"tag-uk","15":"tag-united-kingdom","16":"tag-united-kingdom-of-great-britain-and-northern-ireland"},"share_on_mastodon":{"url":"https:\/\/pubeurope.com\/@fr\/115353300767688670","error":""},"_links":{"self":[{"href":"https:\/\/www.europesays.com\/fr\/wp-json\/wp\/v2\/posts\/454030","targetHints":{"allow":["GET"]}}],"collection":[{"href":"https:\/\/www.europesays.com\/fr\/wp-json\/wp\/v2\/posts"}],"about":[{"href":"https:\/\/www.europesays.com\/fr\/wp-json\/wp\/v2\/types\/post"}],"author":[{"embeddable":true,"href":"https:\/\/www.europesays.com\/fr\/wp-json\/wp\/v2\/users\/2"}],"replies":[{"embeddable":true,"href":"https:\/\/www.europesays.com\/fr\/wp-json\/wp\/v2\/comments?post=454030"}],"version-history":[{"count":0,"href":"https:\/\/www.europesays.com\/fr\/wp-json\/wp\/v2\/posts\/454030\/revisions"}],"wp:featuredmedia":[{"embeddable":true,"href":"https:\/\/www.europesays.com\/fr\/wp-json\/wp\/v2\/media\/443949"}],"wp:attachment":[{"href":"https:\/\/www.europesays.com\/fr\/wp-json\/wp\/v2\/media?parent=454030"}],"wp:term":[{"taxonomy":"category","embeddable":true,"href":"https:\/\/www.europesays.com\/fr\/wp-json\/wp\/v2\/categories?post=454030"},{"taxonomy":"post_tag","embeddable":true,"href":"https:\/\/www.europesays.com\/fr\/wp-json\/wp\/v2\/tags?post=454030"}],"curies":[{"name":"wp","href":"https:\/\/api.w.org\/{rel}","templated":true}]}}