{"id":454037,"date":"2025-10-11T03:03:11","date_gmt":"2025-10-11T03:03:11","guid":{"rendered":"https:\/\/www.europesays.com\/fr\/454037\/"},"modified":"2025-10-11T03:03:11","modified_gmt":"2025-10-11T03:03:11","slug":"apres-son-but-lors-de-france-azerbaidjan-florian-thauvin-raconte-son-retour-fracassant-six-ans-apres","status":"publish","type":"post","link":"https:\/\/www.europesays.com\/fr\/454037\/","title":{"rendered":"apr\u00e8s son but lors de France-Azerba\u00efdjan, Florian Thauvin raconte son retour fracassant six ans apr\u00e8s"},"content":{"rendered":"<p>De retour en bleu pour la premi\u00e8re fois depuis 2019, Florian Thauvin a particip\u00e9 \u00e0 la large victoire de l&rsquo;\u00e9quipe de France face \u00e0 l&rsquo;Azerba\u00efdjan ce vendredi au Parc des Princes (3-0). Un retour qu&rsquo;il doit \u00e0 une<\/p>\n<p>Il ne pouvait r\u00eaver d&rsquo;un meilleur retour. Plus de six ans apr\u00e8s son dernier match avec l&rsquo;\u00e9quipe de France, Florian Thauvin a f\u00eat\u00e9 de la plus belle des mani\u00e8res son premier match en bleu depuis juin 2019, en participant \u00e0 la f\u00eate lors de <a href=\"https:\/\/rmcsport.bfmtv.com\/football\/coupe-du-monde\/qualifications\/direct-france-azerbaidjan-suivez-le-match-de-qualification-des-bleus-pour-la-coupe-du-monde-2026-en-live_LS-202510100478.html\" title=\"France-Azerba\u00efdjan: les Bleus continuent leur sans faute, Mbapp\u00e9 se rapproche encore de Giroud, Thauvin fait un retour fracassant\" class=\"internal_link\" rel=\"nofollow noopener\" target=\"_blank\">France-Azerba\u00efdjan (3-0)<\/a> ce vendredi au Parc des Princes, avec un but magnifique: une reprise acrobatique en pivot, deux minutes seulement apr\u00e8s son entr\u00e9e en jeu \u00e0 la place de Kylian Mbapp\u00e9, sorti en boitant, <a href=\"https:\/\/rmcsport.bfmtv.com\/football\/equipe-de-france\/il-est-decidement-en-feu-encore-buteur-lors-de-france-azerbaidjan-mbappe-se-rapproche-du-record-de-giroud_AV-202510100866.html\" title=\"Il est d\u00e9cid\u00e9ment en feu: encore buteur lors de France-Azerba\u00efdjan, Mbapp\u00e9 se rapproche du record de Giroud... mais sa cheville inqui\u00e8te\" class=\"internal_link\" rel=\"nofollow noopener\" target=\"_blank\">visiblement g\u00ean\u00e9 \u00e0 la cheville droite<\/a>, celle qui le faisait d\u00e9j\u00e0 souffrir au d\u00e9but du rassemblement (84e).<\/p>\n<p>Rappel\u00e9 lundi pour pallier le forfait de Bradley Barcola, qui s&rsquo;est ajout\u00e9 \u00e0 ceux d\u00e9j\u00e0 act\u00e9s d&rsquo;Ousmane Demb\u00e9l\u00e9, D\u00e9sir\u00e9 Dou\u00e9 et Marcus Thuram pour cette tr\u00eave d&rsquo;octobre, le joueur de 32 ans, auteur d&rsquo;un excellent d\u00e9but de saison avec le RC Lens, n&rsquo;y croyait presque plus. Mais il a continu\u00e9 \u00e0 travailler.<\/p>\n<p>\u00ab\u00a0Deux derni\u00e8res s\u00e9lections, deux buts\u00a0\u00bb<\/p>\n<p>\u00ab\u00a0Incroyable, c&rsquo;est un peu un r\u00eave l\u00e0, j&rsquo;ai un peu de mal \u00e0 atterrir\u00a0\u00bb, a savour\u00e9 le champion du monde 2018 au micro de TF1. \u00ab\u00a0C&rsquo;est une grande satisfaction, c&rsquo;est beaucoup de bonheur et c&rsquo;est surtout une fiert\u00e9 parce que jouer pour la France c&rsquo;est quelque chose qui me tient \u00e0 coeur, c&rsquo;est \u00e0 l&rsquo;int\u00e9rieur de moi. J&rsquo;ai tellement r\u00eav\u00e9 de revenir en \u00e9quipe de France que je m&rsquo;\u00e9tais dit que si un jour j&rsquo;avais la chance de jouer quelques minutes je donnerais tout. C&rsquo;est ce qui s&rsquo;est pass\u00e9 aujourd&rsquo;hui, j&rsquo;ai \u00e9t\u00e9 r\u00e9compens\u00e9. C&rsquo;\u00e9tait tr\u00e8s \u00e9mouvant parce que toute ma famille \u00e9tait au stade. C&rsquo;est une le\u00e7on de vie, \u00e7a montre que quand on ne baisse pas les bras et qu&rsquo;on continue de travailler \u00e7a finit toujours par payer. Sur les deux derni\u00e8res s\u00e9lections, c&rsquo;est deux buts\u00a0\u00bb.<\/p>\n<p>\u00ab\u00a0J&rsquo;ai des \u00e9toiles dans les yeux ce soir. Je suis comme un enfant. Avoir ces quelques minutes, marquer un but devant mon fils, c&rsquo;est la premi\u00e8re fois qu&rsquo;il me voit en \u00e9quipe de France. C&rsquo;est un moment important pour ma famille et moi\u00a0\u00bb, a ajout\u00e9 Thauvin en zone mixte. \u00ab\u00a0Ma plus grande fiert\u00e9 est de ne jamais avoir baiss\u00e9 les bras et toujours continu\u00e9 \u00e0 travailler m\u00eame quand c&rsquo;\u00e9tait plus difficile. Je n&rsquo;ai pas de rancoeur ou d&rsquo;animosit\u00e9 (sur les sifflets). Ce n&rsquo;est pas quelque chose qui me touche. Apr\u00e8s mon but, tout le monde a c\u00e9l\u00e9br\u00e9 et \u00e9tait heureux. C&rsquo;est ce qu&rsquo;il faut retenir. A un moment donn\u00e9, j&rsquo;\u00e9tais plus proche d&rsquo;arr\u00eater ma carri\u00e8re que de revenir en \u00e9quipe de France. Ma ligne de conduite a toujours \u00e9t\u00e9 la m\u00eame. Je suis arriv\u00e9 \u00e0 une maturit\u00e9 que je n&rsquo;avais pas avant.\u00a0\u00bb<\/p>\n<p>Buteur d&rsquo;un geste accrobatique, Florian Thauvin a reproduit un geste qu&rsquo;il ma\u00eetrise, puisqu&rsquo;avant ce vendredi, son seul but en s\u00e9lection remontait au 11 juin 2019 et une victoire en Andorre (4-0) o\u00f9 il a sign\u00e9 d&rsquo;un superbe ciseau retourn\u00e9 son seul but en 10 s\u00e9lections. En pleine confiance, le Lensois aurait m\u00eame pu en ajouter un troisi\u00e8me <a href=\"https:\/\/rmcsport.bfmtv.com\/football\/equipe-de-france\/deux-joueurs-en-mode-ciseau-l-image-geniale-de-thauvin-et-akliouche-qui-tentent-un-ciseau-en-meme-temps-lors-de-france-azerbaidjan_AV-202510100888.html\" title=\"Deux joueurs en mode ciseau: l&#039;image g\u00e9niale de Thauvin et Akliouche qui tentent un ciseau en m\u00eame temps lors de France-Azerba\u00efdjan\" class=\"internal_link\" rel=\"nofollow noopener\" target=\"_blank\">si le double ciseau avec Maghnes Akliouche avait fait mouche<\/a>. \u00ab\u00a0Sur un plan individuel, il a cette adresse devant le but. Il m&rsquo;a remerci\u00e9, mais c&rsquo;est moi qui le remercie. On attend \u00e7a des joueurs qui rentrent\u00a0\u00bb, a salu\u00e9 Didier Deschamps sur TF1 au coup de sifflet final.<\/p>\n<p>Emmen\u00e9e par un grand Kylian Mbapp\u00e9, l&rsquo;\u00e9quipe de France a effectu\u00e9 un grand pas vers la qualification pour la Coupe du monde 2026. <a href=\"https:\/\/rmcsport.bfmtv.com\/football\/equipe-de-france\/coupe-du-monde-2026-les-bleus-qualifies-des-ce-lundi-si_AV-202510100882.html\" title=\"Coupe du monde 2026: les Bleus qualifi\u00e9s d\u00e8s ce lundi si...\" class=\"internal_link\" rel=\"nofollow noopener\" target=\"_blank\">Les Bleus peuvent se qualifier d\u00e8s lundi \u00e0 Reykjavik<\/a>. Il faut pour cela s&rsquo;imposer face \u00e0 l&rsquo;Islande et que dans le m\u00eame temps, l&rsquo;Ukraine ne s&rsquo;impose pas contre l&rsquo;Azerba\u00efdjan.<\/p>\n","protected":false},"excerpt":{"rendered":"De retour en bleu pour la premi\u00e8re fois depuis 2019, Florian Thauvin a particip\u00e9 \u00e0 la large victoire&hellip;\n","protected":false},"author":2,"featured_media":454038,"comment_status":"","ping_status":"","sticky":false,"template":"","format":"standard","meta":{"footnotes":""},"categories":[2],"tags":[11,1011,27,12,25],"class_list":{"0":"post-454037","1":"post","2":"type-post","3":"status-publish","4":"format-standard","5":"has-post-thumbnail","7":"category-actualites","8":"tag-actualites","9":"tag-fr","10":"tag-france","11":"tag-news","12":"tag-republique-francaise"},"share_on_mastodon":{"url":"https:\/\/pubeurope.com\/@fr\/115353315177948695","error":""},"_links":{"self":[{"href":"https:\/\/www.europesays.com\/fr\/wp-json\/wp\/v2\/posts\/454037","targetHints":{"allow":["GET"]}}],"collection":[{"href":"https:\/\/www.europesays.com\/fr\/wp-json\/wp\/v2\/posts"}],"about":[{"href":"https:\/\/www.europesays.com\/fr\/wp-json\/wp\/v2\/types\/post"}],"author":[{"embeddable":true,"href":"https:\/\/www.europesays.com\/fr\/wp-json\/wp\/v2\/users\/2"}],"replies":[{"embeddable":true,"href":"https:\/\/www.europesays.com\/fr\/wp-json\/wp\/v2\/comments?post=454037"}],"version-history":[{"count":0,"href":"https:\/\/www.europesays.com\/fr\/wp-json\/wp\/v2\/posts\/454037\/revisions"}],"wp:featuredmedia":[{"embeddable":true,"href":"https:\/\/www.europesays.com\/fr\/wp-json\/wp\/v2\/media\/454038"}],"wp:attachment":[{"href":"https:\/\/www.europesays.com\/fr\/wp-json\/wp\/v2\/media?parent=454037"}],"wp:term":[{"taxonomy":"category","embeddable":true,"href":"https:\/\/www.europesays.com\/fr\/wp-json\/wp\/v2\/categories?post=454037"},{"taxonomy":"post_tag","embeddable":true,"href":"https:\/\/www.europesays.com\/fr\/wp-json\/wp\/v2\/tags?post=454037"}],"curies":[{"name":"wp","href":"https:\/\/api.w.org\/{rel}","templated":true}]}}