{"id":454039,"date":"2025-10-11T03:04:12","date_gmt":"2025-10-11T03:04:12","guid":{"rendered":"https:\/\/www.europesays.com\/fr\/454039\/"},"modified":"2025-10-11T03:04:12","modified_gmt":"2025-10-11T03:04:12","slug":"capitaine-mbappe-prend-les-devants-olise-a-manque-de-jus","status":"publish","type":"post","link":"https:\/\/www.europesays.com\/fr\/454039\/","title":{"rendered":"capitaine Mbapp\u00e9 prend les devants, Olise a manqu\u00e9 de jus"},"content":{"rendered":"<p>Avec son bloc resserr\u00e9 en 5-4-1, l&rsquo;Azerba\u00efdjan n&rsquo;\u00e9tait pas venu pour amuser la galerie et on a surtout vu le gardien <b>MAGOMEDALIEV (6)<\/b>, qui a joliment claqu\u00e9 la frappe de Mbapp\u00e9 (1re) avant d&rsquo;encha\u00eener les interventions (10e, 31e, 43e, 68e). Il a malgr\u00e9 tout c\u00e9d\u00e9 trois fois, alors qu&rsquo;il avait \u00e9t\u00e9 tr\u00e8s bien prot\u00e9g\u00e9 par <b>MUSTAFAZADA (7)<\/b>, qui s&rsquo;est multipli\u00e9 pour sortir des ballons chauds ou \u00eatre sur la trajectoire des frappes. C&rsquo;\u00e9tait un match pour le d\u00e9fenseur habitu\u00e9 de la Ligue des champions avec Karabagh, pas pour l&rsquo;attaquant <b>EMRELI (3)<\/b>, qui n&rsquo;a pas servi \u00e0 grand-chose et a \u00e9t\u00e9 battu dans les airs par Rabiot (2-0, 69e). Au milieu, <b>MAKHMUDOV (5)<\/b> a su montrer sa technique, au-del\u00e0 d&rsquo;un petit pont sur Rabiot (21e), mais il a \u00e9t\u00e9 battu avec <b>KHAIBULA\u00cfEV (4)<\/b> sur le but de Mbapp\u00e9 (45e+2).<\/p>\n","protected":false},"excerpt":{"rendered":"Avec son bloc resserr\u00e9 en 5-4-1, l&rsquo;Azerba\u00efdjan n&rsquo;\u00e9tait pas venu pour amuser la galerie et on a surtout&hellip;\n","protected":false},"author":2,"featured_media":454040,"comment_status":"","ping_status":"","sticky":false,"template":"","format":"standard","meta":{"footnotes":""},"categories":[2],"tags":[11,1011,27,12,25],"class_list":{"0":"post-454039","1":"post","2":"type-post","3":"status-publish","4":"format-standard","5":"has-post-thumbnail","7":"category-actualites","8":"tag-actualites","9":"tag-fr","10":"tag-france","11":"tag-news","12":"tag-republique-francaise"},"share_on_mastodon":{"url":"https:\/\/pubeurope.com\/@fr\/115353319148796079","error":""},"_links":{"self":[{"href":"https:\/\/www.europesays.com\/fr\/wp-json\/wp\/v2\/posts\/454039","targetHints":{"allow":["GET"]}}],"collection":[{"href":"https:\/\/www.europesays.com\/fr\/wp-json\/wp\/v2\/posts"}],"about":[{"href":"https:\/\/www.europesays.com\/fr\/wp-json\/wp\/v2\/types\/post"}],"author":[{"embeddable":true,"href":"https:\/\/www.europesays.com\/fr\/wp-json\/wp\/v2\/users\/2"}],"replies":[{"embeddable":true,"href":"https:\/\/www.europesays.com\/fr\/wp-json\/wp\/v2\/comments?post=454039"}],"version-history":[{"count":0,"href":"https:\/\/www.europesays.com\/fr\/wp-json\/wp\/v2\/posts\/454039\/revisions"}],"wp:featuredmedia":[{"embeddable":true,"href":"https:\/\/www.europesays.com\/fr\/wp-json\/wp\/v2\/media\/454040"}],"wp:attachment":[{"href":"https:\/\/www.europesays.com\/fr\/wp-json\/wp\/v2\/media?parent=454039"}],"wp:term":[{"taxonomy":"category","embeddable":true,"href":"https:\/\/www.europesays.com\/fr\/wp-json\/wp\/v2\/categories?post=454039"},{"taxonomy":"post_tag","embeddable":true,"href":"https:\/\/www.europesays.com\/fr\/wp-json\/wp\/v2\/tags?post=454039"}],"curies":[{"name":"wp","href":"https:\/\/api.w.org\/{rel}","templated":true}]}}