{"id":454043,"date":"2025-10-11T03:08:20","date_gmt":"2025-10-11T03:08:20","guid":{"rendered":"https:\/\/www.europesays.com\/fr\/454043\/"},"modified":"2025-10-11T03:08:20","modified_gmt":"2025-10-11T03:08:20","slug":"mort-de-christophe-dominici-lex-star-du-xv-de-france-dupee-dans-le-rachat-fiasco-de-lasbh-ces-zones-dombres-que-la-justice-va-examiner","status":"publish","type":"post","link":"https:\/\/www.europesays.com\/fr\/454043\/","title":{"rendered":"Mort de Christophe Dominici\u00a0: l\u2019ex-star du XV de France dup\u00e9e dans le rachat-fiasco de l\u2019ASBH\u00a0? Ces zones d\u2019ombres que la justice va examiner"},"content":{"rendered":"<p>\n                                                                Pr\u00e8s de cinq ans apr\u00e8s la mort de Christophe Dominici, la justice se penche sur les zones d\u2019ombre entourant le projet avort\u00e9 de rachat du club de B\u00e9ziers. \u00c0 la demande de sa veuve, Loretta Denaro, une enqu\u00eate p\u00e9nale pour abus de faiblesse a \u00e9t\u00e9 ouverte. En toile de fond\u00a0: des soup\u00e7ons de manipulation autour de l\u2019ex-star du XV de France, fragilis\u00e9 au moment des faits, et utilis\u00e9 comme figure de proue d\u2019un projet jug\u00e9 opaque.\n                            <\/p>\n<p>Enqu\u00eate p\u00e9nale pour abus de faiblesse, proc\u00e9dure au civil pour dommages et int\u00e9r\u00eats\u00a0: \u00e0 la demande de sa veuve,<a href=\"https:\/\/www.midilibre.fr\/2025\/10\/06\/mort-de-christophe-dominici-enquete-ouverte-pour-tentative-descroquerie-contre-la-star-du-rugby-en-marge-du-rachat-de-lasbh-12975396.php\" target=\"_self\" rel=\"nofollow noopener\"><strong> la justice cherche \u00e0 savoir si l\u2019ex-star du XV de France Christophe Dominici, disparu en 2020, n\u2019aurait pas \u00e9t\u00e9 manipul\u00e9 dans le rachat avort\u00e9 du club de B\u00e9ziers en 2020<\/strong><\/a>.<\/p>\n<p>C\u2019est \u00e0 Paris mi-septembre que l\u2019enqu\u00eate au p\u00e9nal a v\u00e9ritablement d\u00e9marr\u00e9 entre les murs de la Brigade de r\u00e9pression de la d\u00e9linquance astucieuse (BRDA). Et c\u2019est \u00e0 Clermont-Ferrand, au premier trimestre 2026, que devrait \u00eatre tranch\u00e9 le volet civil, selon les avocats du clan Dominici.<\/p>\n<p>Pourquoi tous ces mouvements judiciaires, pr\u00e8s de cinq ans apr\u00e8s la disparition de l\u2019ex-international\u00a0? Pour rappel, le corps de la star du rugby, alors \u00e2g\u00e9 de 48 ans, <a href=\"https:\/\/www.midilibre.fr\/2024\/02\/02\/mort-de-christophe-dominici-lhypothese-de-sa-veuve-loretta-qui-ne-croit-pas-au-scenario-du-suicide-11738985.php\" target=\"_self\" rel=\"nofollow noopener\"><strong>avait \u00e9t\u00e9 retrouv\u00e9 fin novembre\u00a02020 en contrebas d\u2019un muret bordant une route montant vers l\u2019entr\u00e9e du parc de Saint-Cloud<\/strong><\/a> (Hauts-de-Seine). Sa veuve, Loretta Denaro, explique \u00e0 l\u2019AFP qu\u2019elle ne veut pas \u00ab\u00a0qu\u2019il y ait d\u2019autres personnes qui puissent \u00eatre mises en d\u00e9tresse\u00a0\u00bb, confiant que \u00ab\u00a0s\u2019il n\u2019y avait pas eu ce feuilleton de B\u00e9ziers, Christophe serait encore l\u00e0\u00a0\u00bb. Et d\u2019ajouter, pour entrer dans le vif du sujet, que l\u2019ex-star du rugby \u00ab\u00a0connaissait beaucoup de monde, et donc, int\u00e9ressait les gens derri\u00e8re Sotaco pour en escroquer d\u2019autres\u00a0\u00bb.<\/p>\n<p>Sotaco, soci\u00e9t\u00e9 incarn\u00e9e par les hommes d\u2019affaires Samir Ben Romdhane et Philippe Baillard, portait le projet de rachat du club de rugby de B\u00e9ziers, au nom d\u2019investisseurs \u00e9trangers, dont Christophe Dominici \u00e9tait la vitrine m\u00e9diatique.<\/p>\n<p>\u00ab\u00a0Nobody\u00a0\u00bb<\/p>\n<p>L\u2019op\u00e9ration avait \u00e9t\u00e9 stopp\u00e9e en juillet\u00a02020 par le gendarme financier du rugby, faute de garanties suffisantes de Sotaco. Cinq ans plus tard, la justice va examiner ce dossier sous plusieurs angles. Le parquet de Paris a confirm\u00e9 \u00e0 l\u2019AFP avoir \u00e9t\u00e9 saisi le 23\u00a0d\u00e9cembre 2024 par Mme Denaro, qui a port\u00e9 plainte pour faux, usage de faux, tentative d\u2019escroquerie et abus de faiblesse contre X, aux d\u00e9pens de Christophe Dominici.<\/p>\n<p>L\u2019ex-compagne du sportif a donc \u00e9t\u00e9 entendue le 16\u00a0septembre pendant plusieurs heures par la BRDA, selon une source proche du dossier, confirmant Le Figaro. Mme Denaro vise ceux qui ont essay\u00e9 de profiter de l\u2019aura, et aussi de l\u2019argent, de son ex-compagnon. Elle assure ainsi avoir \u00e9vit\u00e9 de justesse que Christophe Dominici ne verse 327.000 euros \u00e0 Sotaco, soci\u00e9t\u00e9 qui disait avoir du mal \u00e0 d\u00e9bloquer des fonds.<\/p>\n<p>\u00ab\u00a0On s\u2019est renseign\u00e9 aux Emirats pour savoir si M. Romdhane \u00e9tait connu\u00a0: on nous a dit, en gros, c\u2019est un \u00ab\u00a0nobody\u00a0\u00bb (personne)\u00a0\u00bb, explique \u00e0 l\u2019AFP Me Fr\u00e9d\u00e9ric Simon, avocat du club de B\u00e9ziers, pour qui M. Dominici, \u00ab\u00a0fragile, a \u00e9t\u00e9 manipul\u00e9\u00a0\u00bb. Le rugbyman avait confi\u00e9 dans un livre en 2007 ses \u00e9pisodes de mal-\u00eatre ou de d\u00e9pression. \u2013<\/p>\n<p>\u00ab\u00a0Fautes professionnelles\u00a0\u00bb<\/p>\n<p>\u00a0M.\u00a0Baillard, qui se pr\u00e9sente comme charg\u00e9 \u00ab\u00a0d\u2019interm\u00e9diation\u00a0\u00bb \u00e0 l\u2019\u00e9poque du projet de rachat, a indiqu\u00e9 \u00e0 l\u2019AFP \u00ab\u00a0porter plainte pour d\u00e9nonciation calomnieuse\u00a0\u00bb en riposte \u00e0 la plainte de Mme Denaro. M.\u00a0Ben Romdhane \u00ab\u00a0est r\u00e9sident \u00e0 Abou Dhabi (Emirats arabes unis), il se r\u00e9serve le droit de porter plainte pour diffamation contre Loretta et tous ceux qui l\u2019ont diffam\u00e9\u00a0\u00bb, a r\u00e9pondu de son c\u00f4t\u00e9 par \u00e9crit Sotaco, contact\u00e9e par l\u2019AFP, conseillant de \u00ab\u00a0joindre son avocat Thierry Braillard\u00a0\u00bb.<\/p>\n<p>Me Braillard n\u2019a r\u00e9pondu \u00e0 l\u2019AFP que sur un autre volet, une proc\u00e9dure qui le vise au civil, d\u00e9clench\u00e9e par les ayants droit de Christophe Dominici. \u00ab\u00a0Dans le dossier de la reprise du club de rugby de B\u00e9ziers, je n\u2019ai fait que mon travail dans l\u2019int\u00e9r\u00eat de la soci\u00e9t\u00e9 Sotaco\u00a0\u00bb, a r\u00e9torqu\u00e9 Me Braillard, \u00e9galement ancien secr\u00e9taire d\u2019Etat aux Sports en 2017.<\/p>\n<p>Me Jean-Hubert Portejoie, un des avocats de Mme Denaro dans une proc\u00e9dure distincte au civil, accuse donc, comme il le mentionne \u00e0 l\u2019AFP, Me Braillard de \u00ab\u00a0fautes professionnelles en tant qu\u2019avocat\u00a0\u00bb et sollicite \u00ab\u00a0plus de 3,5\u00a0millions d\u2019euros de dommages et int\u00e9r\u00eats\u00a0\u00bb. Me Braillard indique aussi avoir \u00ab\u00a0fait une demande de dommages et int\u00e9r\u00eats pour faire condamner\u00a0\u00bb Mme Denaro pour \u00ab\u00a0pr\u00e9judice\u00a0\u00bb en \u00ab\u00a0termes d\u2019images\u00a0\u00bb.<\/p>\n","protected":false},"excerpt":{"rendered":"Pr\u00e8s de cinq ans apr\u00e8s la mort de Christophe Dominici, la justice se penche sur les zones d\u2019ombre&hellip;\n","protected":false},"author":2,"featured_media":454044,"comment_status":"","ping_status":"","sticky":false,"template":"","format":"standard","meta":{"footnotes":""},"categories":[1416],"tags":[1011,27,479,1468,60],"class_list":{"0":"post-454043","1":"post","2":"type-post","3":"status-publish","4":"format-standard","5":"has-post-thumbnail","7":"category-rugby","8":"tag-fr","9":"tag-france","10":"tag-rugby","11":"tag-rugby-football","12":"tag-sports"},"share_on_mastodon":{"url":"https:\/\/pubeurope.com\/@fr\/115353334794992170","error":""},"_links":{"self":[{"href":"https:\/\/www.europesays.com\/fr\/wp-json\/wp\/v2\/posts\/454043","targetHints":{"allow":["GET"]}}],"collection":[{"href":"https:\/\/www.europesays.com\/fr\/wp-json\/wp\/v2\/posts"}],"about":[{"href":"https:\/\/www.europesays.com\/fr\/wp-json\/wp\/v2\/types\/post"}],"author":[{"embeddable":true,"href":"https:\/\/www.europesays.com\/fr\/wp-json\/wp\/v2\/users\/2"}],"replies":[{"embeddable":true,"href":"https:\/\/www.europesays.com\/fr\/wp-json\/wp\/v2\/comments?post=454043"}],"version-history":[{"count":0,"href":"https:\/\/www.europesays.com\/fr\/wp-json\/wp\/v2\/posts\/454043\/revisions"}],"wp:featuredmedia":[{"embeddable":true,"href":"https:\/\/www.europesays.com\/fr\/wp-json\/wp\/v2\/media\/454044"}],"wp:attachment":[{"href":"https:\/\/www.europesays.com\/fr\/wp-json\/wp\/v2\/media?parent=454043"}],"wp:term":[{"taxonomy":"category","embeddable":true,"href":"https:\/\/www.europesays.com\/fr\/wp-json\/wp\/v2\/categories?post=454043"},{"taxonomy":"post_tag","embeddable":true,"href":"https:\/\/www.europesays.com\/fr\/wp-json\/wp\/v2\/tags?post=454043"}],"curies":[{"name":"wp","href":"https:\/\/api.w.org\/{rel}","templated":true}]}}