{"id":454049,"date":"2025-10-11T03:12:12","date_gmt":"2025-10-11T03:12:12","guid":{"rendered":"https:\/\/www.europesays.com\/fr\/454049\/"},"modified":"2025-10-11T03:12:12","modified_gmt":"2025-10-11T03:12:12","slug":"lex-pilote-de-formule-1-belge-thierry-boutsen-obtient-la-nationalite-monegasque","status":"publish","type":"post","link":"https:\/\/www.europesays.com\/fr\/454049\/","title":{"rendered":"L\u2019ex-pilote de Formule 1\u00a0belge Thierry Boutsen obtient la nationalit\u00e9 mon\u00e9gasque"},"content":{"rendered":"<p class=\"fs-5 \">L\u2019information est inscrite dans le Journal de <a href=\"https:\/\/www.nicematin.com\/monaco\" target=\"_blank\" rel=\"noopener\">Monaco<\/a> paru ce vendredi 10 octobre 2025.<\/p>\n<p class=\"fs-5 \">Par la promulgation de l\u2019ordonnance souverain n\u00b011.496, <strong>Thierry Boutsen<\/strong> a \u00e9t\u00e9 <strong>naturalis\u00e9 mon\u00e9gasque<\/strong>.<\/p>\n<p class=\"fs-5 \">Une d\u00e9cision act\u00e9e par le Conseil de la Couronne en mai dernier qui devient officielle.<\/p>\n<p>                                                                                Bien \u00e9tabli dans la vie \u00e9conomique de <a href=\"https:\/\/www.nicematin.com\/monaco\" target=\"_blank\" rel=\"noopener\">Monaco<\/a><\/p>\n<p class=\"fs-5 \">L\u2019<strong>ex-pilote de Formule 1<\/strong>, n\u00e9 \u00e0 Bruxelles en Belgique en 1957, est r\u00e9sident en Principaut\u00e9 de longue date et bien \u00e9tabli dans la vie \u00e9conomique du pays. Notamment via sa <strong>soci\u00e9t\u00e9 Boutsen Aviation<\/strong>, qui commercialise des jets priv\u00e9s et des avions d\u2019affaires<\/p>\n<p class=\"fs-5 \">Sa pr\u00e9sence sur les circuits automobiles de la fin des ann\u00e9es 70 \u00e0 la fin des ann\u00e9es 90 a fait de lui, aussi, une figure reconnue dans la \u00ab\u00a0grande famille\u00a0\u00bb de la Formule 1 au bord des circuits.<\/p>\n<p class=\"fs-5 \">Un statut qui l\u2019a conduit \u00e0 pr\u00e9sider depuis 2023, le <strong>Cercle des Amis de la Collection de voitures de S.A.S le Prince de <a href=\"https:\/\/www.nicematin.com\/monaco\" target=\"_blank\" rel=\"noopener\">Monaco<\/a><\/strong>, qui favorise le d\u00e9veloppement et le rayonnement de cette collection.<\/p>\n","protected":false},"excerpt":{"rendered":"L\u2019information est inscrite dans le Journal de Monaco paru ce vendredi 10 octobre 2025. Par la promulgation de&hellip;\n","protected":false},"author":2,"featured_media":454050,"comment_status":"","ping_status":"","sticky":false,"template":"","format":"standard","meta":{"footnotes":""},"categories":[1412],"tags":[1451,1452,1453,1454,1455,1011,27,60],"class_list":{"0":"post-454049","1":"post","2":"type-post","3":"status-publish","4":"format-standard","5":"has-post-thumbnail","7":"category-f1","8":"tag-f1","9":"tag-formula-1","10":"tag-formula1","11":"tag-formule-1","12":"tag-formule1","13":"tag-fr","14":"tag-france","15":"tag-sports"},"share_on_mastodon":{"url":"https:\/\/pubeurope.com\/@fr\/115353350561454715","error":""},"_links":{"self":[{"href":"https:\/\/www.europesays.com\/fr\/wp-json\/wp\/v2\/posts\/454049","targetHints":{"allow":["GET"]}}],"collection":[{"href":"https:\/\/www.europesays.com\/fr\/wp-json\/wp\/v2\/posts"}],"about":[{"href":"https:\/\/www.europesays.com\/fr\/wp-json\/wp\/v2\/types\/post"}],"author":[{"embeddable":true,"href":"https:\/\/www.europesays.com\/fr\/wp-json\/wp\/v2\/users\/2"}],"replies":[{"embeddable":true,"href":"https:\/\/www.europesays.com\/fr\/wp-json\/wp\/v2\/comments?post=454049"}],"version-history":[{"count":0,"href":"https:\/\/www.europesays.com\/fr\/wp-json\/wp\/v2\/posts\/454049\/revisions"}],"wp:featuredmedia":[{"embeddable":true,"href":"https:\/\/www.europesays.com\/fr\/wp-json\/wp\/v2\/media\/454050"}],"wp:attachment":[{"href":"https:\/\/www.europesays.com\/fr\/wp-json\/wp\/v2\/media?parent=454049"}],"wp:term":[{"taxonomy":"category","embeddable":true,"href":"https:\/\/www.europesays.com\/fr\/wp-json\/wp\/v2\/categories?post=454049"},{"taxonomy":"post_tag","embeddable":true,"href":"https:\/\/www.europesays.com\/fr\/wp-json\/wp\/v2\/tags?post=454049"}],"curies":[{"name":"wp","href":"https:\/\/api.w.org\/{rel}","templated":true}]}}