{"id":454051,"date":"2025-10-11T03:13:13","date_gmt":"2025-10-11T03:13:13","guid":{"rendered":"https:\/\/www.europesays.com\/fr\/454051\/"},"modified":"2025-10-11T03:13:13","modified_gmt":"2025-10-11T03:13:13","slug":"cyclisme-on-connait-le-parcours-de-la-56e-edition-de-letoile-de-besseges-tour-du-gard","status":"publish","type":"post","link":"https:\/\/www.europesays.com\/fr\/454051\/","title":{"rendered":"Cyclisme\u00a0: on connait le parcours de la 56e \u00e9dition de l&rsquo;\u00c9toile de Bess\u00e8ges-Tour du Gard"},"content":{"rendered":"<p>Il y aura bien une 56e \u00e9dition de l&rsquo;\u00c9toile de Bess\u00e8ges-Tour du Gard cycliste du 4 au 8 f\u00e9vrier 2026. Quatre \u00e9tapes et un contre-la-montre individuel sont au programme. Le parcours est connu. <\/p>\n<p>Les organisateurs de l&rsquo;\u00c9toile de Bess\u00e8ges-Tour du Gard repartent pour un tour malgr\u00e9 une \u00e9dition 2025 marqu\u00e9e par une vague d&rsquo;abandons et des probl\u00e8mes de s\u00e9curit\u00e9. Le programme de la 56\u1d49 \u00e9dition organis\u00e9e du 4 au 8 f\u00e9vrier 2026 est connu. <strong>Quatre \u00e9tapes et un contre-la-montre individuel<\/strong> sont au programme.<\/p>\n<p>Dix-huit \u00e9quipes seront au d\u00e9part contre 20 l&rsquo;an dernier. La s\u00e9curit\u00e9 sera renforc\u00e9e avec sept motos suppl\u00e9mentaires pour signaler les ronds-points et les dangers. Les 50 derniers kilom\u00e8tres des \u00e9tapes se feront eux sur un circuit.<\/p>\n<ul>\n<li><strong>1\u02b3\u1d49 \u00e9tape<\/strong>\u00a0: Bellegarde &#8211; Bellegarde (150 km) le mercredi 4 f\u00e9vrier 2026<\/li>\n<li><strong>2e \u00e9tape<\/strong>\u00a0: Saint-Gilles &#8211; Domessargues (160 km) le jeudi 5 f\u00e9vrier 2026<\/li>\n<li><strong>3e \u00e9tape<\/strong>\u00a0: Bess\u00e8ges &#8211; Bess\u00e8ges (162 km) le vendredi 6 f\u00e9vrier 2026<\/li>\n<li><strong>4e \u00e9tape<\/strong>\u00a0: Saint-Christol-les-Al\u00e8s &#8211; Vauvert (162 km) le samedi 7 f\u00e9vrier 2026<\/li>\n<li><strong>5e \u00e9tape<\/strong>\u00a0: Al\u00e8s &#8211; Al\u00e8s (10 km) le dimanche 8 f\u00e9vrier 2026<\/li>\n<\/ul>\n<p>Trente motos pour la s\u00e9curit\u00e9<\/p>\n<p>La s\u00e9curit\u00e9 sera renforc\u00e9e avec <strong>sept motos suppl\u00e9mentaires<\/strong> sur la course. \u00ab\u00a0Nous\u00a0aurons ainsi dix motos pour signaler les ronds-points et les dangers. Elles viendront en compl\u00e9ment des 20 motards de la gendarmerie\u00a0\u00bb affirme Claudine Fangille, l&rsquo;organisatrice. Les 50 derniers kilom\u00e8tres des \u00e9tapes se feront quasiment sur un circuit. \u00ab\u00a0\u00c0 Bess\u00e8ges, les coureurs grimperont par exemple deux fois le col des Rousses et le col de Tr\u00e9lis. On restera autour de la commune\u00a0\u00bb conclut-elle. \u00c0 Al\u00e8s, le d\u00e9part du contre-la-montre individuel a \u00e9t\u00e9 modifi\u00e9 \u00e0 cause des travaux devant le Crat\u00e8re. Les coureurs s&rsquo;\u00e9lanceront de la place des Martyrs.<\/p>\n<p>Les formations Cofidis, Total \u00c9nergies, Groupama-FDJ, Lotto et Alpecin seront au d\u00e9part. En revanche, l&rsquo;\u00e9quipe Red Bull-Bora-Hansgrohe, qui s&rsquo;\u00e9tait retir\u00e9e de la course en 2025, ne sera pas invit\u00e9e.<\/p>\n","protected":false},"excerpt":{"rendered":"Il y aura bien une 56e \u00e9dition de l&rsquo;\u00c9toile de Bess\u00e8ges-Tour du Gard cycliste du 4 au 8&hellip;\n","protected":false},"author":2,"featured_media":454052,"comment_status":"","ping_status":"","sticky":false,"template":"","format":"standard","meta":{"footnotes":""},"categories":[1411],"tags":[1154,207,1011,27,60],"class_list":{"0":"post-454051","1":"post","2":"type-post","3":"status-publish","4":"format-standard","5":"has-post-thumbnail","7":"category-cyclisme","8":"tag-cycling","9":"tag-cyclisme","10":"tag-fr","11":"tag-france","12":"tag-sports"},"share_on_mastodon":{"url":"https:\/\/pubeurope.com\/@fr\/115353354559958565","error":""},"_links":{"self":[{"href":"https:\/\/www.europesays.com\/fr\/wp-json\/wp\/v2\/posts\/454051","targetHints":{"allow":["GET"]}}],"collection":[{"href":"https:\/\/www.europesays.com\/fr\/wp-json\/wp\/v2\/posts"}],"about":[{"href":"https:\/\/www.europesays.com\/fr\/wp-json\/wp\/v2\/types\/post"}],"author":[{"embeddable":true,"href":"https:\/\/www.europesays.com\/fr\/wp-json\/wp\/v2\/users\/2"}],"replies":[{"embeddable":true,"href":"https:\/\/www.europesays.com\/fr\/wp-json\/wp\/v2\/comments?post=454051"}],"version-history":[{"count":0,"href":"https:\/\/www.europesays.com\/fr\/wp-json\/wp\/v2\/posts\/454051\/revisions"}],"wp:featuredmedia":[{"embeddable":true,"href":"https:\/\/www.europesays.com\/fr\/wp-json\/wp\/v2\/media\/454052"}],"wp:attachment":[{"href":"https:\/\/www.europesays.com\/fr\/wp-json\/wp\/v2\/media?parent=454051"}],"wp:term":[{"taxonomy":"category","embeddable":true,"href":"https:\/\/www.europesays.com\/fr\/wp-json\/wp\/v2\/categories?post=454051"},{"taxonomy":"post_tag","embeddable":true,"href":"https:\/\/www.europesays.com\/fr\/wp-json\/wp\/v2\/tags?post=454051"}],"curies":[{"name":"wp","href":"https:\/\/api.w.org\/{rel}","templated":true}]}}