{"id":454055,"date":"2025-10-11T03:15:14","date_gmt":"2025-10-11T03:15:14","guid":{"rendered":"https:\/\/www.europesays.com\/fr\/454055\/"},"modified":"2025-10-11T03:15:14","modified_gmt":"2025-10-11T03:15:14","slug":"a-78-ans-ce-chanteur-culte-des-annees-1970-sest-marie-avec-une-femme-de-40-ans-sa-cadette","status":"publish","type":"post","link":"https:\/\/www.europesays.com\/fr\/454055\/","title":{"rendered":"A 78 ans, ce chanteur culte des ann\u00e9es 1970 s&rsquo;est mari\u00e9 avec une femme de 40 ans sa cadette"},"content":{"rendered":"<p>            <img loading=\"lazy\" decoding=\"async\" src=\"https:\/\/www.europesays.com\/fr\/wp-content\/uploads\/2025\/10\/3c2234b771b1c4f4-35x35-1.png\" class=\"author-article-picture\" width=\"35\" height=\"35\"\/><\/p>\n<p>                Par<br \/>\n                                    Melissa Ad\u00e8le<br \/>\n                                                    | Coordinatrice \u00e9ditoriale<\/p>\n<p>\n                M\u00e9lissa Ad\u00e8le suit de pr\u00e8s l\u2019actualit\u00e9 des personnalit\u00e9s, entre cin\u00e9ma, sport et t\u00e9l\u00e9vision. Elle d\u00e9crypte les tendances, les parcours et les moments forts qui font vibrer le monde du divertissement.\n            <\/p>\n<p>\n    Quelques mois apr\u00e8s le mariage de Jean-Luc Lahaye, c\u2019est une autre figure de la chanson fran\u00e7aise qui a dit \u201coui\u201d. \u00c0 78 ans, Christian Delagrange a \u00e9pous\u00e9 M\u00e9lissa Vanwanghe, de 40 ans sa cadette. Un mariage c\u00e9l\u00e9br\u00e9 \u00e0 Wattrelos, dans le Nord, entour\u00e9 d\u2019\u00e9motion et de nombreux proches du chanteur.\n<\/p>\n<p>                            <img loading=\"lazy\" decoding=\"async\" class=\"player-thumbnail\" src=\"https:\/\/www.europesays.com\/fr\/wp-content\/uploads\/2025\/10\/805dceaddc7acad8-580x326-2.png\" width=\"580\" height=\"326\"\/><\/p>\n<p>                    A 78 ans, ce chanteur culte des ann\u00e9es 1970 s&rsquo;est mari\u00e9 avec une femme de 40 ans sa cadette<\/p>\n<p>La suite apr\u00e8s la publicit\u00e9<\/p>\n<p>Quelques mois <a href=\"https:\/\/www.purepeople.com\/article\/pres-de-trois-mois-apres-son-mariage-avec-paola-jean-luc-lahaye-annonce-la-naissance-dun-bebe-une-nouvelle-aventure-commence_a542890\/1\" rel=\"nofollow noopener\" target=\"_blank\">apr\u00e8s le mariage de Jean-Luc Lahaye<\/a>, c\u2019est une autre figure bien connue de la chanson fran\u00e7aise qui a d\u00e9cid\u00e9 de franchir le pas. \u00c0 78 ans, <strong>Christian Delagrange<\/strong> a dit \u201coui\u201d \u00e0 sa compagne <strong>M\u00e9lissa Vanwanghe<\/strong>, \u00e2g\u00e9e de 38 ans, comme indiqu\u00e9 sur Facebook. Connu pour ses titres embl\u00e9matiques comme Rosetta ou Sans toi je suis seul, l&rsquo;acolyte de Jane Manson a marqu\u00e9 toute une g\u00e9n\u00e9ration avec des titres devenus phares dans les ann\u00e9es 1970. Particuli\u00e8rement discret ces derni\u00e8res ann\u00e9es, l\u2019artiste n\u2019a pourtant jamais quitt\u00e9 le monde de la musique. Et 2025 semble bien \u00eatre son ann\u00e9e. En parall\u00e8le de cette union inattendue, il pr\u00e9pare <strong>un nouvel album intitul\u00e9\u00a0<\/strong><strong> \u2026et je t\u2019aime<\/strong>, pr\u00e9vu pour la fin de l\u2019ann\u00e9e. Un retour sur le devant de la sc\u00e8ne qui co\u00efncide donc avec ce grand bonheur dans sa vie amoureuse.\u00a0<\/p>\n<p>\u00c0 78 ans, Christian Delagrange a trouv\u00e9 l\u2019amour aupr\u00e8s d\u2019une femme de 40 ans sa cadette<\/p>\n<p>Le samedi 30 ao\u00fbt dernier, le chanteur et sa compagne se sont unis \u00e0 <strong>Wattrelos<\/strong>, dans le nord de la France. Un moment empreint d\u2019\u00e9motion, immortalis\u00e9 par <strong>Dominique Baert<\/strong>, ancien d\u00e9put\u00e9 et maire de la commune, qui a tenu \u00e0 <strong>partager sa joie sur les r\u00e9seaux sociaux.<\/strong> \u201cIl y avait beaucoup d\u2019\u00e9motions \u00e0 l\u2019H\u00f4tel de ville\u2026 Christian, que j\u2019admire depuis mon adolescence, aura accompagn\u00e9 de ses chansons toute ma vie personnelle et amoureuse\u201d, a-t-il confi\u00e9 avec tendresse sur Facebook.<\/p>\n<p>Sur les clich\u00e9s publi\u00e9s le jour du grand \u00e9v\u00e9nement, les mari\u00e9s apparaissent tout sourire, entour\u00e9s de leurs proches. Et visiblement, la grande diff\u00e9rence d\u2019\u00e2ge entre les jeunes mari\u00e9s, de quarante ans, ne semble pas poser le moindre probl\u00e8me : le couple respire le bonheur et la complicit\u00e9, comme en t\u00e9moignent les multiples clich\u00e9s. Un jour inoubliable pour tous les deux.\u00a0<\/p>\n","protected":false},"excerpt":{"rendered":"Par Melissa Ad\u00e8le | Coordinatrice \u00e9ditoriale M\u00e9lissa Ad\u00e8le suit de pr\u00e8s l\u2019actualit\u00e9 des personnalit\u00e9s, entre cin\u00e9ma, sport et&hellip;\n","protected":false},"author":2,"featured_media":454056,"comment_status":"","ping_status":"","sticky":false,"template":"","format":"standard","meta":{"footnotes":""},"categories":[1359],"tags":[58,59,1011,27,973],"class_list":{"0":"post-454055","1":"post","2":"type-post","3":"status-publish","4":"format-standard","5":"has-post-thumbnail","7":"category-people","8":"tag-divertissement","9":"tag-entertainment","10":"tag-fr","11":"tag-france","12":"tag-people"},"share_on_mastodon":{"url":"https:\/\/pubeurope.com\/@fr\/115353363103074372","error":""},"_links":{"self":[{"href":"https:\/\/www.europesays.com\/fr\/wp-json\/wp\/v2\/posts\/454055","targetHints":{"allow":["GET"]}}],"collection":[{"href":"https:\/\/www.europesays.com\/fr\/wp-json\/wp\/v2\/posts"}],"about":[{"href":"https:\/\/www.europesays.com\/fr\/wp-json\/wp\/v2\/types\/post"}],"author":[{"embeddable":true,"href":"https:\/\/www.europesays.com\/fr\/wp-json\/wp\/v2\/users\/2"}],"replies":[{"embeddable":true,"href":"https:\/\/www.europesays.com\/fr\/wp-json\/wp\/v2\/comments?post=454055"}],"version-history":[{"count":0,"href":"https:\/\/www.europesays.com\/fr\/wp-json\/wp\/v2\/posts\/454055\/revisions"}],"wp:featuredmedia":[{"embeddable":true,"href":"https:\/\/www.europesays.com\/fr\/wp-json\/wp\/v2\/media\/454056"}],"wp:attachment":[{"href":"https:\/\/www.europesays.com\/fr\/wp-json\/wp\/v2\/media?parent=454055"}],"wp:term":[{"taxonomy":"category","embeddable":true,"href":"https:\/\/www.europesays.com\/fr\/wp-json\/wp\/v2\/categories?post=454055"},{"taxonomy":"post_tag","embeddable":true,"href":"https:\/\/www.europesays.com\/fr\/wp-json\/wp\/v2\/tags?post=454055"}],"curies":[{"name":"wp","href":"https:\/\/api.w.org\/{rel}","templated":true}]}}