{"id":454057,"date":"2025-10-11T03:16:24","date_gmt":"2025-10-11T03:16:24","guid":{"rendered":"https:\/\/www.europesays.com\/fr\/454057\/"},"modified":"2025-10-11T03:16:24","modified_gmt":"2025-10-11T03:16:24","slug":"au-musee-dart-moderne-de-paris-lart-salvateur-dotobong-nkanga","status":"publish","type":"post","link":"https:\/\/www.europesays.com\/fr\/454057\/","title":{"rendered":"Au mus\u00e9e d&rsquo;Art Moderne de Paris, l&rsquo;art salvateur d&rsquo;Otobong Nkanga"},"content":{"rendered":"<p class=\"editor-content__paragraph\">Un parterre de sable noir, des <strong>structures mol\u00e9culaires<\/strong> o\u00f9 scintillent des min\u00e9raux, une<strong> sculpture de racines d\u2019arbre<\/strong> perc\u00e9es d\u2019aiguilles, des tableaux semblables \u00e0 des morceaux de terres mill\u00e9naires, des<strong> tapis aux motifs organiques<\/strong> o\u00f9 les corps aspirent instinctivement \u00e0 se coucher, des couleurs qui semblent indiquer le chemin \u00e0 suivre, des <strong>mots po\u00e9tiques<\/strong> grav\u00e9s \u00e0 m\u00eame des plaques de c\u00e9ramique, des globes qui font entendre une voix f\u00e9minine hypnotique. Et, partout, <strong>ces cordes qui relient les \u00e9l\u00e9ments<\/strong> entre eux, comme les lignes d\u2019une \u00e9criture myst\u00e9rieuse.<\/p>\n<p class=\"editor-content__paragraph\">Ainsi vibrent, palpitent, ondoient les \u0153uvres \u00e0 l\u2019\u00e9nergie tellurique d\u2019<strong>Otobong Nkanga<\/strong>. Sans rel\u00e2che, <strong>l\u2019artiste d\u2019origine nig\u00e9riane<\/strong> install\u00e9e \u00e0 Anvers sonde les profondeurs du sol, en fouille les diff\u00e9rentes strates pour r\u00e9v\u00e9ler au grand jour les <strong>connexions enfouies<\/strong>, donnant \u00e0 voir les plaies b\u00e9antes des territoires, celles de leurs habitants, soulignant les liens ind\u00e9m\u00ealables qui les unissent et les capacit\u00e9s de r\u00e9g\u00e9n\u00e9rescence du vivant. <strong>Tisseuse de liens, conteuse de r\u00e9cits mill\u00e9naires<\/strong> venus du c\u0153ur de la terre, elle s\u00e8me des graines d\u2019espoir, celles d\u2019un possible avenir, en cr\u00e9ant des espaces emplis d\u2019une<strong> force salvatrice communicative<\/strong>.<\/p>\n<p>La part d\u2019ombre d\u2019une cr\u00e9ation lumineuse<\/p>\n<blockquote class=\"editor-content__blockquote editor-content__blockquote--align-left\">\n<p>\u00ab\u00a0Mon travail consiste \u00e0 r\u00e9fl\u00e9chir \u00e0 la mani\u00e8re dont les choses sont reli\u00e9es entre elles, \u00e0 nos connexions avec notre environnement quotidien.\u00a0\u00bb<\/p>\n<\/blockquote>\n<p class=\"editor-content__paragraph editor-content__paragraph--is-hidden\">Installations, dessins, photographies, tapisseries, sculptures, c\u00e9ramiques, performances, po\u00e8mes et pi\u00e8ces vocales\u00a0: sa <strong>cr\u00e9ation prot\u00e9iforme, lumineuse, <\/strong> renferme sa part d\u2019ombre. Sous des abords s\u00e9duisants se cache un <strong>r\u00e9cit ambivalent aux ramifications inextricables<\/strong>, o\u00f9 la tension est palpable. \u00ab\u00a0Mon travail consiste \u00e0 r\u00e9fl\u00e9chir \u00e0 la mani\u00e8re dont les choses sont reli\u00e9es entre elles, \u00e0 nos connexions avec notre environnement quotidien, avec nos diff\u00e9rentes histoires, nos multiples cultures.<\/p>\n<p>            <strong>Continuez votre lecture<\/strong><\/p>\n<p>\n                et acc\u00e9dez \u00e0 Beaux Arts Magazine<br \/>et \u00e0 tous les contenus web<br \/><strong>en illimit\u00e9 \u00e0 partir de 5,75\u20ac \/ mois<\/strong>\n            <\/p>\n<p class=\"cta-abonnement__log-in\">\n        D\u00e9j\u00e0 abonn\u00e9 ?        <a data-id=\"aHR0cHM6Ly93d3cuYmVhdXhhcnRzLmNvbS9tb24tY29tcHRlLw==\">Connectez-vous<\/a>\n    <\/p>\n<p>            <img data-vllblanksrc=\"https:\/\/www.beauxarts.com\/expos\/au-musee-dart-moderne-de-paris-lart-salvateur-de-la-creatrice-nigeriane-otobong-nkanga\/1\" data-vllsrc=\"https:\/\/www.europesays.com\/fr\/wp-content\/uploads\/2025\/09\/couv-bam-496-232x300.png\" alt=\"\"\/><img data-vllblanksrc=\"https:\/\/www.beauxarts.com\/expos\/au-musee-dart-moderne-de-paris-lart-salvateur-de-la-creatrice-nigeriane-otobong-nkanga\/1\" data-vllsrc=\"https:\/\/www.europesays.com\/fr\/wp-content\/uploads\/2025\/08\/bam495_ciouv_page_001-232x300.jpg\" alt=\"\"\/>        <\/p>\n","protected":false},"excerpt":{"rendered":"Un parterre de sable noir, des structures mol\u00e9culaires o\u00f9 scintillent des min\u00e9raux, une sculpture de racines d\u2019arbre perc\u00e9es&hellip;\n","protected":false},"author":2,"featured_media":454058,"comment_status":"","ping_status":"","sticky":false,"template":"","format":"standard","meta":{"footnotes":""},"categories":[1358],"tags":[1396,1348,1384,1385,1386,58,59,1011,27,12871,57968],"class_list":{"0":"post-454057","1":"post","2":"type-post","3":"status-publish","4":"format-standard","5":"has-post-thumbnail","7":"category-arts-et-design","8":"tag-art-contemporain","9":"tag-arts","10":"tag-arts-and-design","11":"tag-arts-et-design","12":"tag-design","13":"tag-divertissement","14":"tag-entertainment","15":"tag-fr","16":"tag-france","17":"tag-mam-musee-dart-moderne-de-paris","18":"tag-otobong-nkanga"},"share_on_mastodon":{"url":"https:\/\/pubeurope.com\/@fr\/115353366333066095","error":""},"_links":{"self":[{"href":"https:\/\/www.europesays.com\/fr\/wp-json\/wp\/v2\/posts\/454057","targetHints":{"allow":["GET"]}}],"collection":[{"href":"https:\/\/www.europesays.com\/fr\/wp-json\/wp\/v2\/posts"}],"about":[{"href":"https:\/\/www.europesays.com\/fr\/wp-json\/wp\/v2\/types\/post"}],"author":[{"embeddable":true,"href":"https:\/\/www.europesays.com\/fr\/wp-json\/wp\/v2\/users\/2"}],"replies":[{"embeddable":true,"href":"https:\/\/www.europesays.com\/fr\/wp-json\/wp\/v2\/comments?post=454057"}],"version-history":[{"count":0,"href":"https:\/\/www.europesays.com\/fr\/wp-json\/wp\/v2\/posts\/454057\/revisions"}],"wp:featuredmedia":[{"embeddable":true,"href":"https:\/\/www.europesays.com\/fr\/wp-json\/wp\/v2\/media\/454058"}],"wp:attachment":[{"href":"https:\/\/www.europesays.com\/fr\/wp-json\/wp\/v2\/media?parent=454057"}],"wp:term":[{"taxonomy":"category","embeddable":true,"href":"https:\/\/www.europesays.com\/fr\/wp-json\/wp\/v2\/categories?post=454057"},{"taxonomy":"post_tag","embeddable":true,"href":"https:\/\/www.europesays.com\/fr\/wp-json\/wp\/v2\/tags?post=454057"}],"curies":[{"name":"wp","href":"https:\/\/api.w.org\/{rel}","templated":true}]}}