{"id":454059,"date":"2025-10-11T03:17:13","date_gmt":"2025-10-11T03:17:13","guid":{"rendered":"https:\/\/www.europesays.com\/fr\/454059\/"},"modified":"2025-10-11T03:17:13","modified_gmt":"2025-10-11T03:17:13","slug":"les-6-livres-coups-de-coeur-de-lecrivaine-cecile-pivot-pour-la-semaine-du-11-octobre-2025","status":"publish","type":"post","link":"https:\/\/www.europesays.com\/fr\/454059\/","title":{"rendered":"les 6 livres coups de c\u0153ur de l&rsquo;\u00e9crivaine C\u00e9cile Pivot pour la semaine du 11 octobre 2025"},"content":{"rendered":"<p class=\"mb-4 text-lg md:leading-8 break-words\">Des ann\u00e9es 1880 aux ann\u00e9es 1950, trois g\u00e9n\u00e9rations se succ\u00e8dent \u00e0 La Bass\u00e9e, une petite ville imaginaire (plusieurs s\u2019appellent ainsi en France) jumelle de l\u00e0 o\u00f9 Mauvignier a pass\u00e9 son enfance, \u00e0 Descartes, en Touraine. Dans la maison familiale, l\u2019\u00e9crivain-narrateur se demande pourquoi sa grand-m\u00e8re paternelle, Marguerite, a \u00e9t\u00e9 effac\u00e9e des albums photo. Cette absence, ce visage disparu, et m\u00eame gribouill\u00e9 au Bic avec rage sur l\u2019un des clich\u00e9s, aurait-elle un lien avec le suicide de son p\u00e8re en 1983 ? Il en est convaincu, c\u2019est une seule histoire, en plusieurs parties. Mais comment remonter le temps, comment savoir quand tous ou presque sont morts ? En \u00e9crivant un roman, justement : \u00ab\u00a0Ce monde, je pars de sa disparition pour le reconstituer, peut-\u00eatre \u00e0 l\u2019aveugle, en prenant trop de libert\u00e9s, mais avec la conviction que je le fais dans le bon sens, comme \u00e0 partir d\u2019un f\u00e9mur fossilis\u00e9 le squelette d\u2019un animal pr\u00e9historique que personne n\u2019a jamais vu.\u00a0\u00bb Alors le narrateur imagine, suppose, sugg\u00e8re et parfois, il le dit, rien ne lui vient, pas une image, pas l\u2019amorce d\u2019une conversation. La m\u00e8re de Marguerite s\u2019appelait Marie-Ernestine. Sa passion pour le piano aurait pu faire d\u2019elle une h\u00e9ro\u00efne romanesque mais tout le reste chez elle n\u2019est que rigueur, aigreur et g\u00e2chis. Les femmes, \u00e0 cette \u00e9poque-l\u00e0, n&rsquo;ont pas leur mot \u00e0 dire sur leur avenir. Et ce d\u2019autant moins que les parents d\u2019Ernestine sont de riches propri\u00e9taires terriens et son p\u00e8re un homme autoritaire \u00e0 qui personne ne r\u00e9siste. (&#8230;)<\/p>\n<p class=\"mb-4 text-lg md:leading-8 break-words\">(&#8230;) <a href=\"https:\/\/www.femmeactuelle.fr\/actu\/news-actu\/litterature-les-6-livres-coups-de-coeur-de-l-ecrivaine-cecile-pivot-pour-la-semaine-du-11-octobre-2025-2199356\" rel=\"nofollow noopener\" target=\"_blank\" data-ylk=\"slk:Cliquez ici pour voir la suite;elm:context_link;itc:0;sec:content-canvas\" class=\"link \">Cliquez ici pour voir la suite<\/a><\/p>\n<p class=\"mb-4 text-lg md:leading-8 break-words\"><a href=\"https:\/\/www.femmeactuelle.fr\/actu\/news-actu\/litterature-les-6-livres-coups-de-coeur-de-l-ecrivaine-cecile-pivot-pour-la-semaine-du-12-octobre-2024-2182496\" rel=\"nofollow noopener\" target=\"_blank\" data-ylk=\"slk:Litt\u00e9rature : les 6 livres coups de c\u0153ur de l&#039;\u00e9crivaine C\u00e9cile Pivot pour la semaine du 12 octobre 2024;elm:context_link;itc:0;sec:content-canvas\" class=\"link \">Litt\u00e9rature : les 6 livres coups de c\u0153ur de l&rsquo;\u00e9crivaine C\u00e9cile Pivot pour la semaine du 12 octobre 2024<\/a><br \/><a href=\"https:\/\/www.femmeactuelle.fr\/actu\/news-actu\/litterature-les-6-livres-coups-de-coeur-de-l-ecrivaine-cecile-pivot-pour-la-semaine-du-26-avril-2025-2191988\" rel=\"nofollow noopener\" target=\"_blank\" data-ylk=\"slk:Litt\u00e9rature : les 6 livres coups de c\u0153ur de l&#039;\u00e9crivaine C\u00e9cile Pivot pour la semaine du 26 avril 2025;elm:context_link;itc:0;sec:content-canvas\" class=\"link \">Litt\u00e9rature : les 6 livres coups de c\u0153ur de l&rsquo;\u00e9crivaine C\u00e9cile Pivot pour la semaine du 26 avril 2025<\/a><br \/><a href=\"https:\/\/www.femmeactuelle.fr\/actu\/news-actu\/litterature-les-6-livres-coups-de-coeur-de-l-ecrivaine-cecile-pivot-pour-la-semaine-du-02-aout-2025-2196472\" rel=\"nofollow noopener\" target=\"_blank\" data-ylk=\"slk:Litt\u00e9rature : les 6 livres coups de c\u0153ur de l&#039;\u00e9crivaine C\u00e9cile Pivot pour la semaine du 02 ao\u00fbt 2025;elm:context_link;itc:0;sec:content-canvas\" class=\"link \">Litt\u00e9rature : les 6 livres coups de c\u0153ur de l&rsquo;\u00e9crivaine C\u00e9cile Pivot pour la semaine du 02 ao\u00fbt 2025<\/a><br \/><a href=\"https:\/\/www.femmeactuelle.fr\/actu\/news-actu\/litterature-les-6-livres-coups-de-coeur-de-l-ecrivaine-cecile-pivot-pour-la-semaine-du-29-mars-2025-2190025\" rel=\"nofollow noopener\" target=\"_blank\" data-ylk=\"slk:Litt\u00e9rature : les 6 livres coups de c\u0153ur de l&#039;\u00e9crivaine C\u00e9cile Pivot pour la semaine du 29 mars 2025;elm:context_link;itc:0;sec:content-canvas\" class=\"link \">Litt\u00e9rature : les 6 livres coups de c\u0153ur de l&rsquo;\u00e9crivaine C\u00e9cile Pivot pour la semaine du 29 mars 2025<\/a><br \/><a href=\"https:\/\/www.femmeactuelle.fr\/actu\/news-actu\/litterature-les-6-livres-coups-de-coeur-de-l-ecrivaine-cecile-pivot-pour-la-semaine-du-08-mars-2025-2189065\" rel=\"nofollow noopener\" target=\"_blank\" data-ylk=\"slk:Litt\u00e9rature : les 6 livres coups de c\u0153ur de l&#039;\u00e9crivaine C\u00e9cile Pivot pour la semaine du 15 mars 2025;elm:context_link;itc:0;sec:content-canvas\" class=\"link \">Litt\u00e9rature : les 6 livres coups de c\u0153ur de l&rsquo;\u00e9crivaine C\u00e9cile Pivot pour la semaine du 15 mars 2025<\/a><\/p>\n","protected":false},"excerpt":{"rendered":"Des ann\u00e9es 1880 aux ann\u00e9es 1950, trois g\u00e9n\u00e9rations se succ\u00e8dent \u00e0 La Bass\u00e9e, une petite ville imaginaire (plusieurs&hellip;\n","protected":false},"author":2,"featured_media":454060,"comment_status":"","ping_status":"","sticky":false,"template":"","format":"standard","meta":{"footnotes":""},"categories":[1357],"tags":[43058,1379,58,59,1011,27,57969,1380],"class_list":{"0":"post-454059","1":"post","2":"type-post","3":"status-publish","4":"format-standard","5":"has-post-thumbnail","7":"category-livres","8":"tag-annees-1950","9":"tag-books","10":"tag-divertissement","11":"tag-entertainment","12":"tag-fr","13":"tag-france","14":"tag-la-bassee","15":"tag-livres"},"share_on_mastodon":{"url":"https:\/\/pubeurope.com\/@fr\/115353370224519792","error":""},"_links":{"self":[{"href":"https:\/\/www.europesays.com\/fr\/wp-json\/wp\/v2\/posts\/454059","targetHints":{"allow":["GET"]}}],"collection":[{"href":"https:\/\/www.europesays.com\/fr\/wp-json\/wp\/v2\/posts"}],"about":[{"href":"https:\/\/www.europesays.com\/fr\/wp-json\/wp\/v2\/types\/post"}],"author":[{"embeddable":true,"href":"https:\/\/www.europesays.com\/fr\/wp-json\/wp\/v2\/users\/2"}],"replies":[{"embeddable":true,"href":"https:\/\/www.europesays.com\/fr\/wp-json\/wp\/v2\/comments?post=454059"}],"version-history":[{"count":0,"href":"https:\/\/www.europesays.com\/fr\/wp-json\/wp\/v2\/posts\/454059\/revisions"}],"wp:featuredmedia":[{"embeddable":true,"href":"https:\/\/www.europesays.com\/fr\/wp-json\/wp\/v2\/media\/454060"}],"wp:attachment":[{"href":"https:\/\/www.europesays.com\/fr\/wp-json\/wp\/v2\/media?parent=454059"}],"wp:term":[{"taxonomy":"category","embeddable":true,"href":"https:\/\/www.europesays.com\/fr\/wp-json\/wp\/v2\/categories?post=454059"},{"taxonomy":"post_tag","embeddable":true,"href":"https:\/\/www.europesays.com\/fr\/wp-json\/wp\/v2\/tags?post=454059"}],"curies":[{"name":"wp","href":"https:\/\/api.w.org\/{rel}","templated":true}]}}