{"id":454061,"date":"2025-10-11T03:18:19","date_gmt":"2025-10-11T03:18:19","guid":{"rendered":"https:\/\/www.europesays.com\/fr\/454061\/"},"modified":"2025-10-11T03:18:19","modified_gmt":"2025-10-11T03:18:19","slug":"laurie-sequestre-quelquun-martin-a-choisi-son-deuxieme-temoin-le-resume-de-lepisode-2050-du-lundi-13-octobre-2025","status":"publish","type":"post","link":"https:\/\/www.europesays.com\/fr\/454061\/","title":{"rendered":"Laurie s\u00e9questre quelqu&rsquo;un ! Martin a choisi son deuxi\u00e8me t\u00e9moin&#8230; Le r\u00e9sum\u00e9 de l&rsquo;\u00e9pisode 2050 du lundi 13 octobre 2025"},"content":{"rendered":"<p>Dans Demain nous appartient lundi 13 octobre 2025, Bart m\u00e8ne sa propre enqu\u00eate pour savoir si Laurie est bien la responsable de l&rsquo;accident de voiture d&rsquo;Audrey. Marceau continue ses frasques au lyc\u00e9e. Noor reste troubl\u00e9e par ses points communs avec Oc\u00e9ane.<\/p>\n<p><b>Lundi 13 octobre 2025 dans <\/b><b>Demain nous appartient<\/b> &#8211; r\u00e9cemment marqu\u00e9e par <a href=\"https:\/\/www.programme-tv.net\/news\/series-tv\/389101-exclu-demain-nous-appartient-francois-quitte-sete-le-depart-d-emmanuel-moire-est-il-definitif-la-reponse\/\" data-api-deeplink=\"teleloisirs:\/\/news\/389101\" target=\"_blank\" rel=\"noopener\">le d\u00e9part de Fran\u00e7ois (Emmanuel Moire)<\/a> et qui <a href=\"https:\/\/www.programme-tv.net\/news\/series-tv\/389152-deprogrammation-demain-nous-appartient-ici-tout-commence-et-tout-pour-la-lumiere-ne-seront-pas-diffuses-ce-soir-decouvrez-pourquoi\/\" data-api-deeplink=\"teleloisirs:\/\/news\/389152\" target=\"_blank\" rel=\"noopener\">n&rsquo;a pas \u00e9t\u00e9 diffus\u00e9 jeudi 9 octobre<\/a>&#8230; Le matin au Spoon, Audrey se confie \u00e0 Bart \u00e0 propos du traumatisme de son accident et il lui demande si elle s&rsquo;est souvenu de plus de d\u00e9tails mais ce n&rsquo;est pas le cas. Bart apporte \u00e0 Sara des affaires d&rsquo;Enora devant le commissariat. Il lui annonce qu&rsquo;Erica a rompu avec lui, Sara lui rappelle qu&rsquo;elle est l\u00e0 pour lui. Bart commence \u00e0 poser des questions \u00e0 Sara \u00e0 propos de l&rsquo;enqu\u00eate sur l&rsquo;accident d&rsquo;Audrey. La polici\u00e8re lui r\u00e9v\u00e8le qu&rsquo;ils pensent que la pyromane et le chauffard sont la m\u00eame personne. Bart s&rsquo;\u00e9tonne que la police pense \u00e0 une femme pour la coupable.<\/p>\n<p>Demain nous appartient en avance : Qui Laurie s\u00e9questre-t-elle ?<\/p>\n<p>Au commissariat, Georges, Karim et Aurore jouent leur place de t\u00e9moin de Martin lors d&rsquo;une partie de fl\u00e9chettes. Georges est vite mis hors course, tandis que Karim et Aurore sont au coude \u00e0 coude. Martin les surprend et s&rsquo;amuse de leur fa\u00e7on de se d\u00e9partager. Marguerite et Rapha\u00eblle discutent de la robe de mari\u00e9e de cette derni\u00e8re, Martin arrive et leur annonce que son deuxi\u00e8me t\u00e9moin sera Karim, pour la plus grande joie de la prof de physique-chimie.<\/p>\n<p>Plus tard, Sara fait part \u00e0 Georges de ses interrogations \u00e0 propos du comportement de Bart et elle pense qu&rsquo;il couvre quelqu&rsquo;un. Bart donne rendez-vous \u00e0 Gloria pour lui demander de consulter le dossier m\u00e9dical de Laurie afin de savoir si cette derni\u00e8re a d\u00e9j\u00e0 fait un s\u00e9jour en h\u00f4pital psychiatrique ou pas. Gloria refuse mais lui conseille de parler de ses soup\u00e7ons \u00e0 Sara. La polici\u00e8re cherche Bart au Spoon et Audrey lui dit qu&rsquo;il lui a demand\u00e9 des infos sur son accident. Bart se rend chez Laurie et lui annonce qu&rsquo;il se sent mal, elle finit par l&rsquo;inviter \u00e0 rentrer chez elle apr\u00e8s avoir rang\u00e9 ses affaires. Laurie est tr\u00e8s \u00e9vasive et fuyante, en particulier quand Bart entend du bruit dans l&rsquo;appartement. Elle finit par le convaincre d&rsquo;aller prendre un verre dans un bar. Quelqu&rsquo;un est enferm\u00e9 dans une pi\u00e8ce de chez Laurie.<\/p>\n<p>            Demain nous appartient en avance : Marceau promet \u00e0 sa m\u00e8re de se calmer<\/p>\n<p>Le matin, Bastien arrive au lyc\u00e9e et tout le monde le regarde. Il comprend pourquoi en d\u00e9couvrant un tag de Marceau indiquant : \u00ab\u00a0B. Kovac = Balance ascendant grosse poucave\u00a0\u00bb. Lizzie arrive et demande \u00e0 Marceau de la suivre pour aller au bureau de la proviseure. Violette soutient Bastien. Erica enguirlande son fils et lui dit qu&rsquo;elle ne sait plus quoi faire pour renouer avec lui. Il lui promet de se calmer. Elle lui annonce sa rupture avec Bart, il s&rsquo;en \u00e9tonne. Lizzie essaie d&rsquo;\u00eatre sympa avec Marceau qui se montre d\u00e9sagr\u00e9able en retour.<\/p>\n<p>Demain nous appartient en avance : Noor s&rsquo;attache de plus en plus \u00e0 Oc\u00e9ane<\/p>\n<p>A l&rsquo;h\u00f4pital, Noor se rend dans la chambre d&rsquo;Oc\u00e9ane et Romain, install\u00e9 dans un fauteuil, se r\u00e9veille. Il remercie l&rsquo;infirmi\u00e8re de s&rsquo;occuper d&rsquo;Oc\u00e9ane et Noor essaie de le rassurer. Il lui raconte que sa compagne est tr\u00e8s dynamique et curieuse et ils sont ensemble depuis un an. Noor s&rsquo;\u00e9tonne d&rsquo;apprendre que la m\u00e8re d&rsquo;Oc\u00e9ane est morte il y a cinq ans, tout comme la sienne. Plus tard, Noor et Romain s&rsquo;amusent en reparlant du malentendu sur un autre patient et ses crises d&rsquo;h\u00e9morro\u00efdes.<\/p>\n","protected":false},"excerpt":{"rendered":"Dans Demain nous appartient lundi 13 octobre 2025, Bart m\u00e8ne sa propre enqu\u00eate pour savoir si Laurie est&hellip;\n","protected":false},"author":2,"featured_media":454062,"comment_status":"","ping_status":"","sticky":false,"template":"","format":"standard","meta":{"footnotes":""},"categories":[1356],"tags":[244,3598,5247,58,59,1011,27,5248,5246,252,199,1364],"class_list":{"0":"post-454061","1":"post","2":"type-post","3":"status-publish","4":"format-standard","5":"has-post-thumbnail","7":"category-television","8":"tag-commentaire","9":"tag-demain-nous-appartient","10":"tag-demain-nous-appartient-en-avance","11":"tag-divertissement","12":"tag-entertainment","13":"tag-fr","14":"tag-france","15":"tag-ru00e9sumu00e9-demain-nous-appartient","16":"tag-ru00e9sumu00e9-en-avance-demain-nous-appartient","17":"tag-television","18":"tag-tf1","19":"tag-tv"},"share_on_mastodon":{"url":"https:\/\/pubeurope.com\/@fr\/115353374139975026","error":""},"_links":{"self":[{"href":"https:\/\/www.europesays.com\/fr\/wp-json\/wp\/v2\/posts\/454061","targetHints":{"allow":["GET"]}}],"collection":[{"href":"https:\/\/www.europesays.com\/fr\/wp-json\/wp\/v2\/posts"}],"about":[{"href":"https:\/\/www.europesays.com\/fr\/wp-json\/wp\/v2\/types\/post"}],"author":[{"embeddable":true,"href":"https:\/\/www.europesays.com\/fr\/wp-json\/wp\/v2\/users\/2"}],"replies":[{"embeddable":true,"href":"https:\/\/www.europesays.com\/fr\/wp-json\/wp\/v2\/comments?post=454061"}],"version-history":[{"count":0,"href":"https:\/\/www.europesays.com\/fr\/wp-json\/wp\/v2\/posts\/454061\/revisions"}],"wp:featuredmedia":[{"embeddable":true,"href":"https:\/\/www.europesays.com\/fr\/wp-json\/wp\/v2\/media\/454062"}],"wp:attachment":[{"href":"https:\/\/www.europesays.com\/fr\/wp-json\/wp\/v2\/media?parent=454061"}],"wp:term":[{"taxonomy":"category","embeddable":true,"href":"https:\/\/www.europesays.com\/fr\/wp-json\/wp\/v2\/categories?post=454061"},{"taxonomy":"post_tag","embeddable":true,"href":"https:\/\/www.europesays.com\/fr\/wp-json\/wp\/v2\/tags?post=454061"}],"curies":[{"name":"wp","href":"https:\/\/api.w.org\/{rel}","templated":true}]}}