{"id":454082,"date":"2025-10-11T03:28:14","date_gmt":"2025-10-11T03:28:14","guid":{"rendered":"https:\/\/www.europesays.com\/fr\/454082\/"},"modified":"2025-10-11T03:28:14","modified_gmt":"2025-10-11T03:28:14","slug":"5e-tour-ag-caen-sm-caen-les-compositions-infos-match-billet-smc","status":"publish","type":"post","link":"https:\/\/www.europesays.com\/fr\/454082\/","title":{"rendered":"5e tour : AG Caen \/ SM Caen : les compositions | infos match &#8211; billet SMC"},"content":{"rendered":"<p><strong>AG Caen :<\/strong> Valentin Letourneur &#8211; Mathieu Yvrande, Exauc\u00e9 Loso Mputela, Hamza Ould Jawar, Lucas Nehlig &#8211; Romain Gosnet, Th\u00e9otime Lefeuvre, Mehdi Taileb &#8211; Alex Quitt\u00e9, Enzo Deminguet, Th\u00e9o Leterrier\u00a0<\/p>\n<p>Rempla\u00e7ants : Anthony Barry, Jules Huet, Mogan Hardoin,\u00a0Abdelmajid A\u00eft Ouaissi\u00a0&amp; Yanis Wagner<\/p>\n<p><strong>SM Caen : <\/strong>Yannis Clementia &#8211; Ronny Labonne, Vinicius Gomes, Leandro Morante, Valentin Henry &#8211; Gabin Tom\u00e9, Zoumana Bagbema, Belkacem Dali-Amar &#8211; L\u00e9o Milliner, Armand Gnanduillet, Williams Mazi\u00e9\u00a0<\/p>\n<p>Rempla\u00e7ants : Anthony Mandr\u00e9a, Adama Diakit\u00e9, Mohamed Hafid, Maxime Etuin &amp; Lorenzo Rajot\u00a0<\/p>\n","protected":false},"excerpt":{"rendered":"AG Caen : Valentin Letourneur &#8211; Mathieu Yvrande, Exauc\u00e9 Loso Mputela, Hamza Ould Jawar, Lucas Nehlig &#8211; Romain&hellip;\n","protected":false},"author":2,"featured_media":453432,"comment_status":"","ping_status":"","sticky":false,"template":"","format":"standard","meta":{"footnotes":""},"categories":[2],"tags":[11,13809,1011,27,13810,13808,12],"class_list":{"0":"post-454082","1":"post","2":"type-post","3":"status-publish","4":"format-standard","5":"has-post-thumbnail","7":"category-actualites","8":"tag-actualites","9":"tag-billet-smc","10":"tag-fr","11":"tag-france","12":"tag-informations-stade-malherbe-de-caen","13":"tag-infos-match","14":"tag-news"},"share_on_mastodon":{"url":"https:\/\/pubeurope.com\/@fr\/115353413570253817","error":""},"_links":{"self":[{"href":"https:\/\/www.europesays.com\/fr\/wp-json\/wp\/v2\/posts\/454082","targetHints":{"allow":["GET"]}}],"collection":[{"href":"https:\/\/www.europesays.com\/fr\/wp-json\/wp\/v2\/posts"}],"about":[{"href":"https:\/\/www.europesays.com\/fr\/wp-json\/wp\/v2\/types\/post"}],"author":[{"embeddable":true,"href":"https:\/\/www.europesays.com\/fr\/wp-json\/wp\/v2\/users\/2"}],"replies":[{"embeddable":true,"href":"https:\/\/www.europesays.com\/fr\/wp-json\/wp\/v2\/comments?post=454082"}],"version-history":[{"count":0,"href":"https:\/\/www.europesays.com\/fr\/wp-json\/wp\/v2\/posts\/454082\/revisions"}],"wp:featuredmedia":[{"embeddable":true,"href":"https:\/\/www.europesays.com\/fr\/wp-json\/wp\/v2\/media\/453432"}],"wp:attachment":[{"href":"https:\/\/www.europesays.com\/fr\/wp-json\/wp\/v2\/media?parent=454082"}],"wp:term":[{"taxonomy":"category","embeddable":true,"href":"https:\/\/www.europesays.com\/fr\/wp-json\/wp\/v2\/categories?post=454082"},{"taxonomy":"post_tag","embeddable":true,"href":"https:\/\/www.europesays.com\/fr\/wp-json\/wp\/v2\/tags?post=454082"}],"curies":[{"name":"wp","href":"https:\/\/api.w.org\/{rel}","templated":true}]}}