{"id":454102,"date":"2025-10-11T03:43:29","date_gmt":"2025-10-11T03:43:29","guid":{"rendered":"https:\/\/www.europesays.com\/fr\/454102\/"},"modified":"2025-10-11T03:43:29","modified_gmt":"2025-10-11T03:43:29","slug":"tentative-de-meurtre-sur-le-blogueur-azeri-a-nantes-neuf-hommes-seront-juges-a-rennes-en","status":"publish","type":"post","link":"https:\/\/www.europesays.com\/fr\/454102\/","title":{"rendered":"Tentative de meurtre sur le blogueur az\u00e9ri \u00e0 Nantes\u00a0: neuf hommes seront jug\u00e9s \u00e0 Rennes en"},"content":{"rendered":"<tr wp_automatic_readability=\"5.8947368421053\">\n<td valign=\"middle\" align=\"center\" class=\"col-logo\" wp_automatic_readability=\"5\">\n    <img decoding=\"async\" src=\"https:\/\/maville.com\/design\/images\/logo-of-monetise.svg?version=20130627\" alt=\"logo Ouest-France\" height=\"66\"\/><\/p>\n<p>Contenu r\u00e9serv\u00e9 aux abonn\u00e9s<\/p>\n<\/td>\n<td class=\"col-titre\">\n\t\t\tVendredi 10 octobre 2025 12:26<br \/>\n\t\t\t<a class=\"icon-bulle sizeL count\" href=\"#ancreAvis\"><br \/>\n\t&#8230;<br \/>\n<\/a><\/td>\n<\/tr>\n<p>\t\t<a class=\"mavillebox2 elmt-photo\" href=\"https:\/\/maville.com\/photosmvi\/2025\/10\/10\/P35513855D7014248G.jpg\" title=\" Mahammad Mirzali vit d\u00e9sormais sous protection polici\u00e8re.  \u00a9  OUEST FRANCE  &lt;!--TAG-BLC credit--&gt;\" rel=\"galerie_actu noopener\" target=\"_blank\"><br \/>\n\t<img decoding=\"async\" src=\"https:\/\/www.europesays.com\/fr\/wp-content\/uploads\/2025\/10\/P35513855D7014248G_crop_640-330_.jpg\" alt=\"photo  mahammad mirzali vit d\u00e9sormais sous protection polici\u00e8re.  \u00a9  ouest france \"\/><br \/>\n\t2<br \/>\n<\/a><\/p>\n<p class=\"elmt-legende\"> Mahammad Mirzali vit d\u00e9sormais sous protection polici\u00e8re.  \u00a9  OUEST FRANCE  <\/p>\n<p><a class=\"mavillebox2\" href=\"https:\/\/maville.com\/photosmvi\/2025\/10\/10\/P35513856D7014248G.jpg\" title=\"en mars\u00a02021, mahammad mirzali avait surv\u00e9cu \u00e0 une attaque au couteau et cutter, en plein jour dans nantes. \u00a9  dr \" rel=\"galerie_actu noopener\" target=\"_blank\"><\/p>\n<p>\t\tINFO OUEST-FRANCE. Le 26\u00a0mai 2026, devant la cour d\u2019assises sp\u00e9ciale d\u2019Ille-et-Vilaine, Mahammad Mirzali se retrouvera pour la premi\u00e8re fois face \u00e0 tous les tueurs \u00e0 gage qui auraient \u00e9t\u00e9 engag\u00e9s pour le supprimer. Le 14\u00a0mars 2021, le blogueur azerba\u00efdjanais avait fr\u00f4l\u00e9 la mort en plein centre de Nantes.<\/p>\n<p><b>Cet article est r\u00e9serv\u00e9 aux abonn\u00e9s<\/b><\/p>\n<p>Pour un acc\u00e8s imm\u00e9diat, abonnez-vous<\/p>\n<p><b>1\u00e8re semaine offerte<\/b><\/p>\n<p>\t\t Kevin GRETHEN. \u00a0\u00a0<br \/>\n\t\tOuest-France<\/p>\n<p>Retrouvez d&rsquo;autres actus sur les communes de :<\/p>\n<p>\t\t&#13;<\/p>\n","protected":false},"excerpt":{"rendered":"Contenu r\u00e9serv\u00e9 aux abonn\u00e9s Vendredi 10 octobre 2025 12:26 &#8230; 2 Mahammad Mirzali vit d\u00e9sormais sous protection polici\u00e8re.&hellip;\n","protected":false},"author":2,"featured_media":454103,"comment_status":"","ping_status":"","sticky":false,"template":"","format":"standard","meta":{"footnotes":""},"categories":[2821],"tags":[5734,1111,11,57976,52538,829,1777,674,1011,27,1101,11515,2565,777,766,12,3086,584,25,7451],"class_list":{"0":"post-454102","1":"post","2":"type-post","3":"status-publish","4":"format-standard","5":"has-post-thumbnail","7":"category-rennes","8":"tag-5734","9":"tag-actu","10":"tag-actualites","11":"tag-azeri","12":"tag-blogueur","13":"tag-bretagne","14":"tag-eu","15":"tag-europe","16":"tag-fr","17":"tag-france","18":"tag-hommes","19":"tag-juges","20":"tag-mai","21":"tag-meurtre","22":"tag-nantes","23":"tag-news","24":"tag-redon","25":"tag-rennes","26":"tag-republique-francaise","27":"tag-tentative"},"share_on_mastodon":{"url":"https:\/\/pubeurope.com\/@fr\/115353473066701337","error":""},"_links":{"self":[{"href":"https:\/\/www.europesays.com\/fr\/wp-json\/wp\/v2\/posts\/454102","targetHints":{"allow":["GET"]}}],"collection":[{"href":"https:\/\/www.europesays.com\/fr\/wp-json\/wp\/v2\/posts"}],"about":[{"href":"https:\/\/www.europesays.com\/fr\/wp-json\/wp\/v2\/types\/post"}],"author":[{"embeddable":true,"href":"https:\/\/www.europesays.com\/fr\/wp-json\/wp\/v2\/users\/2"}],"replies":[{"embeddable":true,"href":"https:\/\/www.europesays.com\/fr\/wp-json\/wp\/v2\/comments?post=454102"}],"version-history":[{"count":0,"href":"https:\/\/www.europesays.com\/fr\/wp-json\/wp\/v2\/posts\/454102\/revisions"}],"wp:featuredmedia":[{"embeddable":true,"href":"https:\/\/www.europesays.com\/fr\/wp-json\/wp\/v2\/media\/454103"}],"wp:attachment":[{"href":"https:\/\/www.europesays.com\/fr\/wp-json\/wp\/v2\/media?parent=454102"}],"wp:term":[{"taxonomy":"category","embeddable":true,"href":"https:\/\/www.europesays.com\/fr\/wp-json\/wp\/v2\/categories?post=454102"},{"taxonomy":"post_tag","embeddable":true,"href":"https:\/\/www.europesays.com\/fr\/wp-json\/wp\/v2\/tags?post=454102"}],"curies":[{"name":"wp","href":"https:\/\/api.w.org\/{rel}","templated":true}]}}