{"id":454107,"date":"2025-10-11T03:46:21","date_gmt":"2025-10-11T03:46:21","guid":{"rendered":"https:\/\/www.europesays.com\/fr\/454107\/"},"modified":"2025-10-11T03:46:21","modified_gmt":"2025-10-11T03:46:21","slug":"voici-ce-quil-faut-retenir-du-rapport-de-la-convention-citoyenne","status":"publish","type":"post","link":"https:\/\/www.europesays.com\/fr\/454107\/","title":{"rendered":"voici ce qu&rsquo;il faut retenir du rapport de la convention citoyenne"},"content":{"rendered":"<p>            Par<br \/>\n        <strong><br \/>\n            <a href=\"https:\/\/actu.fr\/auteur\/ivan-capecchi\" title=\"Consulter tous les articles de Ivan CAPECCHI\" rel=\"nofollow noopener\" target=\"_blank\">Ivan CAPECCHI<\/a><br \/>\n        <\/strong><\/p>\n<p>        Publi\u00e9 le<\/p>\n<p>            10 oct. 2025 \u00e0 16h14        <\/p>\n<p>R\u00e9unis durant plusieurs mois, cent habitants tir\u00e9s au sort ont rendu, jeudi, leur verdict sur le <strong>futur trac\u00e9 du tram nord<\/strong>, un projet qui a \u00e9t\u00e9 brutalement stopp\u00e9 en d\u00e9cembre\u00a02024 apr\u00e8s que la commission d\u2019enqu\u00eate publique <a href=\"https:\/\/actu.fr\/grand-est\/strasbourg_67482\/tram-nord-a-strasbourg-la-commission-d-enquete-rend-un-avis-defavorable-un-coup-de-tonnerre_61982104.html\" rel=\"nofollow noopener\" target=\"_blank\">a rendu un avis d\u00e9favorable<\/a>. Leur rapport, remis \u00e0 l\u2019<a href=\"https:\/\/actu.fr\/tag\/eurometropole-de-strasbourg\" rel=\"nofollow noopener\" target=\"_blank\">Eurom\u00e9tropole de Strasbourg<\/a>, dessine une ligne qui relierait directement le <strong>quartier des \u00c9crivains<\/strong> \u00e0 la place de Haguenau, tout en traversant le c\u0153ur de <a href=\"https:\/\/actu.fr\/grand-est\/schiltigheim_67447\/qualite-de-vie-cette-ville-moyenne-de-l-eurometropole-de-strasbourg-devient-elle-the-place-to-be_60605081.html\" rel=\"nofollow noopener\" target=\"_blank\">Schiltigheim<\/a>.<\/p>\n<p class=\" wall-content\">L\u2019option privil\u00e9gi\u00e9e passe par la <strong>route de Bischwiller,<\/strong> avec une desserte des <strong>lieux cl\u00e9s de Schiltigheim (mairie, m\u00e9diath\u00e8que, commerces)<\/strong>.<\/p>\n<p class=\" wall-content\">Ce trac\u00e9 permettrait \u00e9galement d\u2019accompagner la <strong>transformation du site Heineken<\/strong>, le brasseur ayant <a href=\"https:\/\/actu.fr\/grand-est\/schiltigheim_67447\/inacceptable-injuste-un-coup-dur-pluie-de-reactions-indignees-apres-le-depart-annonce-d-heineken_55211833.html\" rel=\"nofollow noopener\" target=\"_blank\">programm\u00e9 son d\u00e9part<\/a> d\u2019ici la fin de cette ann\u00e9e.<\/p>\n<p>    <img   decoding=\"async\" loading=\"lazy\" src=\"https:\/\/www.europesays.com\/fr\/wp-content\/uploads\/2025\/10\/trace-tram-nord-strasbourg-convention-citoyenne-960x640.jpg\" alt=\"Le trac\u00e9 retenu par la convention citoyenne pour la partie nord.\" width=\"960\" height=\"640\"\/><br \/>\n    Le trac\u00e9 retenu par la convention citoyenne pour la partie nord. (\u00a9DR)Un prolongement vers Hoenheim \u00e0 terme\u2009?<\/p>\n<p class=\" wall-content\">Au nord, la ligne s\u2019arr\u00eaterait \u00e0 <strong>Bischheim<\/strong> dans un premier temps, avec la possibilit\u00e9 d\u2019un prolongement ult\u00e9rieur vers <strong>H\u0153nheim<\/strong> et la cr\u00e9ation d\u2019un <strong>parking relais<\/strong>.<\/p>\n<p class=\" wall-content\">Les citoyens ont jug\u00e9 l\u2019extension imm\u00e9diate <strong>trop co\u00fbteuse et peu adapt\u00e9e \u00e0 la densit\u00e9 de population actuelle<\/strong>.<\/p>\n<p>La partie centre du trac\u00e9 \u00e9galement \u00e9voqu\u00e9e<\/p>\n<p class=\" wall-content\">Comme demand\u00e9 par la Ville et l\u2019Eurom\u00e9tropole de Strasbourg, la convention citoyenne s\u2019est<strong> focalis\u00e9e sur la partie nord du trac\u00e9<\/strong>. Elle s\u2019est cependant exprim\u00e9e sur la partie centre, sans trancher d\u00e9finitivement \u00e0 ce stade.<\/p>\n<p class=\" wall-content\">Elle\u00a0privil\u00e9gie, \u00e0 86\u2009% des voix,<strong> une entr\u00e9e par la rue du Faubourg-de-Pierre<\/strong>, qui offrirait une liaison directe et efficace.<\/p>\n<p>Votre r\u00e9gion, votre actu !<\/p>\n<p>Recevez chaque jour les infos qui comptent pour vous.<\/p>\n<p>\t<a href=\"https:\/\/actu.fr\/newsletter\" class=\"ac-btn ac-btn--corner ac-btn--medium ac-btn--blue800\" rel=\"nofollow noopener\" target=\"_blank\">S&rsquo;incrire<\/a><\/p>\n<p class=\" wall-content\">Deux autres options \u2013 par la gare ou via la Neustadt (avenue des Vosges, secteur Clemenceau\/Kabl\u00e9) \u2013 restent \u00e0 l\u2019\u00e9tude.<\/p>\n<p>La convention citoyenne, un g\u00e2chis de temps et d\u2019argent pour l\u2019opposition<\/p>\n<p class=\" wall-content\">Ce vendredi en conf\u00e9rence de presse, <strong>Pierre Jakubowicz<\/strong>, conseiller municipal d\u2019opposition <a href=\"https:\/\/actu.fr\/grand-est\/strasbourg_67482\/municipales-2026-a-strasbourg-pierre-jakubowicz-horizons-officialise-sa-candidature_63115980.html\" rel=\"nofollow noopener\" target=\"_blank\">candidat aux \u00e9lections municipales de 2026<\/a>, et <strong>Thibaud Philipps<\/strong>, vice-pr\u00e9sident de la R\u00e9gion Grand Est en charge des <strong>Transports<\/strong>, ont continu\u00e9 de questionner l\u2019utilit\u00e9 de la convention citoyenne.<\/p>\n<p class=\" wall-content\">Selon eux, elle repr\u00e9sente un <a href=\"https:\/\/actu.fr\/grand-est\/strasbourg_67482\/convention-citoyenne-pour-le-tram-nord-un-gachis-de-temps-et-d-argent-selon-l-opposition_62202033.html\" rel=\"nofollow noopener\" target=\"_blank\">g\u00e2chis de temps et d\u2019argent public<\/a>, un \u00ab\u2009OCNI, Objet de communication non identifi\u00e9\u2009\u00bb, ironise m\u00eame Pierre Jakubowicz. Bref, un dispositif <strong>ill\u00e9gitime<\/strong>, l\u00e0 o\u00f9 il aurait fallu s\u2019appuyer sur les <strong>plus de 7\u2009000 contributions faites dans le cadre de l\u2019enqu\u00eate publique<\/strong>, un processus \u00e9prouv\u00e9 et reconnu, plaide-t-il.<\/p>\n<p class=\" wall-content\">Concernant le trac\u00e9 au nord propos\u00e9 par la convention citoyenne, Pierre Jakubowicz le trouve \u00ab\u2009pertinent, intelligent en termes de desserte d\u2019\u00e9quipements publics et de futurs foyers de population\u2009\u00bb, tout en rappelant que <strong>Catherine Trautmann<\/strong>, qui vient de se d\u00e9clarer <a href=\"https:\/\/actu.fr\/grand-est\/strasbourg_67482\/municipales-2026-catherine-trautmann-ancienne-maire-de-strasbourg-officialise-sa-candidature_63282301.html\" rel=\"nofollow noopener\" target=\"_blank\">candidate aux prochaines municipales<\/a>, ou l\u2019association Col\u2019Schick ont d\u00e9j\u00e0 propos\u00e9 des trac\u00e9s similaires, ce qui constitue, l\u00e0 encore, une perte de temps \u00e0 ses yeux.<\/p>\n<p>    <img   decoding=\"async\" loading=\"lazy\" src=\"https:\/\/www.europesays.com\/fr\/wp-content\/uploads\/2025\/10\/thibaud-philipps-pierre-jakubiwicz-1-960x640.jpg\" alt=\"Thibaud Philipps, vice-pr\u00e9sident de la R\u00e9gion Grand Est en charge des Transports et Pierre Jakubowicz, conseiller municipal d'opposition (Horizons), \" width=\"960\" height=\"640\"\/><br \/>\n    Thibaud Philipps, vice-pr\u00e9sident de la R\u00e9gion Grand Est en charge des Transports et Pierre Jakubowicz, conseiller municipal d\u2019opposition (Horizons), ont donn\u00e9 une conf\u00e9rence de presse ce vendredi pour redire leur opposition \u00e0 la convention citoyenne en tant que m\u00e9thode de travail. (\u00a9Ivan Capecchi \/ Actu Strasbourg)R\u00e9\u00e9voquer l\u2019avenue des Vosges\u2009? \u00ab\u2009C\u2019est absolument inacceptable\u2009\u00bb<\/p>\n<p class=\" wall-content\">Entre autres choses, Pierre Jakubowicz n\u2019en revient pas que, pour la partie centre du trac\u00e9, celui par l\u2019<strong>avenue des Vosges<\/strong> ait \u00e9t\u00e9 de nouveau \u00e9voqu\u00e9 par la convention citoyenne, bien que ce ne soit pas le sc\u00e9nario privil\u00e9gi\u00e9 par cette derni\u00e8re. \u00ab\u2009<strong>C\u2019est absolument inacceptable<\/strong> [\u2026]. S\u2019il y a bien un point sur lequel le <a href=\"https:\/\/actu.fr\/grand-est\/strasbourg_67482\/avis-defavorable-pour-le-tram-nord-on-a-lu-les-150-pages-du-rapport-voici-ce-qu-il-faut-en-retenir_62026197.html\" rel=\"nofollow noopener\" target=\"_blank\">rapport d\u2019enqu\u00eate publique<\/a> n\u2019ouvrait pas de d\u00e9bat, c\u2019\u00e9tait le fait que le tram nord passe par l\u2019avenue des Vosges\u2009\u00bb, s\u2019agace-t-il.<\/p>\n<p class=\" wall-content\">Effectivement, la commission d\u2019enqu\u00eate s\u2019\u00e9tait montr\u00e9e tr\u00e8s r\u00e9serv\u00e9e concernant le passage par l\u2019avenue des Vosges, s\u2019inqui\u00e9tant d\u2019un <strong>d\u00e9classement Unesco potentiel<\/strong>, d\u2019une <strong>circulation d\u00e9grad\u00e9e<\/strong> et \u00e9voquant les craintes des habitants li\u00e9es \u00e0 la <strong>suppression du stationnement<\/strong>.<\/p>\n<p>Nouvelle base de travail pour l\u2019Eurom\u00e9tropole<\/p>\n<p class=\" wall-content\">Dans ses recommandations, la convention citoyenne insiste sur <strong>l\u2019\u00e9quit\u00e9 territoriale, la performance du tram et la n\u00e9cessit\u00e9 de concilier les usages<\/strong>\u2009: pi\u00e9tons, cyclistes, mais aussi automobilistes, l\u00e0 o\u00f9 les commissaires enqu\u00eateurs les trouvaient parfois l\u00e9s\u00e9s dans la premi\u00e8re mouture du projet.<\/p>\n<p class=\" wall-content\">Elle appelle aussi \u00e0 <strong>penser l\u2019intermodalit\u00e9<\/strong>, avec des <strong>parkings relais<\/strong>, et \u00e0 int\u00e9grer le projet dans une strat\u00e9gie plus large <strong>d\u2019adaptation climatique<\/strong>.<\/p>\n<p class=\" wall-content\">Ce trac\u00e9 citoyen constituera d\u00e9sormais <strong>la base du projet retravaill\u00e9 que l\u2019Eurom\u00e9tropole<\/strong> devra soumettre de nouveau \u00e0 la concertation et \u00e0 l\u2019enqu\u00eate publique\u2026 \u00e0 moins que les \u00e9lections municipales ne viennent tout remettre \u00e0 plat, comme le craignent MM. Philipps et Jakubowicz.<\/p>\n<p class=\" wall-content\">Personnalisez votre actualit\u00e9 en ajoutant vos villes et m\u00e9dias en favori avec <a href=\"https:\/\/moncompte.actu.fr\" title=\"D\u00e9couvez Mon Actu\" rel=\"nofollow noopener\" data-trk=\"{&quot;cta&quot;:{&quot;action&quot;:&quot;https:\\\/\\\/moncompte.actu.fr&quot;,&quot;category&quot;:&quot;mon compte&quot;,&quot;from&quot;:&quot;article footer&quot;,&quot;name&quot;:&quot;Mon actu&quot;,&quot;type&quot;:&quot;cta&quot;}}\" target=\"_blank\">Mon Actu<\/a>.<\/p>\n","protected":false},"excerpt":{"rendered":"Par Ivan CAPECCHI Publi\u00e9 le 10 oct. 2025 \u00e0 16h14 R\u00e9unis durant plusieurs mois, cent habitants tir\u00e9s au&hellip;\n","protected":false},"author":2,"featured_media":454108,"comment_status":"","ping_status":"","sticky":false,"template":"","format":"standard","meta":{"footnotes":""},"categories":[2820],"tags":[1111,11,1777,5342,674,1011,27,775,12,25,104,640,56934,2803],"class_list":{"0":"post-454107","1":"post","2":"type-post","3":"status-publish","4":"format-standard","5":"has-post-thumbnail","7":"category-strasbourg","8":"tag-actu","9":"tag-actualites","10":"tag-eu","11":"tag-eurometropole-de-strasbourg","12":"tag-europe","13":"tag-fr","14":"tag-france","15":"tag-grand-est","16":"tag-news","17":"tag-republique-francaise","18":"tag-societe","19":"tag-strasbourg","20":"tag-tram-nord-strasbourg","21":"tag-transport"},"share_on_mastodon":{"url":"https:\/\/pubeurope.com\/@fr\/115353484538350396","error":""},"_links":{"self":[{"href":"https:\/\/www.europesays.com\/fr\/wp-json\/wp\/v2\/posts\/454107","targetHints":{"allow":["GET"]}}],"collection":[{"href":"https:\/\/www.europesays.com\/fr\/wp-json\/wp\/v2\/posts"}],"about":[{"href":"https:\/\/www.europesays.com\/fr\/wp-json\/wp\/v2\/types\/post"}],"author":[{"embeddable":true,"href":"https:\/\/www.europesays.com\/fr\/wp-json\/wp\/v2\/users\/2"}],"replies":[{"embeddable":true,"href":"https:\/\/www.europesays.com\/fr\/wp-json\/wp\/v2\/comments?post=454107"}],"version-history":[{"count":0,"href":"https:\/\/www.europesays.com\/fr\/wp-json\/wp\/v2\/posts\/454107\/revisions"}],"wp:featuredmedia":[{"embeddable":true,"href":"https:\/\/www.europesays.com\/fr\/wp-json\/wp\/v2\/media\/454108"}],"wp:attachment":[{"href":"https:\/\/www.europesays.com\/fr\/wp-json\/wp\/v2\/media?parent=454107"}],"wp:term":[{"taxonomy":"category","embeddable":true,"href":"https:\/\/www.europesays.com\/fr\/wp-json\/wp\/v2\/categories?post=454107"},{"taxonomy":"post_tag","embeddable":true,"href":"https:\/\/www.europesays.com\/fr\/wp-json\/wp\/v2\/tags?post=454107"}],"curies":[{"name":"wp","href":"https:\/\/api.w.org\/{rel}","templated":true}]}}