{"id":454109,"date":"2025-10-11T03:47:30","date_gmt":"2025-10-11T03:47:30","guid":{"rendered":"https:\/\/www.europesays.com\/fr\/454109\/"},"modified":"2025-10-11T03:47:30","modified_gmt":"2025-10-11T03:47:30","slug":"saint-laurent-du-var-capitale-du-crime-le-temps-du-festival-du-polar","status":"publish","type":"post","link":"https:\/\/www.europesays.com\/fr\/454109\/","title":{"rendered":"Saint-Laurent-du-Var, capitale du crime&#8230; le temps du festival du polar !"},"content":{"rendered":"<p>                    <img loading=\"lazy\" decoding=\"async\" src=\"https:\/\/www.europesays.com\/fr\/wp-content\/uploads\/2025\/10\/197fa91d4657ca14e4028f396004f4.png\" class=\"img-responsive post-image\" width=\"680\" height=\"510\" alt=\"Saint-Laurent-du-Var, (\u2026)\" title=\"Saint-Laurent-du-Var, capitale du crime... le temps du festival du polar !\"\/><\/p>\n<p class=\"chapo\">Qui n\u2019a jamais frissonn\u00e9 seul dans son salon, happ\u00e9 par un roman de Franck Thilliez ou un thriller scandinave lu d\u2019une traite\u00a0? \u00c0 Saint-Laurent-du-Var, ces \u00e9motions trouvent un \u00e9cho bien r\u00e9el\u00a0: le temps d\u2019un week-end, la ville devient le th\u00e9\u00e2tre du crime \u2013 uniquement sur le papier, heureusement\u00a0!<\/p>\n<p>Le Festival du Polar, d\u00e9sormais un rendez-vous incontournable pour les amateurs d\u2019enqu\u00eates et de myst\u00e8res, revient les 11 et 12 octobre \u00e0 la salle Deboulle. Une trentaine d\u2019auteurs seront pr\u00e9sents pour d\u00e9dicaces, \u00e9changes et discussions autour de ce genre litt\u00e9raire qui ne cesse de s\u00e9duire de nouveaux lecteurs.<br class=\"texte\"\/><br \/>\nParmi eux, <strong>Franck Thilliez,<\/strong> invit\u00e9 d\u2019honneur de cette \u00e9dition 2025, viendra \u00e0 la rencontre de son public. L\u2019\u00e9crivain <strong>Antoine Renand,<\/strong> quant \u00e0 lui, recevra le prix des lecteurs pour La fille de Jonathan Becker.<\/p>\n<p>Murder party<\/p>\n<p><strong>Le festival ne se contente pas de pages \u00e0 tourner\u00a0: il se vit.<\/strong> Jeux d\u2019enqu\u00eate, r\u00e9alit\u00e9 virtuelle, murder party, exposition interactive, reconstitution de sc\u00e8ne de crime\u2026 les animations promettent une immersion totale dans l\u2019univers du suspense. Un moyen ludique et intelligent de red\u00e9couvrir le polar autrement, entre fiction et exp\u00e9rience sensorielle.<br class=\"autobr\"\/><br \/>\nEn avant-premi\u00e8re, vendredi 10 octobre \u00e0 20h30, le ton sera donn\u00e9 avec la pi\u00e8ce \u00c0 contresens,  \u00e9crite et interpr\u00e9t\u00e9e par <strong>Thierry Roudil<\/strong>, ancien policier devenu com\u00e9dien. Il y raconte sa trajectoire singuli\u00e8re, entre faits r\u00e9els et jeu de sc\u00e8ne, au Conservatoire municipal (r\u00e9servations sur <a href=\"https:\/\/billetterie.saintlaurentduvar.fr\/\" class=\"spip_out\" rel=\"external nofollow noopener\" target=\"_blank\">billetterie.saintlaurentduvar.fr<\/a>).<\/p>\n<p><strong>Gratuit et ouvert \u00e0 tous, le Festival du Polar cultive cette proximit\u00e9 rare entre auteurs et lecteurs, o\u00f9 chaque mot devient indice et chaque rencontre, un d\u00e9but d\u2019enqu\u00eate. S\u00fbrement est-ce l\u00e0 aussi, dans ce dialogue direct, que r\u00e9side le v\u00e9ritable charme du festival\u00a0: ce moment o\u00f9 le myst\u00e8re quitte la page pour s\u2019incarner, l\u2019espace d\u2019un week-end, dans les rues d\u2019une ville qui aime frissonner\u00a0!<\/strong><\/p>\n<p>Visuel de une (d\u00e9tail de l\u2019affiche) \u00a9 Ville de Saint Laurent du Var<\/p>\n","protected":false},"excerpt":{"rendered":"Qui n\u2019a jamais frissonn\u00e9 seul dans son salon, happ\u00e9 par un roman de Franck Thilliez ou un thriller&hellip;\n","protected":false},"author":2,"featured_media":454110,"comment_status":"","ping_status":"","sticky":false,"template":"","format":"standard","meta":{"footnotes":""},"categories":[2819],"tags":[1111,11,2408,1777,674,1011,27,12,2401,882,25],"class_list":{"0":"post-454109","1":"post","2":"type-post","3":"status-publish","4":"format-standard","5":"has-post-thumbnail","7":"category-nice","8":"tag-actu","9":"tag-actualites","10":"tag-appels-d","11":"tag-eu","12":"tag-europe","13":"tag-fr","14":"tag-france","15":"tag-news","16":"tag-nice","17":"tag-provence-alpes-cote-dazur","18":"tag-republique-francaise"},"share_on_mastodon":{"url":"https:\/\/pubeurope.com\/@fr\/115353488191228633","error":""},"_links":{"self":[{"href":"https:\/\/www.europesays.com\/fr\/wp-json\/wp\/v2\/posts\/454109","targetHints":{"allow":["GET"]}}],"collection":[{"href":"https:\/\/www.europesays.com\/fr\/wp-json\/wp\/v2\/posts"}],"about":[{"href":"https:\/\/www.europesays.com\/fr\/wp-json\/wp\/v2\/types\/post"}],"author":[{"embeddable":true,"href":"https:\/\/www.europesays.com\/fr\/wp-json\/wp\/v2\/users\/2"}],"replies":[{"embeddable":true,"href":"https:\/\/www.europesays.com\/fr\/wp-json\/wp\/v2\/comments?post=454109"}],"version-history":[{"count":0,"href":"https:\/\/www.europesays.com\/fr\/wp-json\/wp\/v2\/posts\/454109\/revisions"}],"wp:featuredmedia":[{"embeddable":true,"href":"https:\/\/www.europesays.com\/fr\/wp-json\/wp\/v2\/media\/454110"}],"wp:attachment":[{"href":"https:\/\/www.europesays.com\/fr\/wp-json\/wp\/v2\/media?parent=454109"}],"wp:term":[{"taxonomy":"category","embeddable":true,"href":"https:\/\/www.europesays.com\/fr\/wp-json\/wp\/v2\/categories?post=454109"},{"taxonomy":"post_tag","embeddable":true,"href":"https:\/\/www.europesays.com\/fr\/wp-json\/wp\/v2\/tags?post=454109"}],"curies":[{"name":"wp","href":"https:\/\/api.w.org\/{rel}","templated":true}]}}